{"id":4568,"date":"2025-09-06T17:08:01","date_gmt":"2025-09-06T17:08:01","guid":{"rendered":"https:\/\/conadeh.hn\/?p=4568"},"modified":"2025-09-06T17:10:56","modified_gmt":"2025-09-06T17:10:56","slug":"con-lanzamiento-de-campana-se-busca-visibilizar-la-desaparicion-de-personas-en-honduras","status":"publish","type":"post","link":"https:\/\/conadeh.hn\/?p=4568","title":{"rendered":"Con lanzamiento de campa\u00f1a se busca visibilizar la desaparici\u00f3n de personas en Honduras"},"content":{"rendered":"\t\t<div data-elementor-type=\"wp-post\" data-elementor-id=\"4568\" class=\"elementor elementor-4568\">\n\t\t\t\t<div class=\"elementor-element elementor-element-537a708 e-flex e-con-boxed e-con e-parent\" data-id=\"537a708\" data-element_type=\"container\" data-e-type=\"container\">\n\t\t\t\t\t<div class=\"e-con-inner\">\n\t\t\t\t<div class=\"elementor-element elementor-element-a42b22b elementor-widget elementor-widget-text-editor\" data-id=\"a42b22b\" data-element_type=\"widget\" data-e-type=\"widget\" data-widget_type=\"text-editor.default\">\n\t\t\t\t<div class=\"elementor-widget-container\">\n\t\t\t\t\t\t\t\t\t<p><strong>Con lanzamiento de campa\u00f1a se busca visibilizar la desaparici\u00f3n de personas en Honduras<\/strong><\/p><p>El Comisionado Nacional de los Derechos Humanos (CONADEH) lanzar\u00e1, este lunes, una campa\u00f1a encaminada a visibilizar la problem\u00e1tica de la desaparici\u00f3n de personas y sensibilizar tanto a la ciudadan\u00eda como a tomadores de decisiones y otros actores clave sobre el impacto y la necesidad implementar estrategias que brinden una respuesta estatal integral a este fen\u00f3meno.<\/p><p>En el marco del lanzamiento de la campa\u00f1a \u201cLa Ausencia Tiene Nombre, una llamada a la memoria, la justicia y la acci\u00f3n\u201d, el CONADEH tambi\u00e9n realizar\u00e1 un conversatorio que busca identificar las barreras normativas, operativas y estructurales que obstaculizan la aplicaci\u00f3n efectiva de los protocolos de b\u00fasqueda de centenares de personas.<\/p><p>El evento tambi\u00e9n pretende generar un intercambio reflexivo y propositivo sobre el rol que cada actor desempe\u00f1a en la implementaci\u00f3n de los protocolos de b\u00fasqueda, los principales logros alcanzados, as\u00ed como los desaf\u00edos persistentes en los procesos de localizaci\u00f3n de personas desaparecidas, tanto dentro como fuera del territorio nacional.<\/p><p>En Honduras, la desaparici\u00f3n de personas constituye una crisis persistente que adopta m\u00faltiples manifestaciones, incluyendo la violencia, la migraci\u00f3n forzada, la trata de personas y los conflictos sociales se\u00f1al\u00f3 el ente estatal<\/p><p>Aunque este fen\u00f3meno no siempre goza de la visibilidad medi\u00e1tica de otras problem\u00e1ticas, se encuentra profundamente arraigado en el pa\u00eds, dejando un impacto grave y perjudicial en las familias y comunidades, vulnerando derechos fundamentales y generando un clima sostenido de incertidumbre, angustia y dolor.<\/p><p>La falta de datos oficiales impide conocer la magnitud del problema sobre la desaparici\u00f3n de personas, sin embargo, los comit\u00e9s de familiares de personas migrantes desaparecidas estiman, en su base de datos, que hasta mediados del 2025 se reportaban alrededor de 890 casos, de los cuales, 814 corresponden a migrantes hondure\u00f1os no localizados pertenecientes a unas 766 familias.<\/p><p>\u00a0Por su parte, el Banco Forense registra 1,872 perfiles gen\u00e9ticos de familias hondure\u00f1as en la b\u00fasqueda de sus seres queridos desaparecidos.<\/p><p>El CONADEH y diversas organizaciones de sociedad civil exhortaran al Estado hondure\u00f1o a aprobar la Ley de B\u00fasqueda y Protecci\u00f3n Jur\u00eddica de\u00a0\u00a0 Personas Desaparecidas y de sus Familiares.<\/p><p>La actividad que se llevar\u00e1 a cabo en la sede del CONADEH, a partir de las 9 de la ma\u00f1ana, contar\u00e1 con la participaci\u00f3n, como panelistas, de representantes de las secretar\u00edas de Seguridad y de Relaciones Exteriores, del Ministerio P\u00fablico y del Comisionado Nacional de los Derechos Humanos.<\/p><p>Adem\u00e1s, estar\u00e1 presentes como invitados diputados del Congreso Nacional, representantes de la Corte Suprema de Justicia, de comit\u00e9s de familiares de personas desaparecidas y de otras organizaciones de sociedad civil.<\/p>\t\t\t\t\t\t\t\t<\/div>\n\t\t\t\t<\/div>\n\t\t\t\t<div class=\"elementor-element elementor-element-95e8ba8 elementor-widget elementor-widget-image\" data-id=\"95e8ba8\" data-element_type=\"widget\" data-e-type=\"widget\" data-widget_type=\"image.default\">\n\t\t\t\t<div class=\"elementor-widget-container\">\n\t\t\t\t\t\t\t\t\t\t\t\t\t\t\t<img fetchpriority=\"high\" decoding=\"async\" width=\"750\" height=\"549\" src=\"https:\/\/conadeh.hn\/wp-content\/uploads\/2025\/09\/la-ausesncia-no-tiene-nombre.jpg\" class=\"attachment-large size-large wp-image-4570\" alt=\"\" srcset=\"https:\/\/conadeh.hn\/wp-content\/uploads\/2025\/09\/la-ausesncia-no-tiene-nombre.jpg 1080w, https:\/\/conadeh.hn\/wp-content\/uploads\/2025\/09\/la-ausesncia-no-tiene-nombre-300x219.jpg 300w, https:\/\/conadeh.hn\/wp-content\/uploads\/2025\/09\/la-ausesncia-no-tiene-nombre-768x562.jpg 768w\" sizes=\"(max-width: 750px) 100vw, 750px\" \/>\t\t\t\t\t\t\t\t\t\t\t\t\t\t\t<\/div>\n\t\t\t\t<\/div>\n\t\t\t\t\t<\/div>\n\t\t\t\t<\/div>\n\t\t\t\t<\/div>\n\t\t","protected":false},"excerpt":{"rendered":"<p>Con lanzamiento de campa\u00f1a se busca visibilizar la desaparici\u00f3n de personas en Honduras El Comisionado Nacional de los Derechos Humanos (CONADEH) lanzar\u00e1, este lunes, una campa\u00f1a encaminada a visibilizar la problem\u00e1tica de la desaparici\u00f3n de personas y sensibilizar tanto a la ciudadan\u00eda como a tomadores de decisiones y otros actores [&hellip;]<\/p>\n","protected":false},"author":2,"featured_media":4570,"comment_status":"closed","ping_status":"closed","sticky":false,"template":"","format":"standard","meta":{"saved_in_kubio":false,"_themeisle_gutenberg_block_has_review":false,"_kadence_starter_templates_imported_post":false,"footnotes":""},"categories":[1],"tags":[],"class_list":["post-4568","post","type-post","status-publish","format-standard","has-post-thumbnail","hentry","category-uncategorized"],"_links":{"self":[{"href":"https:\/\/conadeh.hn\/index.php?rest_route=\/wp\/v2\/posts\/4568","targetHints":{"allow":["GET"]}}],"collection":[{"href":"https:\/\/conadeh.hn\/index.php?rest_route=\/wp\/v2\/posts"}],"about":[{"href":"https:\/\/conadeh.hn\/index.php?rest_route=\/wp\/v2\/types\/post"}],"author":[{"embeddable":true,"href":"https:\/\/conadeh.hn\/index.php?rest_route=\/wp\/v2\/users\/2"}],"replies":[{"embeddable":true,"href":"https:\/\/conadeh.hn\/index.php?rest_route=%2Fwp%2Fv2%2Fcomments&post=4568"}],"version-history":[{"count":4,"href":"https:\/\/conadeh.hn\/index.php?rest_route=\/wp\/v2\/posts\/4568\/revisions"}],"predecessor-version":[{"id":4573,"href":"https:\/\/conadeh.hn\/index.php?rest_route=\/wp\/v2\/posts\/4568\/revisions\/4573"}],"wp:featuredmedia":[{"embeddable":true,"href":"https:\/\/conadeh.hn\/index.php?rest_route=\/wp\/v2\/media\/4570"}],"wp:attachment":[{"href":"https:\/\/conadeh.hn\/index.php?rest_route=%2Fwp%2Fv2%2Fmedia&parent=4568"}],"wp:term":[{"taxonomy":"category","embeddable":true,"href":"https:\/\/conadeh.hn\/index.php?rest_route=%2Fwp%2Fv2%2Fcategories&post=4568"},{"taxonomy":"post_tag","embeddable":true,"href":"https:\/\/conadeh.hn\/index.php?rest_route=%2Fwp%2Fv2%2Ftags&post=4568"}],"curies":[{"name":"wp","href":"https:\/\/api.w.org\/{rel}","templated":true}]}}