{"id":4520,"date":"2025-08-08T21:16:12","date_gmt":"2025-08-08T21:16:12","guid":{"rendered":"https:\/\/conadeh.hn\/?p=4520"},"modified":"2025-08-08T21:17:48","modified_gmt":"2025-08-08T21:17:48","slug":"advierte-el-conadeh-pueblos-indigenas-victimas-de-amenazas-despojo-de-tierras-y-desplazamiento-forzado","status":"publish","type":"post","link":"https:\/\/conadeh.hn\/?p=4520","title":{"rendered":"Advierte el CONADEH: Pueblos ind\u00edgenas, v\u00edctimas de amenazas, despojo de tierras y desplazamiento forzado"},"content":{"rendered":"\t\t<div data-elementor-type=\"wp-post\" data-elementor-id=\"4520\" class=\"elementor elementor-4520\">\n\t\t\t\t<div class=\"elementor-element elementor-element-87ca0aa e-flex e-con-boxed e-con e-parent\" data-id=\"87ca0aa\" data-element_type=\"container\" data-e-type=\"container\">\n\t\t\t\t\t<div class=\"e-con-inner\">\n\t\t\t\t<div class=\"elementor-element elementor-element-ba766f1 elementor-widget elementor-widget-text-editor\" data-id=\"ba766f1\" data-element_type=\"widget\" data-e-type=\"widget\" data-widget_type=\"text-editor.default\">\n\t\t\t\t<div class=\"elementor-widget-container\">\n\t\t\t\t\t\t\t\t\t<p><strong><u>Advierte el CONADEH:<\/u><\/strong><\/p><p><strong>Pueblos ind\u00edgenas, v\u00edctimas de amenazas, despojo de tierras y desplazamiento forzado<\/strong><\/p><ul><li><strong>La situaci\u00f3n, que afecta a los pueblos ind\u00edgenas es creciente y de tal magnitud que, \u00a0entre el 2021 y mayo del 2025, el CONADEH atendi\u00f3 155 quejas que representan el 70% de los 221 casos atendidos, por este ente estatal, desde el a\u00f1o 2016.<\/strong><\/li><\/ul><p>La violencia generalizada y el conflicto por el control territorial ejercen una presi\u00f3n constante sobre las poblaciones ind\u00edgenas de Honduras, situaci\u00f3n que pone en riesgo no solo su integridad f\u00edsica, sino que su derecho a la vida, la seguridad y a permanecer en sus territorios ancestrales, denunci\u00f3 hoy el Comisionado Nacional de los Derechos Humanos (CONADEH).<\/p><p>El ente estatal de derechos humanos indic\u00f3 que, para avanzar en el cumplimiento de las obligaciones\u00a0 internacionales de garant\u00eda y protecci\u00f3n a los\u00a0 derechos humanos de los pueblos ind\u00edgenas, el Estado de Honduras debe atender de manera oportuna, las causas estructurales que se constituyen en detonantes del desplazamiento forzado.<\/p><p>En el marco del D\u00eda Internacional\u00a0 de los Pueblos Ind\u00edgenas, \u00a0el CONADEH fue contundente al se\u00f1alar que, los pueblos ind\u00edgenas enfrentan una situaci\u00f3n cr\u00edtica a causa de la desprotecci\u00f3n de sus derechos sobre sus tierras y los actos de violencia de los que son v\u00edctimas por reivindicar sus derechos en un contexto de impunidad y de falta de acceso a la justicia.<\/p><p>Frank Cruz, coordinador de la Defensor\u00eda de Pueblos Ind\u00edgenas y Afro-hondure\u00f1os del CONADEH , declar\u00f3 que, cuando el fen\u00f3meno del desplazamiento interno afecta o pone en riego los derechos humanos de personas que se encuentran en situaci\u00f3n de vulnerabilidad es precisamente \u00a0por la desprotecci\u00f3n del Estado.<\/p><p>Record\u00f3 que, en agosto del 2023, la Corte Interamericana de los Derechos Humanos estableci\u00f3 la responsabilidad internacional del Estado de Honduras por la falta de protecci\u00f3n de las tierras ancestrales, as\u00ed\u0301 como las alegadas amenazas contra varios de sus lideres y lideresas.<\/p><p><strong>Ataques contra personas de pueblos ind\u00edgenas arreciaron a partir del 2021<\/strong><\/p><p>El CONADEH revel\u00f3 que, entre el 2016 y\u00a0 mayo del 2025, atendi\u00f3 221 quejas de personas de, al menos, 6 pueblos ind\u00edgenas que denunciaron estar en riesgo y ser v\u00edctimas de desplazamiento y que, en la mayor\u00eda de los casos, est\u00e1n asociadas con amenazas y el despojo de sus tierras.<\/p><p>La Instituci\u00f3n Nacional de Derechos Humanos tambi\u00e9n hizo referencia que, las personas que acudieron a interponer sus quejas, el 52% son mujeres mientras que el 48% son hombres.<\/p><p>Adem\u00e1s, indic\u00f3 que, de las personas que denunciaron estar en riesgo o ser v\u00edctimas de desplazamiento forzado el 62% pertenecen al pueblo misquito, el 16% a los lencas, el 13% a los gar\u00edfunas,\u00a0 el 3% a los tolupanes, el 3% a los Maya Chort\u00ed y otro 3% de los negros de habla inglesa.<\/p><p>La situaci\u00f3n que afecta a los pueblos ind\u00edgenas, es de tal magnitud \u00a0que 155 quejas, que representan el 70% de los casos, fueron atendidas en los \u00faltimos 53 meses (2021-mayo 2025), 25 en el a\u00f1o 2021, 44 en el 2022, 42 en el 2023, 31 en el 2024 y 13 entre enero y mayo del 2025.<\/p><p>En las 221 quejas atendidas por el CONADEH, el 39% denunci\u00f3 ser objeto de amenazas, un 28% de despojo de tierra, de propiedad o vivienda, el 13% por el asesinato de parientes y un 3% v\u00edctimas de extorsi\u00f3n.<\/p><p>Entre los principales agresores denunciados figuran miembros de las fuerzas de seguridad del Estado, bandas criminales, personas desconocidas, miembros del crimen organizado y personas conocidas.<\/p><p>El CONADEH reiter\u00f3 su compromiso irrenunciable con la protecci\u00f3n y promoci\u00f3n de los derechos humanos\u00a0 con los pueblos ind\u00edgenas y afro-hondure\u00f1os<\/p><p>El D\u00eda Internacional de los Pueblos Ind\u00edgenas, que se conmemora el 9 de agosto de cada a\u00f1o,\u00a0 es para reconocer\u00a0 y celebrar su fortaleza, su profundo respeto por la naturaleza y su incansable lucha por la defensa de sus tierras, su territorio y el medio ambiente, concluy\u00f3 el CONADEH.<\/p><p>Entre los pueblos originarios de Honduras figuran los Misquitos, Tawahka, Maya Chort\u00ed, Nahua, Pech, Lenca y Tolup\u00e1n y personas afro-hondure\u00f1as integradas por gar\u00edfunas y negros de habla inglesa.<\/p>\t\t\t\t\t\t\t\t<\/div>\n\t\t\t\t<\/div>\n\t\t\t\t\t<\/div>\n\t\t\t\t<\/div>\n\t\t<div class=\"elementor-element elementor-element-386b590 e-flex e-con-boxed e-con e-parent\" data-id=\"386b590\" data-element_type=\"container\" data-e-type=\"container\">\n\t\t\t\t\t<div class=\"e-con-inner\">\n\t\t\t\t<div class=\"elementor-element elementor-element-2da2848 elementor-widget elementor-widget-image\" data-id=\"2da2848\" data-element_type=\"widget\" data-e-type=\"widget\" data-widget_type=\"image.default\">\n\t\t\t\t<div class=\"elementor-widget-container\">\n\t\t\t\t\t\t\t\t\t\t\t\t\t\t\t<img fetchpriority=\"high\" decoding=\"async\" width=\"750\" height=\"750\" src=\"https:\/\/conadeh.hn\/wp-content\/uploads\/2025\/08\/infografia-pueblos-indigenas-1-2560x2560.jpg\" class=\"attachment-large size-large wp-image-4522\" alt=\"\" srcset=\"https:\/\/conadeh.hn\/wp-content\/uploads\/2025\/08\/infografia-pueblos-indigenas-1-2560x2560.jpg 2560w, https:\/\/conadeh.hn\/wp-content\/uploads\/2025\/08\/infografia-pueblos-indigenas-1-300x300.jpg 300w, https:\/\/conadeh.hn\/wp-content\/uploads\/2025\/08\/infografia-pueblos-indigenas-1-150x150.jpg 150w, https:\/\/conadeh.hn\/wp-content\/uploads\/2025\/08\/infografia-pueblos-indigenas-1-768x768.jpg 768w, https:\/\/conadeh.hn\/wp-content\/uploads\/2025\/08\/infografia-pueblos-indigenas-1-1536x1536.jpg 1536w, https:\/\/conadeh.hn\/wp-content\/uploads\/2025\/08\/infografia-pueblos-indigenas-1-2048x2048.jpg 2048w, https:\/\/conadeh.hn\/wp-content\/uploads\/2025\/08\/infografia-pueblos-indigenas-1-1080x1080.jpg 1080w\" sizes=\"(max-width: 750px) 100vw, 750px\" \/>\t\t\t\t\t\t\t\t\t\t\t\t\t\t\t<\/div>\n\t\t\t\t<\/div>\n\t\t\t\t\t<\/div>\n\t\t\t\t<\/div>\n\t\t\t\t<\/div>\n\t\t","protected":false},"excerpt":{"rendered":"<p>Advierte el CONADEH: Pueblos ind\u00edgenas, v\u00edctimas de amenazas, despojo de tierras y desplazamiento forzado La situaci\u00f3n, que afecta a los pueblos ind\u00edgenas es creciente y de tal magnitud que, \u00a0entre el 2021 y mayo del 2025, el CONADEH atendi\u00f3 155 quejas que representan el 70% de los 221 casos atendidos, [&hellip;]<\/p>\n","protected":false},"author":2,"featured_media":4522,"comment_status":"closed","ping_status":"closed","sticky":false,"template":"","format":"standard","meta":{"saved_in_kubio":false,"_themeisle_gutenberg_block_has_review":false,"_kadence_starter_templates_imported_post":false,"footnotes":""},"categories":[1],"tags":[],"class_list":["post-4520","post","type-post","status-publish","format-standard","has-post-thumbnail","hentry","category-uncategorized"],"_links":{"self":[{"href":"https:\/\/conadeh.hn\/index.php?rest_route=\/wp\/v2\/posts\/4520","targetHints":{"allow":["GET"]}}],"collection":[{"href":"https:\/\/conadeh.hn\/index.php?rest_route=\/wp\/v2\/posts"}],"about":[{"href":"https:\/\/conadeh.hn\/index.php?rest_route=\/wp\/v2\/types\/post"}],"author":[{"embeddable":true,"href":"https:\/\/conadeh.hn\/index.php?rest_route=\/wp\/v2\/users\/2"}],"replies":[{"embeddable":true,"href":"https:\/\/conadeh.hn\/index.php?rest_route=%2Fwp%2Fv2%2Fcomments&post=4520"}],"version-history":[{"count":4,"href":"https:\/\/conadeh.hn\/index.php?rest_route=\/wp\/v2\/posts\/4520\/revisions"}],"predecessor-version":[{"id":4525,"href":"https:\/\/conadeh.hn\/index.php?rest_route=\/wp\/v2\/posts\/4520\/revisions\/4525"}],"wp:featuredmedia":[{"embeddable":true,"href":"https:\/\/conadeh.hn\/index.php?rest_route=\/wp\/v2\/media\/4522"}],"wp:attachment":[{"href":"https:\/\/conadeh.hn\/index.php?rest_route=%2Fwp%2Fv2%2Fmedia&parent=4520"}],"wp:term":[{"taxonomy":"category","embeddable":true,"href":"https:\/\/conadeh.hn\/index.php?rest_route=%2Fwp%2Fv2%2Fcategories&post=4520"},{"taxonomy":"post_tag","embeddable":true,"href":"https:\/\/conadeh.hn\/index.php?rest_route=%2Fwp%2Fv2%2Ftags&post=4520"}],"curies":[{"name":"wp","href":"https:\/\/api.w.org\/{rel}","templated":true}]}}