{"id":4373,"date":"2025-06-13T15:33:25","date_gmt":"2025-06-13T15:33:25","guid":{"rendered":"https:\/\/conadeh.hn\/?p=4373"},"modified":"2025-06-13T15:58:29","modified_gmt":"2025-06-13T15:58:29","slug":"conadeh-califica-de-alarmante-mas-de-un-millon-de-ninos-y-ninas-trabajan-en-honduras","status":"publish","type":"post","link":"https:\/\/conadeh.hn\/?p=4373","title":{"rendered":"CONADEH califica de \u201cAlarmante\u201d: M\u00e1s de un mill\u00f3n de ni\u00f1os y ni\u00f1as trabajan en Honduras"},"content":{"rendered":"\t\t<div data-elementor-type=\"wp-post\" data-elementor-id=\"4373\" class=\"elementor elementor-4373\">\n\t\t\t\t<div class=\"elementor-element elementor-element-4eb9cad e-flex e-con-boxed e-con e-parent\" data-id=\"4eb9cad\" data-element_type=\"container\" data-e-type=\"container\">\n\t\t\t\t\t<div class=\"e-con-inner\">\n\t\t\t\t<div class=\"elementor-element elementor-element-51f481c elementor-widget elementor-widget-text-editor\" data-id=\"51f481c\" data-element_type=\"widget\" data-e-type=\"widget\" data-widget_type=\"text-editor.default\">\n\t\t\t\t<div class=\"elementor-widget-container\">\n\t\t\t\t\t\t\t\t\t<p><strong><u>CONADEH califica de \u201cAlarmante\u201d<\/u>: <\/strong><\/p><p><strong>M\u00e1s de un mill\u00f3n de ni\u00f1os y ni\u00f1as trabajan en Honduras<\/strong><\/p><p>El Comisionado Nacional de los\u00a0 Derechos Humanos (CONADEH) calific\u00f3 de \u201calarmante\u201d que, en Honduras,\u00a0 m\u00e1s de un mill\u00f3n de ni\u00f1as y ni\u00f1os tengan que trabajar,\u00a0 muchos de ellos en condiciones peligrosas, para cubrir algunas necesidades personales o familiares, dejando a un lado su educaci\u00f3n y las actividades recreativas, situaci\u00f3n que limita sus posibilidades de desarrollo.<\/p><p>En el marco del D\u00eda Mundial contra el Trabajo Infantil, el CONADEH inst\u00f3 al Estado hondure\u00f1o a implementar pol\u00edticas p\u00fablicas orientadas a erradicar el trabajo infantil ya que pone en peligro la salud y el bienestar de la infancia y afecta derechos fundamentales como la educaci\u00f3n y recreaci\u00f3n, situaci\u00f3n que perpetua la pobreza y la desigualdad.<\/p><p>C\u00e1ndida Maradiaga, coordinadora de la Defensor\u00eda de la Ni\u00f1ez del CONADEH, declar\u00f3 que \u201ces una situaci\u00f3n preocupante porque tiene un impacto negativo en derechos fundamentales como el de la educaci\u00f3n, seguridad, salud y la recreaci\u00f3n, situaci\u00f3n que limita su crecimiento y desarrollo en condiciones \u00f3ptimas\u201d.<\/p><p>En los mercados vemos a ni\u00f1os de cinco a\u00f1os vendiendo frutas, verduras, agua, actividad que realizan todo el d\u00eda, en condiciones de riesgo, lo que les impide tener acceso a la educaci\u00f3n y la recreaci\u00f3n, sostuvo.<\/p><p>Indic\u00f3 que muchos ni\u00f1os trabajan para subsistir y que el dinero que recogen de la venta se lo entregan a su familia como un mecanismo de colaboraci\u00f3n para los gastos en el hogar.<\/p><p>Maradiaga compar\u00f3 que hay trabajos que realizan algunos ni\u00f1os bajo la vigilancia de sus padres, lo cual no es malo, ya que les genera capacidades y habilidades, lo que contribuye a su desarrollo.<\/p><p>Sin embargo, cuando los ni\u00f1os y las ni\u00f1as realizan trabajos sin protecci\u00f3n, vigilancia y la supervisi\u00f3n\u00a0 de sus padres o encargados, esa labor se convierte en un trabajo de alto riesgo para su salud f\u00edsica, mental o psicol\u00f3gica.<\/p><p>Se\u00f1al\u00f3 que muchos ni\u00f1os y ni\u00f1as son v\u00edctimas de acoso, de abuso sexual o de trata\u00a0 de personas, porque son blanco f\u00e1cil\u00a0 para las personas que se dedican a esa\u00a0 actividad delictiva.<\/p><p>Adem\u00e1s, muchos ni\u00f1os son v\u00edctimas del reclutamiento forzado por miembros de maras o del crimen organizado para realizar trabajos forzados y peligrosos.<\/p><p>Declar\u00f3 que, en trabajos que tienen que ver con la agricultura y la ganader\u00eda, que es donde se concentra el mayor n\u00famero de casos, \u00a0los ni\u00f1os est\u00e1n m\u00e1s expuestos a situaciones de peligro para su salud, por el tipo de pesticidas que se utilizan.<\/p><p>Maradiaga revel\u00f3 que el trabajo infantil es m\u00e1s evidente en ciudades grandes como San Pedro Sula en Cort\u00e9s y el Municipio del Distrito Central en Francisco Moraz\u00e1n, donde muchos\u00a0 ni\u00f1os son utilizados, por adultos, para actividades que afectan su desarrollo.<\/p><p>Se estima que, en Honduras, m\u00e1s de un mill\u00f3n de ni\u00f1os y ni\u00f1as realizan actividades econ\u00f3micas o tareas dom\u00e9sticas muchas veces en condiciones peligrosas.<\/p><p>La Encuesta Permanente de Hogares de Prop\u00f3sitos M\u00faltiples (EPHPM) de Junio 2022 revel\u00f3 que la poblaci\u00f3n entre 5 y 17 a\u00f1os es de 2,493,468 ni\u00f1os y ni\u00f1as.<\/p><p>Se estima que el 88.9% de los ni\u00f1os con edades que oscilan entre los 5 y los 9 a\u00f1os solo estudian, sin embargo, a medida que la edad va subiendo el porcentaje de ni\u00f1os que solo estudian disminuye not\u00e1ndose un alza significativa de los ni\u00f1os que solo trabajan, principalmente con los que tienen edades que oscilan entre los \u00a015 y los \u00a017 a\u00f1os.<\/p><p>Otro dato relevante es que, los a\u00f1os de estudio promedio de la poblaci\u00f3n de 5 a 17 a\u00f1os que trabaja, a nivel nacional, es de 4.5 a\u00f1os, siendo mayor en el \u00e1rea urbana (4.8) que en el \u00e1rea rural que es de 4.2.<\/p>\t\t\t\t\t\t\t\t<\/div>\n\t\t\t\t<\/div>\n\t\t\t\t<div class=\"elementor-element elementor-element-cbffa67 elementor-widget elementor-widget-image\" data-id=\"cbffa67\" data-element_type=\"widget\" data-e-type=\"widget\" data-widget_type=\"image.default\">\n\t\t\t\t<div class=\"elementor-widget-container\">\n\t\t\t\t\t\t\t\t\t\t\t\t\t\t\t<img fetchpriority=\"high\" decoding=\"async\" width=\"750\" height=\"563\" src=\"https:\/\/conadeh.hn\/wp-content\/uploads\/2025\/06\/nino.jpg\" class=\"attachment-large size-large wp-image-4374\" alt=\"\" srcset=\"https:\/\/conadeh.hn\/wp-content\/uploads\/2025\/06\/nino.jpg 1200w, https:\/\/conadeh.hn\/wp-content\/uploads\/2025\/06\/nino-300x225.jpg 300w, https:\/\/conadeh.hn\/wp-content\/uploads\/2025\/06\/nino-768x576.jpg 768w\" sizes=\"(max-width: 750px) 100vw, 750px\" \/>\t\t\t\t\t\t\t\t\t\t\t\t\t\t\t<\/div>\n\t\t\t\t<\/div>\n\t\t\t\t\t<\/div>\n\t\t\t\t<\/div>\n\t\t\t\t<\/div>\n\t\t","protected":false},"excerpt":{"rendered":"<p>CONADEH califica de \u201cAlarmante\u201d: M\u00e1s de un mill\u00f3n de ni\u00f1os y ni\u00f1as trabajan en Honduras El Comisionado Nacional de los\u00a0 Derechos Humanos (CONADEH) calific\u00f3 de \u201calarmante\u201d que, en Honduras,\u00a0 m\u00e1s de un mill\u00f3n de ni\u00f1as y ni\u00f1os tengan que trabajar,\u00a0 muchos de ellos en condiciones peligrosas, para cubrir algunas necesidades [&hellip;]<\/p>\n","protected":false},"author":2,"featured_media":4374,"comment_status":"closed","ping_status":"closed","sticky":false,"template":"","format":"standard","meta":{"saved_in_kubio":false,"_themeisle_gutenberg_block_has_review":false,"_kadence_starter_templates_imported_post":false,"footnotes":""},"categories":[1],"tags":[],"class_list":["post-4373","post","type-post","status-publish","format-standard","has-post-thumbnail","hentry","category-uncategorized"],"_links":{"self":[{"href":"https:\/\/conadeh.hn\/index.php?rest_route=\/wp\/v2\/posts\/4373","targetHints":{"allow":["GET"]}}],"collection":[{"href":"https:\/\/conadeh.hn\/index.php?rest_route=\/wp\/v2\/posts"}],"about":[{"href":"https:\/\/conadeh.hn\/index.php?rest_route=\/wp\/v2\/types\/post"}],"author":[{"embeddable":true,"href":"https:\/\/conadeh.hn\/index.php?rest_route=\/wp\/v2\/users\/2"}],"replies":[{"embeddable":true,"href":"https:\/\/conadeh.hn\/index.php?rest_route=%2Fwp%2Fv2%2Fcomments&post=4373"}],"version-history":[{"count":3,"href":"https:\/\/conadeh.hn\/index.php?rest_route=\/wp\/v2\/posts\/4373\/revisions"}],"predecessor-version":[{"id":4377,"href":"https:\/\/conadeh.hn\/index.php?rest_route=\/wp\/v2\/posts\/4373\/revisions\/4377"}],"wp:featuredmedia":[{"embeddable":true,"href":"https:\/\/conadeh.hn\/index.php?rest_route=\/wp\/v2\/media\/4374"}],"wp:attachment":[{"href":"https:\/\/conadeh.hn\/index.php?rest_route=%2Fwp%2Fv2%2Fmedia&parent=4373"}],"wp:term":[{"taxonomy":"category","embeddable":true,"href":"https:\/\/conadeh.hn\/index.php?rest_route=%2Fwp%2Fv2%2Fcategories&post=4373"},{"taxonomy":"post_tag","embeddable":true,"href":"https:\/\/conadeh.hn\/index.php?rest_route=%2Fwp%2Fv2%2Ftags&post=4373"}],"curies":[{"name":"wp","href":"https:\/\/api.w.org\/{rel}","templated":true}]}}