{"id":4356,"date":"2025-06-06T19:25:32","date_gmt":"2025-06-06T19:25:32","guid":{"rendered":"https:\/\/conadeh.hn\/?p=4356"},"modified":"2025-06-06T19:29:53","modified_gmt":"2025-06-06T19:29:53","slug":"conadeh-solicitara-ante-la-cidh-medidas-cautelares-para-las-personas-privados-de-libertad","status":"publish","type":"post","link":"https:\/\/conadeh.hn\/?p=4356","title":{"rendered":"CONADEH solicitar\u00e1 ante la CIDH medidas cautelares para las personas privados de libertad"},"content":{"rendered":"\t\t<div data-elementor-type=\"wp-post\" data-elementor-id=\"4356\" class=\"elementor elementor-4356\">\n\t\t\t\t<div class=\"elementor-element elementor-element-3a788a0 e-flex e-con-boxed e-con e-parent\" data-id=\"3a788a0\" data-element_type=\"container\" data-e-type=\"container\">\n\t\t\t\t\t<div class=\"e-con-inner\">\n\t\t\t\t<div class=\"elementor-element elementor-element-8d9a19e elementor-widget elementor-widget-text-editor\" data-id=\"8d9a19e\" data-element_type=\"widget\" data-e-type=\"widget\" data-widget_type=\"text-editor.default\">\n\t\t\t\t<div class=\"elementor-widget-container\">\n\t\t\t\t\t\t\t\t\t<p><strong>CONADEH solicitar\u00e1 ante la CIDH medidas cautelares para las personas privados de libertad <\/strong><\/p><p>La Comisionada Nacional de los Derechos Humanos, Blanca Izaguirre anunci\u00f3 que, en los pr\u00f3ximos d\u00edas, presentar\u00e1 una solicitud de medida cautelar colectiva ante la Comisi\u00f3n Interamericana de Derechos Humanos (CIDH), por las condiciones de detenci\u00f3n en las que se encuentran los privados de libertad, as\u00ed como, por las irregularidades en los traslados.<\/p><p>Indic\u00f3 que, en la actualidad, muchas personas privadas de libertad se encuentran<span>\u00a0<\/span><strong>hacinadas<\/strong>,<span>\u00a0<\/span><strong>aisladas de sus familiares<\/strong><span>\u00a0<\/span>y<span>\u00a0<\/span><strong>lejos de los jueces de ejecuci\u00f3n<\/strong>, quienes son responsables de velar por la correcta aplicaci\u00f3n de las penas.<\/p><p>Adem\u00e1s, preocupa profundamente que se hayan realizado<span>\u00a0<\/span><strong>m\u00faltiples y abiertas amenazas<\/strong><span>\u00a0<\/span>de reubicar a los privados de libertad en formas que atenten contra su vida o impliquen<span>\u00a0<\/span><strong>tratos crueles, inhumanos y degradantes<\/strong>.<\/p><p>La titular del CONADEH\u00a0 tambi\u00e9n expres\u00f3 su preocupaci\u00f3n por los mensajes de descr\u00e9dito que se promueven por autoridades estatales con investidura militar, que llevan una clara intenci\u00f3n de intimidar y deslegitimar la defensa de los derechos de las personas privadas de libertad.<\/p><p>Tambi\u00e9n, por las condiciones inhumanas en las que han sido colocados los privados de libertad en la ejecuci\u00f3n de un plan de traslados que presuntamente incorpora un enfoque de derechos humanos, pero que no se traduce a la realidad.<\/p><p><strong>MENSAJE INTEGRO DE LA TITULAR DEL CONADEH ABG. BLANCA IZAGUIRRE<\/strong><\/p><p>En los \u00faltimos d\u00edas, el Comisionado Nacional de los Derechos Humanos ha sido objeto de una campa\u00f1a medi\u00e1tica ofensiva por parte del General Ramiro Mu\u00f1oz \u2013Presidente de la Comisi\u00f3n Interventora del Instituto Nacional Penitenciario\u2013, esto en respuesta a que, en el marco de su actividad defensorial, el CONADEH y el Mecanismo Nacional de Prevenci\u00f3n contra la Tortura, Tratos Crueles, Inhumanos o Degradantes (CONAPREV) se han opuesto abiertamente al Plan de Clasificaci\u00f3n de los Centros Penitenciarios y Traslados de las Personas Privadas de Libertad, y a las m\u00faltiples violaciones de derechos humanos que han derivado de \u00e9l.<\/p><p>Esta acci\u00f3n, orientada a da\u00f1ar la imagen de instituciones cuyo mandato se basa en la promoci\u00f3n y protecci\u00f3n de los derechos humanos de todas y todos los hondure\u00f1os sin distinci\u00f3n alguna, busca desacreditar nuestra labor, aduciendo que la misma es en el marco de intereses particulares e insinuando una supuesta vinculaci\u00f3n con el crimen organizado, maras y pandillas.<\/p><p>Sobre esto, el CONADEH expresa suma preocupaci\u00f3n, no solo por los mensajes de descr\u00e9dito que se promueven por autoridades estatales con investidura militar, que llevan una clara intenci\u00f3n de intimidar y deslegitimar la defensa de los derechos de las personas privadas de libertad, sino tambi\u00e9n por las condiciones inhumanas en las que han sido colocados los privados de libertad en la ejecuci\u00f3n de un plan de traslados que presuntamente incorpora un enfoque de derechos humanos, pero que no se traduce a la realidad.<\/p><p>Actualmente, muchas personas privadas de libertad se encuentran<span>\u00a0<\/span><strong>hacinadas<\/strong>,<span>\u00a0<\/span><strong>aisladas de sus familiares<\/strong><span>\u00a0<\/span>y<span>\u00a0<\/span><strong>lejos de los jueces de ejecuci\u00f3n<\/strong>, quienes son responsables de velar por la correcta aplicaci\u00f3n de las penas. Adem\u00e1s, preocupa, profundamente, que se hayan realizado<span>\u00a0<\/span><strong>m\u00faltiples y abiertas amenazas<\/strong><span>\u00a0<\/span>de reubicar a los privados de libertad en formas que atenten contra su vida o impliquen<span>\u00a0<\/span><strong>tratos crueles, inhumanos y degradantes<\/strong>.<\/p><p>En consecuencia, el CONADEH presentar\u00e1 en los pr\u00f3ximos d\u00edas una solicitud de Medida Cautelar colectiva ante la Comisi\u00f3n Interamericana de Derechos Humanos, por las condiciones de detenci\u00f3n en las que se encuentran los privados de libertad; as\u00ed como, las irregularidades en los traslados.<\/p><p>Por esto, el CONADEH exhorta al INP, y en general a la institucionalidad p\u00fablica, a respetar el mandato constitucional y legal del CONADEH y CONAPREV, absteni\u00e9ndose de emitir mensajes infundados que instalen, en la poblaci\u00f3n, dudas sobre los criterios y motivaciones reales empleadas por ambas instituciones para defender los derechos humanos, que intr\u00ednsecamente conllevan la oposici\u00f3n a medidas que no respetan este enfoque.<\/p><p>El CONADEH reafirma que seguir\u00e1 protegiendo, defendiendo y velando por la aplicaci\u00f3n de la justicia en el Sistema Nacional Penitenciario.<span>\u00a0<\/span><strong>Continuaremos firmes en la defensa de los derechos de las personas privadas de libertad y de sus familias<\/strong>, porque creemos, como dijo Nelson Mandela:<span>\u00a0<\/span><em>\u201cNadie conoce verdaderamente una naci\u00f3n hasta que ha estado dentro de sus c\u00e1rceles. Una naci\u00f3n no debe ser juzgada por c\u00f3mo trata a sus ciudadanos m\u00e1s respetables, sino a los menos favorecidos.\u201d<\/em><\/p><p><strong>La defensa de los derechos no se desacredita, se fortalece.<\/strong><\/p>\t\t\t\t\t\t\t\t<\/div>\n\t\t\t\t<\/div>\n\t\t\t\t\t<\/div>\n\t\t\t\t<\/div>\n\t\t<div class=\"elementor-element elementor-element-c509401 e-flex e-con-boxed e-con e-parent\" data-id=\"c509401\" data-element_type=\"container\" data-e-type=\"container\">\n\t\t\t\t\t<div class=\"e-con-inner\">\n\t\t\t\t<div class=\"elementor-element elementor-element-8b23c31 elementor-widget elementor-widget-image\" data-id=\"8b23c31\" data-element_type=\"widget\" data-e-type=\"widget\" data-widget_type=\"image.default\">\n\t\t\t\t<div class=\"elementor-widget-container\">\n\t\t\t\t\t\t\t\t\t\t\t\t\t\t\t<img fetchpriority=\"high\" decoding=\"async\" width=\"750\" height=\"565\" src=\"https:\/\/conadeh.hn\/wp-content\/uploads\/2025\/05\/Logo-Desglose-2.png\" class=\"attachment-large size-large wp-image-4220\" alt=\"\" srcset=\"https:\/\/conadeh.hn\/wp-content\/uploads\/2025\/05\/Logo-Desglose-2.png 2505w, https:\/\/conadeh.hn\/wp-content\/uploads\/2025\/05\/Logo-Desglose-2-300x226.png 300w, https:\/\/conadeh.hn\/wp-content\/uploads\/2025\/05\/Logo-Desglose-2-768x579.png 768w, https:\/\/conadeh.hn\/wp-content\/uploads\/2025\/05\/Logo-Desglose-2-1536x1158.png 1536w, https:\/\/conadeh.hn\/wp-content\/uploads\/2025\/05\/Logo-Desglose-2-2048x1544.png 2048w\" sizes=\"(max-width: 750px) 100vw, 750px\" \/>\t\t\t\t\t\t\t\t\t\t\t\t\t\t\t<\/div>\n\t\t\t\t<\/div>\n\t\t\t\t\t<\/div>\n\t\t\t\t<\/div>\n\t\t\t\t<\/div>\n\t\t","protected":false},"excerpt":{"rendered":"<p>CONADEH solicitar\u00e1 ante la CIDH medidas cautelares para las personas privados de libertad La Comisionada Nacional de los Derechos Humanos, Blanca Izaguirre anunci\u00f3 que, en los pr\u00f3ximos d\u00edas, presentar\u00e1 una solicitud de medida cautelar colectiva ante la Comisi\u00f3n Interamericana de Derechos Humanos (CIDH), por las condiciones de detenci\u00f3n en las [&hellip;]<\/p>\n","protected":false},"author":2,"featured_media":4220,"comment_status":"closed","ping_status":"closed","sticky":false,"template":"","format":"standard","meta":{"saved_in_kubio":false,"_themeisle_gutenberg_block_has_review":false,"_kadence_starter_templates_imported_post":false,"footnotes":""},"categories":[1],"tags":[],"class_list":["post-4356","post","type-post","status-publish","format-standard","has-post-thumbnail","hentry","category-uncategorized"],"_links":{"self":[{"href":"https:\/\/conadeh.hn\/index.php?rest_route=\/wp\/v2\/posts\/4356","targetHints":{"allow":["GET"]}}],"collection":[{"href":"https:\/\/conadeh.hn\/index.php?rest_route=\/wp\/v2\/posts"}],"about":[{"href":"https:\/\/conadeh.hn\/index.php?rest_route=\/wp\/v2\/types\/post"}],"author":[{"embeddable":true,"href":"https:\/\/conadeh.hn\/index.php?rest_route=\/wp\/v2\/users\/2"}],"replies":[{"embeddable":true,"href":"https:\/\/conadeh.hn\/index.php?rest_route=%2Fwp%2Fv2%2Fcomments&post=4356"}],"version-history":[{"count":4,"href":"https:\/\/conadeh.hn\/index.php?rest_route=\/wp\/v2\/posts\/4356\/revisions"}],"predecessor-version":[{"id":4360,"href":"https:\/\/conadeh.hn\/index.php?rest_route=\/wp\/v2\/posts\/4356\/revisions\/4360"}],"wp:featuredmedia":[{"embeddable":true,"href":"https:\/\/conadeh.hn\/index.php?rest_route=\/wp\/v2\/media\/4220"}],"wp:attachment":[{"href":"https:\/\/conadeh.hn\/index.php?rest_route=%2Fwp%2Fv2%2Fmedia&parent=4356"}],"wp:term":[{"taxonomy":"category","embeddable":true,"href":"https:\/\/conadeh.hn\/index.php?rest_route=%2Fwp%2Fv2%2Fcategories&post=4356"},{"taxonomy":"post_tag","embeddable":true,"href":"https:\/\/conadeh.hn\/index.php?rest_route=%2Fwp%2Fv2%2Ftags&post=4356"}],"curies":[{"name":"wp","href":"https:\/\/api.w.org\/{rel}","templated":true}]}}