{"id":4171,"date":"2025-04-22T15:53:52","date_gmt":"2025-04-22T15:53:52","guid":{"rendered":"https:\/\/conadeh.hn\/?p=4171"},"modified":"2025-04-22T15:59:49","modified_gmt":"2025-04-22T15:59:49","slug":"en-el-marco-del-dia-mundial-de-la-tierra-conadeh-insta-al-estado-hondureno-a-proteger-la-labor-que-realizan-defensores-del-ambiente-y-de-la-tierra","status":"publish","type":"post","link":"https:\/\/conadeh.hn\/?p=4171","title":{"rendered":"En el marco del D\u00eda Mundial de la Tierra: CONADEH insta al Estado hondure\u00f1o a proteger la labor que realizan defensores del ambiente y de la tierra"},"content":{"rendered":"\t\t<div data-elementor-type=\"wp-post\" data-elementor-id=\"4171\" class=\"elementor elementor-4171\">\n\t\t\t\t<div class=\"elementor-element elementor-element-6369abb e-flex e-con-boxed e-con e-parent\" data-id=\"6369abb\" data-element_type=\"container\" data-e-type=\"container\">\n\t\t\t\t\t<div class=\"e-con-inner\">\n\t\t\t\t<div class=\"elementor-element elementor-element-04b4558 elementor-widget elementor-widget-text-editor\" data-id=\"04b4558\" data-element_type=\"widget\" data-e-type=\"widget\" data-widget_type=\"text-editor.default\">\n\t\t\t\t<div class=\"elementor-widget-container\">\n\t\t\t\t\t\t\t\t\t<p><strong><u>En el marco del D\u00eda Mundial de la Tierra:<\/u><\/strong><\/p><p><strong>CONADEH insta al Estado hondure\u00f1o a proteger la labor que realizan defensores del ambiente y de la tierra<\/strong><\/p><ul><li><strong>Entre el 2020 y lo que va del 2025, alrededor de 50 defensores de la tierra, los territorios y del ambiente perdieron la vida en circunstancias violentas.<\/strong><\/li><\/ul><p>El Comisionado Nacional de los Derechos Humanos (CONADEH) inst\u00f3 hoy al Estado hondure\u00f1o a garantizar el<\/p><p>el ejercicio de la defensa de la tierra, el territorio y del medio ambiente, a trav\u00e9s de medidas sustanciales encaminadas a proteger la vida e integridad f\u00edsica de sus defensores.<\/p><p>En el marco del D\u00eda Mundial de la Tierra, que se conmemora el 22 de abril de cada a\u00f1o, el coordinador de la Defensor\u00eda de Pueblos Ind\u00edgenas y Afro-hondure\u00f1os del CONADEH, Frank Cruz, destac\u00f3 la importancia de proteger el ambiente, as\u00ed como fomentar una conciencia global sobre los desaf\u00edos ambientales que enfrenta el pa\u00eds, como el cambio clim\u00e1tico, la p\u00e9rdida de biodiversidad y la contaminaci\u00f3n.<\/p><p>En ese orden, destac\u00f3 el trabajo que realizan los defensores de la tierra, el territorio y del ambiente en el pa\u00eds, pese a que se ha convertido en una labor de \u201calto riesgo\u201d para quienes la ejercen.<\/p><p>Alrededor de medio centenar de personas perdieron la vida violentamente, en Honduras, por defender la tierra, el territorio y el derecho al ambiente, entre el 2020 y el 2025, muchos de ellos\u00a0 en circunstancias a\u00fan no esclarecidas por las autoridades encargadas de la seguridad y la investigaci\u00f3n en el pa\u00eds, seg\u00fan el ente estatal.<\/p><p>Indic\u00f3 que, en los \u00faltimos a\u00f1os, la criminalizaci\u00f3n hacia los defensores que buscan proteger la tierra, los ecosistemas y sus territorios, se ha convertido en un peligro tanto para ellos como para sus familiares.<\/p><p>Entre el 2020 y lo que va del 2025, alrededor de 50 defensores de la tierra, los territorios y del ambiente perdieron la vida en circunstancias violentas, lo cual es condenable, dijo Cruz.<\/p><p>En este ambiente de inseguridad al menos\u00a0 una decena de departamentos del pa\u00eds fueron escenario de muerte para defensores de la tierra, el territorio y del ambiente, sin embargo, el alrededor del 77% de los caos se registraron en Col\u00f3n, Atl\u00e1ntida y Yoro.<\/p><p>Entre el a\u00f1o 2022 y 2024, el CONADEH atendi\u00f3 89 quejas por violaciones al derecho a un ambiente sano, identificando que, en su mayor\u00eda, son derivadas por conflictos socioambientales por la superposici\u00f3n de los intereses de las empresas o de los terceros contra los derechos de poblaciones que se encuentran en situaci\u00f3n de vulnerabilidad.<\/p><p>Entre los sectores vulnerables mencion\u00f3 a los pueblos ind\u00edgenas, comunidades afro hondure\u00f1as,\u00a0 campesinos y defensores de derechos humanos, que cuentan con recursos naturales y bienes comunes en sus territorios.<\/p><p>Ante este escenario de violencia, Cruz considera que el Estado hondure\u00f1o debe redoblar sus esfuerzos para que estos cr\u00edmenes no queden impunes y exista una debida diligencia en las investigaciones para esclarecer los hechos.<\/p><p>Indic\u00f3 que Honduras urge de una pol\u00edtica p\u00fablica integral de protecci\u00f3n para los\u00a0defensores y defensoras de la tierra, los territorios, del ambiente.<\/p><p><\/p><p>\u201cLa impunidad de los asesinatos y de otros delitos cometidos contra los defensores de la tierra, los territorios y del ambiente, alimenta a\u00fan m\u00e1s la violencia en contra de ellos\u201d, cuestion\u00f3.<\/p><p>Muchos de los defensores de la tierra, los territorios y del ambiente son tambi\u00e9n objeto de amenazas a muerte, persecuci\u00f3n, intimidaci\u00f3n, judicializaci\u00f3n, atentados, detenciones, hostigamiento, agresiones f\u00edsicas, represi\u00f3n y difamaci\u00f3n, se\u00f1al\u00f3.<\/p><p>Mencion\u00f3, para el caso, que, las amenazas que enfrentan los pueblos ind\u00edgenas est\u00e1n intr\u00ednsecamente ligadas a la defensa de sus tierras. La comunidad Lenca, Tolup\u00e1n, Gar\u00edfunas, Chort\u00ed, Pech y Misquito que tratan de proteger sus tierras ancestrales se enfrentan a menudo a la criminalizaci\u00f3n, la estigmatizaci\u00f3n y el acoso judicial.<\/p><p>De las casi 20 sentencias emitidas por la Corte Interamericana de los Derechos Humanos (CORTE IDH) contra el Estado de Honduras, desde 1989, tres de ellas est\u00e1n relacionadas con el asesinato de ambientalistas.<\/p><p>El primer caso fue el Blanca Jeannette Kawas, asesinada el 6 de febrero de 1995.\u00a0 El segundo caso fue el de Carlos Escaleras, un reconocido defensor del ambiente y de los derechos humanos, asesinado el 18 de octubre de 1997 en Tocoa, Col\u00f3n. <em>El tercer caso es el de Carlos Antonio Luna L\u00f3pez, r<\/em>epresentante del Movimiento Ambientalista de Olancho, asesinado el\u00a0 18 de mayo de 1998.<\/p>\t\t\t\t\t\t\t\t<\/div>\n\t\t\t\t<\/div>\n\t\t\t\t\t<\/div>\n\t\t\t\t<\/div>\n\t\t<div class=\"elementor-element elementor-element-707ff70 e-flex e-con-boxed e-con e-parent\" data-id=\"707ff70\" data-element_type=\"container\" data-e-type=\"container\">\n\t\t\t\t\t<div class=\"e-con-inner\">\n\t\t\t\t<div class=\"elementor-element elementor-element-181e1d7 elementor-widget elementor-widget-image\" data-id=\"181e1d7\" data-element_type=\"widget\" data-e-type=\"widget\" data-widget_type=\"image.default\">\n\t\t\t\t<div class=\"elementor-widget-container\">\n\t\t\t\t\t\t\t\t\t\t\t\t\t\t\t<img fetchpriority=\"high\" decoding=\"async\" width=\"750\" height=\"802\" src=\"https:\/\/conadeh.hn\/wp-content\/uploads\/2025\/04\/frank.jpg\" class=\"attachment-large size-large wp-image-4173\" alt=\"\" srcset=\"https:\/\/conadeh.hn\/wp-content\/uploads\/2025\/04\/frank.jpg 1497w, https:\/\/conadeh.hn\/wp-content\/uploads\/2025\/04\/frank-281x300.jpg 281w, https:\/\/conadeh.hn\/wp-content\/uploads\/2025\/04\/frank-768x821.jpg 768w, https:\/\/conadeh.hn\/wp-content\/uploads\/2025\/04\/frank-1437x1536.jpg 1437w\" sizes=\"(max-width: 750px) 100vw, 750px\" \/>\t\t\t\t\t\t\t\t\t\t\t\t\t\t\t<\/div>\n\t\t\t\t<\/div>\n\t\t\t\t\t<\/div>\n\t\t\t\t<\/div>\n\t\t\t\t<\/div>\n\t\t","protected":false},"excerpt":{"rendered":"<p>En el marco del D\u00eda Mundial de la Tierra: CONADEH insta al Estado hondure\u00f1o a proteger la labor que realizan defensores del ambiente y de la tierra Entre el 2020 y lo que va del 2025, alrededor de 50 defensores de la tierra, los territorios y del ambiente perdieron la [&hellip;]<\/p>\n","protected":false},"author":2,"featured_media":4173,"comment_status":"closed","ping_status":"closed","sticky":false,"template":"","format":"standard","meta":{"saved_in_kubio":false,"_themeisle_gutenberg_block_has_review":false,"_kadence_starter_templates_imported_post":false,"footnotes":""},"categories":[1],"tags":[],"class_list":["post-4171","post","type-post","status-publish","format-standard","has-post-thumbnail","hentry","category-uncategorized"],"_links":{"self":[{"href":"https:\/\/conadeh.hn\/index.php?rest_route=\/wp\/v2\/posts\/4171","targetHints":{"allow":["GET"]}}],"collection":[{"href":"https:\/\/conadeh.hn\/index.php?rest_route=\/wp\/v2\/posts"}],"about":[{"href":"https:\/\/conadeh.hn\/index.php?rest_route=\/wp\/v2\/types\/post"}],"author":[{"embeddable":true,"href":"https:\/\/conadeh.hn\/index.php?rest_route=\/wp\/v2\/users\/2"}],"replies":[{"embeddable":true,"href":"https:\/\/conadeh.hn\/index.php?rest_route=%2Fwp%2Fv2%2Fcomments&post=4171"}],"version-history":[{"count":4,"href":"https:\/\/conadeh.hn\/index.php?rest_route=\/wp\/v2\/posts\/4171\/revisions"}],"predecessor-version":[{"id":4176,"href":"https:\/\/conadeh.hn\/index.php?rest_route=\/wp\/v2\/posts\/4171\/revisions\/4176"}],"wp:featuredmedia":[{"embeddable":true,"href":"https:\/\/conadeh.hn\/index.php?rest_route=\/wp\/v2\/media\/4173"}],"wp:attachment":[{"href":"https:\/\/conadeh.hn\/index.php?rest_route=%2Fwp%2Fv2%2Fmedia&parent=4171"}],"wp:term":[{"taxonomy":"category","embeddable":true,"href":"https:\/\/conadeh.hn\/index.php?rest_route=%2Fwp%2Fv2%2Fcategories&post=4171"},{"taxonomy":"post_tag","embeddable":true,"href":"https:\/\/conadeh.hn\/index.php?rest_route=%2Fwp%2Fv2%2Ftags&post=4171"}],"curies":[{"name":"wp","href":"https:\/\/api.w.org\/{rel}","templated":true}]}}