{"id":4162,"date":"2025-04-11T14:52:59","date_gmt":"2025-04-11T14:52:59","guid":{"rendered":"https:\/\/conadeh.hn\/?p=4162"},"modified":"2025-04-11T15:13:18","modified_gmt":"2025-04-11T15:13:18","slug":"conadeh-preocupante-que-ninos-y-adolescentes-sigan-perdiendo-la-vida-violentamente-en-el-pais","status":"publish","type":"post","link":"https:\/\/conadeh.hn\/?p=4162","title":{"rendered":"CONADEH: Preocupante que ni\u00f1os y adolescentes sigan perdiendo la vida violentamente en el pa\u00eds"},"content":{"rendered":"\t\t<div data-elementor-type=\"wp-post\" data-elementor-id=\"4162\" class=\"elementor elementor-4162\">\n\t\t\t\t<div class=\"elementor-element elementor-element-4373a9c e-flex e-con-boxed e-con e-parent\" data-id=\"4373a9c\" data-element_type=\"container\" data-e-type=\"container\">\n\t\t\t\t\t<div class=\"e-con-inner\">\n\t\t\t\t<div class=\"elementor-element elementor-element-a62a833 elementor-widget elementor-widget-text-editor\" data-id=\"a62a833\" data-element_type=\"widget\" data-e-type=\"widget\" data-widget_type=\"text-editor.default\">\n\t\t\t\t<div class=\"elementor-widget-container\">\n\t\t\t\t\t\t\t\t\t<p><strong><u>CONADEH:<\/u><\/strong><\/p><p><strong>Preocupante que ni\u00f1os y adolescentes sigan perdiendo la vida violentamente en el pa\u00eds<\/strong><\/p><ul><li><strong>Se estima que, en Honduras, alrededor del 7% de los homicidios que se cometen en el pa\u00eds las v\u00edctimas son menores de 18 a\u00f1os.<\/strong><\/li><\/ul><p>\u00a0El Comisionado Nacional de los Derechos Humanos (CONADEH) calific\u00f3 de altamente preocupante que las ni\u00f1as, ni\u00f1os y adolescentes hondure\u00f1os est\u00e9n perdiendo la vida en circunstancias violentas en el pa\u00eds y es peor cuando la v\u00edctima muere a manos de miembros de los cuerpos de seguridad del Estado.<\/p><p>C\u00e1ndida Maradiaga, coordinadora de la Defensor\u00eda de la Ni\u00f1ez del CONADEH, se refiri\u00f3 al hecho violento en el que perdi\u00f3 la vida un menor de edad, en el departamento de Ocotepeque, a manos, supuestamente, de un miembro de la polic\u00eda.<\/p><p>Es altamente preocupante, para el CONADEH, que situaciones de violencia como estas se sigan dando en el pa\u00eds, sobre todo cuando se responsabiliza a miembros de una instituci\u00f3n que, seg\u00fan su eslogan, es servir y proteger a la poblaci\u00f3n, declar\u00f3.<\/p><p>No es la primera vez que se responsabiliza a miembros de la polic\u00eda cometer ese tipo de hechos violentos y de hacer un uso desproporcionado de la fuerza, cuestion\u00f3.<\/p><p>Datos preliminares recabados por el Ministerio P\u00fablico establecen que el pasado 5 de abril, mientras se realizaba un operativo, en San Marcos, Ocotepeque, agentes de la polic\u00eda habr\u00edan hecho se\u00f1al de parada a dos j\u00f3venes que se conduc\u00edan en motocicleta, quienes, por temor a los uniformados, habr\u00edan hecho caso omiso a dicha orden y huido del lugar.<\/p><p>En ese momento, un miembro de la polic\u00eda, sin tomar ninguna medida de precauci\u00f3n habr\u00eda disparado contra la humanidad de los j\u00f3venes, impactando la bala en uno de ellos, que por la gravedad fue llevado a centro hospitalario donde falleci\u00f3.<\/p><p>Maradiaga exhorto a las autoridades policiales a realizar una investigaci\u00f3n exhaustiva y deducir las responsabilidades del caso a la persona que cometi\u00f3 ese hecho lamentable.<\/p><p>No es la primera vez que cometen ese tipo de acciones, por lo que deben tomar las medidas correctivas necesarias para evitar que se repitan situaciones como esas, se\u00f1al\u00f3.<\/p><p>Eso genera desconfianza y miedo en la poblaci\u00f3n, principalmente cuando est\u00e9 ante un ret\u00e9n policial por temor a que vayan a actuar de forma desproporcionada y poner en riesgo la integridad f\u00edsica y la vida de las personas.<\/p><p>La defensora de los derechos humanos exhort\u00f3 al Ministerio Publico que realice las diligencias necesarias para evitar que este crimen quede impune.<\/p><p>Indic\u00f3 que la polic\u00eda debe tener mucho cuidado al contratar personal que va a manejar armas y va a estar en situaciones complicadas.<\/p><p>Las autoridades policiales deben analizar la situaci\u00f3n y tomar medidas urgentes porque este tipo de situaciones no debe estar pasando en una instituci\u00f3n cuyo mandato es servir y proteger y vemos que no se est\u00e1 llevando a cabalidad.<\/p><p><strong>Alrededor del 7% de los homicidios las v\u00edctimas son menores de 18 a\u00f1os<\/strong><\/p><p>Se estima que, en Honduras, alrededor del 7% de los homicidios que se cometen en el pa\u00eds las v\u00edctimas son menores de 18 a\u00f1os.<\/p><p>Unos 211 ni\u00f1os, ni\u00f1as y j\u00f3venes, menores de 18 a\u00f1os, habr\u00edan perdido la vida violentamente en el 2023, mientras en el 2024 habr\u00edan muerto 168 bajo esas mismas circunstancias y casi medio centenar en lo que va del 2025.<\/p>\t\t\t\t\t\t\t\t<\/div>\n\t\t\t\t<\/div>\n\t\t\t\t\t<\/div>\n\t\t\t\t<\/div>\n\t\t<div class=\"elementor-element elementor-element-81c3ab6 e-flex e-con-boxed e-con e-parent\" data-id=\"81c3ab6\" data-element_type=\"container\" data-e-type=\"container\">\n\t\t\t\t\t<div class=\"e-con-inner\">\n\t\t\t\t<div class=\"elementor-element elementor-element-648d4b9 elementor-widget elementor-widget-image\" data-id=\"648d4b9\" data-element_type=\"widget\" data-e-type=\"widget\" data-widget_type=\"image.default\">\n\t\t\t\t<div class=\"elementor-widget-container\">\n\t\t\t\t\t\t\t\t\t\t\t\t\t\t\t<img fetchpriority=\"high\" decoding=\"async\" width=\"750\" height=\"563\" src=\"https:\/\/conadeh.hn\/wp-content\/uploads\/2025\/04\/candida.jpg\" class=\"attachment-large size-large wp-image-4164\" alt=\"\" srcset=\"https:\/\/conadeh.hn\/wp-content\/uploads\/2025\/04\/candida.jpg 1600w, https:\/\/conadeh.hn\/wp-content\/uploads\/2025\/04\/candida-300x225.jpg 300w, https:\/\/conadeh.hn\/wp-content\/uploads\/2025\/04\/candida-768x576.jpg 768w, https:\/\/conadeh.hn\/wp-content\/uploads\/2025\/04\/candida-1536x1152.jpg 1536w\" sizes=\"(max-width: 750px) 100vw, 750px\" \/>\t\t\t\t\t\t\t\t\t\t\t\t\t\t\t<\/div>\n\t\t\t\t<\/div>\n\t\t\t\t\t<\/div>\n\t\t\t\t<\/div>\n\t\t\t\t<\/div>\n\t\t","protected":false},"excerpt":{"rendered":"<p>CONADEH: Preocupante que ni\u00f1os y adolescentes sigan perdiendo la vida violentamente en el pa\u00eds Se estima que, en Honduras, alrededor del 7% de los homicidios que se cometen en el pa\u00eds las v\u00edctimas son menores de 18 a\u00f1os. \u00a0El Comisionado Nacional de los Derechos Humanos (CONADEH) calific\u00f3 de altamente preocupante [&hellip;]<\/p>\n","protected":false},"author":2,"featured_media":4164,"comment_status":"closed","ping_status":"closed","sticky":false,"template":"","format":"standard","meta":{"saved_in_kubio":false,"_themeisle_gutenberg_block_has_review":false,"_kadence_starter_templates_imported_post":false,"footnotes":""},"categories":[1],"tags":[],"class_list":["post-4162","post","type-post","status-publish","format-standard","has-post-thumbnail","hentry","category-uncategorized"],"_links":{"self":[{"href":"https:\/\/conadeh.hn\/index.php?rest_route=\/wp\/v2\/posts\/4162","targetHints":{"allow":["GET"]}}],"collection":[{"href":"https:\/\/conadeh.hn\/index.php?rest_route=\/wp\/v2\/posts"}],"about":[{"href":"https:\/\/conadeh.hn\/index.php?rest_route=\/wp\/v2\/types\/post"}],"author":[{"embeddable":true,"href":"https:\/\/conadeh.hn\/index.php?rest_route=\/wp\/v2\/users\/2"}],"replies":[{"embeddable":true,"href":"https:\/\/conadeh.hn\/index.php?rest_route=%2Fwp%2Fv2%2Fcomments&post=4162"}],"version-history":[{"count":4,"href":"https:\/\/conadeh.hn\/index.php?rest_route=\/wp\/v2\/posts\/4162\/revisions"}],"predecessor-version":[{"id":4167,"href":"https:\/\/conadeh.hn\/index.php?rest_route=\/wp\/v2\/posts\/4162\/revisions\/4167"}],"wp:featuredmedia":[{"embeddable":true,"href":"https:\/\/conadeh.hn\/index.php?rest_route=\/wp\/v2\/media\/4164"}],"wp:attachment":[{"href":"https:\/\/conadeh.hn\/index.php?rest_route=%2Fwp%2Fv2%2Fmedia&parent=4162"}],"wp:term":[{"taxonomy":"category","embeddable":true,"href":"https:\/\/conadeh.hn\/index.php?rest_route=%2Fwp%2Fv2%2Fcategories&post=4162"},{"taxonomy":"post_tag","embeddable":true,"href":"https:\/\/conadeh.hn\/index.php?rest_route=%2Fwp%2Fv2%2Ftags&post=4162"}],"curies":[{"name":"wp","href":"https:\/\/api.w.org\/{rel}","templated":true}]}}