{"id":4141,"date":"2025-04-10T20:34:59","date_gmt":"2025-04-10T20:34:59","guid":{"rendered":"https:\/\/conadeh.hn\/?p=4141"},"modified":"2025-04-10T20:36:24","modified_gmt":"2025-04-10T20:36:24","slug":"conadeh-acciones-penales-contra-periodistas-y-medios-son-ataques-contra-la-libertad-de-expresion-e-informacion","status":"publish","type":"post","link":"https:\/\/conadeh.hn\/?p=4141","title":{"rendered":"CONADEH: Acciones penales contra periodistas y medios son ataques contra la libertad de expresi\u00f3n e informaci\u00f3n"},"content":{"rendered":"\t\t<div data-elementor-type=\"wp-post\" data-elementor-id=\"4141\" class=\"elementor elementor-4141\">\n\t\t\t\t<div class=\"elementor-element elementor-element-6cd815e e-flex e-con-boxed e-con e-parent\" data-id=\"6cd815e\" data-element_type=\"container\" data-e-type=\"container\">\n\t\t\t\t\t<div class=\"e-con-inner\">\n\t\t\t\t<div class=\"elementor-element elementor-element-96ee935 elementor-widget elementor-widget-text-editor\" data-id=\"96ee935\" data-element_type=\"widget\" data-e-type=\"widget\" data-widget_type=\"text-editor.default\">\n\t\t\t\t<div class=\"elementor-widget-container\">\n\t\t\t\t\t\t\t\t\t<p><strong><u>CONADEH:<\/u><\/strong><\/p><p><strong>Acciones penales contra periodistas y medios son ataques contra la libertad de expresi\u00f3n e informaci\u00f3n<\/strong><\/p><ul><li><strong>Entre el 2016 y julio del 2023, m\u00e1s de un centenar de periodistas y comunicadores sociales denunciaron, estar en riesgo y ser v\u00edctimas de desplazamiento forzado, en Honduras, al ser objeto, en un 80% de los casos, de amenazas, situaci\u00f3n que no solo puso en riesgo el ejercicio su profesi\u00f3n, sino que su integridad y su vida.<\/strong><\/li><\/ul><p>Toda amenaza, actos de intimidaci\u00f3n y querellas contra periodistas y medios de comunicaci\u00f3n\u00a0 son un \u201cataque frontal\u201d a las libertades de prensa, expresi\u00f3n e informaci\u00f3n, record\u00f3 este jueves el Comisionado Nacional de los Derechos Humanos (CONADEH).<\/p><p>Ricardo L\u00f3pez, Delegado Adjunto del CONADEH, expres\u00f3 su preocupaci\u00f3n por los constantes hechos que est\u00e1n ocurriendo y que ponen en riesgo la libertad de expresi\u00f3n\u00a0 en el pa\u00eds.<\/p><p>Como Instituci\u00f3n Nacional de Derechos Humanos\u00a0 tenemos un mandato claro\u00a0 sobre la garant\u00eda del respeto\u00a0 a los derechos humanos \u00a0en general y, calific\u00f3 de \u201cdemasiado dura\u201d toda acci\u00f3n penal hacia un medio de comunicaci\u00f3n, periodistas o comunicadores sociales que juegan un papel importante para la \u201ctransparencia\u201d en los pa\u00edses.<\/p><p>Indic\u00f3 que, tal y como lo establece la Relator\u00eda Especial de Naciones Unidas para la Libertad de Expresi\u00f3n, los funcionarios p\u00fablicos son objeto de un escrutinio mayor y, lo que hace una acci\u00f3n penal, es poner una \u201cmordaza\u201d\u00a0 al medio de comunicaci\u00f3n al cual se est\u00e1 persiguiendo.<\/p><p>A\u00f1adi\u00f3 que acciones de ese tipo pueden tener un efecto \u201cdomino\u201d hacia otros medios de comunicaci\u00f3n, periodistas y comunicadores para no querer abordar temas delicados, con un efecto intimidatorio para desalentar el ejercicio del periodismo investigativo, fundamental para la transparencia gubernamental.<\/p><p>Explic\u00f3 que, en el ejercicio de sus funciones y atribuciones, un medio de comunicaci\u00f3n, al difundir una noticia, lo que busca es que se realice un procedimiento \u00a0de investigaci\u00f3n por parte de las autoridades del Estado.<\/p><p>L\u00f3pez hizo un llamado a los entes gubernamentales para que sean m\u00e1s flexibles y les recomend\u00f3 que, m\u00e1s bien, abran y pongan a la vista la informaci\u00f3n para acreditar o desvirtuar las investigaciones que realizan los medios de comunicaci\u00f3n, \u00a0con el \u00fanico objetivo de transparentar los procesos, ya que como instituciones p\u00fablicas deben rendir cuentas.<\/p><p>Una denuncia contra cualquier instituci\u00f3n del Estado\u00a0 lo que debe de hacer la persona titular y sus equipos t\u00e9cnicos\u00a0 es demostrar que no es cierta o si es cierta ponerla a la orden de la autoridad competente.<\/p><p>Reiter\u00f3 que toda acci\u00f3n penal, adem\u00e1s de poner en una situaci\u00f3n complicada al gremio period\u00edstico, ataca la libertad de expresi\u00f3n \u00a0y el derecho a la informaci\u00f3n que tiene la poblaci\u00f3n.<\/p><p>Indic\u00f3 que la acci\u00f3n contra Radio Cadena Voces\u00a0 viene a hacer que otros medios no difundan\u00a0 informaci\u00f3n\u00a0 y lo que hace es contrarrestar el derecho de informaci\u00f3n que tiene la persona y que, como Instituci\u00f3n Nacional de Derechos Humanos tenemos que velar para que todo mundo\u00a0 pueda darse cuenta de lo que p\u00fablicamente hacemos las instituciones del Estado.<\/p><p>Agreg\u00f3 que ya se instruy\u00f3 a la\u00a0 Delegaci\u00f3n Regional Centro Oriente del CONADEH, con sede en Tegucigalpa, a estar pendientes y atentos\u00a0 de cualquier circunstancia que se de y prestos para evitar que se ataque a la libertad de expresi\u00f3n.<\/p><p>Declar\u00f3 que, el CONADEH, dentro de sus facultades, est\u00e1 la de acompa\u00f1ar\u00a0 los procedimientos judiciales para velar porque se respete el derecho\u00a0 a la defensa y al debido proceso.<\/p><p><strong>Piedra angular de la democracia<\/strong><\/p><p>La libertad de expresi\u00f3n es la piedra angular de la democracia, cuando se restringe no solo afecta el derecho humano individual para expresarse, sino que tambi\u00e9n se lesiona el derecho colectivo de la ciudadan\u00eda a recibir informaci\u00f3n e ideas por parte de los medios de comunicaci\u00f3n.<\/p><p>Tanto la libertad de expresi\u00f3n, como la de opini\u00f3n y el derecho de acceso a la informaci\u00f3n est\u00e1n garantizados, tanto en la Constituci\u00f3n de la Rep\u00fablica como en los instrumentos internacionales ratificados por Honduras por lo que, es deber del Estado garantizar plenamente el ejercicio de esos derechos.<\/p><p>Es indiscutible que, tanto los periodistas como los medios de comunicaci\u00f3n, tienen un papel y una responsabilidad muy grande para que funcionen las libertades de pensamiento, opini\u00f3n, informaci\u00f3n y expresi\u00f3n, de las que resulta una opini\u00f3n p\u00fablica bien informada y bien orientada, requisito indispensable para la verdadera democracia.<\/p><p>La denuncia de las arbitrariedades y de la impunidad, es la cuota con que los periodistas y los medios de comunicaci\u00f3n aportan al proyecto social hondure\u00f1o, cuando cumplen a cabalidad con su noble misi\u00f3n.<\/p><p>Esa lucha contra las arbitrariedades y la impunidad no ha sido f\u00e1cil ni para los periodistas ni para los medios ya que, en los \u00faltimos a\u00f1os, esta labor ha tratado de ser silenciada y obstaculizada con variadas acciones contra las libertades de expresi\u00f3n y de informaci\u00f3n que van desde querellas en los tribunales, atentados, agresiones, hostigamiento, amenazas que muchas veces concluyen en desplazamiento forzado e incluso la muerte.<\/p><p>Entre el 2001 y el 2025, el Comisionado Nacional de los Derechos Humanos registr\u00f3 la muerte de, al menos, 101 personas vinculadas a los medios de comunicaci\u00f3n, entre periodistas, locutores, camar\u00f3grafos, fot\u00f3grafos, propietarios, operadores y editores, cuyos cr\u00edmenes se encuentran impunes en el 88% de los casos.<\/p>\t\t\t\t\t\t\t\t<\/div>\n\t\t\t\t<\/div>\n\t\t\t\t\t<\/div>\n\t\t\t\t<\/div>\n\t\t<div class=\"elementor-element elementor-element-c31c836 e-flex e-con-boxed e-con e-parent\" data-id=\"c31c836\" data-element_type=\"container\" data-e-type=\"container\">\n\t\t\t\t\t<div class=\"e-con-inner\">\n\t\t\t\t<div class=\"elementor-element elementor-element-5367c33 elementor-widget elementor-widget-image\" data-id=\"5367c33\" data-element_type=\"widget\" data-e-type=\"widget\" data-widget_type=\"image.default\">\n\t\t\t\t<div class=\"elementor-widget-container\">\n\t\t\t\t\t\t\t\t\t\t\t\t\t\t\t<img fetchpriority=\"high\" decoding=\"async\" width=\"643\" height=\"362\" src=\"https:\/\/conadeh.hn\/wp-content\/uploads\/2025\/04\/libertad-de-expresion.jpg\" class=\"attachment-large size-large wp-image-4143\" alt=\"\" srcset=\"https:\/\/conadeh.hn\/wp-content\/uploads\/2025\/04\/libertad-de-expresion.jpg 643w, https:\/\/conadeh.hn\/wp-content\/uploads\/2025\/04\/libertad-de-expresion-300x169.jpg 300w\" sizes=\"(max-width: 643px) 100vw, 643px\" \/>\t\t\t\t\t\t\t\t\t\t\t\t\t\t\t<\/div>\n\t\t\t\t<\/div>\n\t\t\t\t\t<\/div>\n\t\t\t\t<\/div>\n\t\t\t\t<\/div>\n\t\t","protected":false},"excerpt":{"rendered":"<p>CONADEH: Acciones penales contra periodistas y medios son ataques contra la libertad de expresi\u00f3n e informaci\u00f3n Entre el 2016 y julio del 2023, m\u00e1s de un centenar de periodistas y comunicadores sociales denunciaron, estar en riesgo y ser v\u00edctimas de desplazamiento forzado, en Honduras, al ser objeto, en un 80% [&hellip;]<\/p>\n","protected":false},"author":2,"featured_media":4143,"comment_status":"closed","ping_status":"closed","sticky":false,"template":"","format":"standard","meta":{"saved_in_kubio":false,"_themeisle_gutenberg_block_has_review":false,"_kadence_starter_templates_imported_post":false,"footnotes":""},"categories":[1],"tags":[],"class_list":["post-4141","post","type-post","status-publish","format-standard","has-post-thumbnail","hentry","category-uncategorized"],"_links":{"self":[{"href":"https:\/\/conadeh.hn\/index.php?rest_route=\/wp\/v2\/posts\/4141","targetHints":{"allow":["GET"]}}],"collection":[{"href":"https:\/\/conadeh.hn\/index.php?rest_route=\/wp\/v2\/posts"}],"about":[{"href":"https:\/\/conadeh.hn\/index.php?rest_route=\/wp\/v2\/types\/post"}],"author":[{"embeddable":true,"href":"https:\/\/conadeh.hn\/index.php?rest_route=\/wp\/v2\/users\/2"}],"replies":[{"embeddable":true,"href":"https:\/\/conadeh.hn\/index.php?rest_route=%2Fwp%2Fv2%2Fcomments&post=4141"}],"version-history":[{"count":4,"href":"https:\/\/conadeh.hn\/index.php?rest_route=\/wp\/v2\/posts\/4141\/revisions"}],"predecessor-version":[{"id":4146,"href":"https:\/\/conadeh.hn\/index.php?rest_route=\/wp\/v2\/posts\/4141\/revisions\/4146"}],"wp:featuredmedia":[{"embeddable":true,"href":"https:\/\/conadeh.hn\/index.php?rest_route=\/wp\/v2\/media\/4143"}],"wp:attachment":[{"href":"https:\/\/conadeh.hn\/index.php?rest_route=%2Fwp%2Fv2%2Fmedia&parent=4141"}],"wp:term":[{"taxonomy":"category","embeddable":true,"href":"https:\/\/conadeh.hn\/index.php?rest_route=%2Fwp%2Fv2%2Fcategories&post=4141"},{"taxonomy":"post_tag","embeddable":true,"href":"https:\/\/conadeh.hn\/index.php?rest_route=%2Fwp%2Fv2%2Ftags&post=4141"}],"curies":[{"name":"wp","href":"https:\/\/api.w.org\/{rel}","templated":true}]}}