{"id":4109,"date":"2025-04-08T21:33:49","date_gmt":"2025-04-08T21:33:49","guid":{"rendered":"https:\/\/conadeh.hn\/?p=4109"},"modified":"2025-04-08T21:36:44","modified_gmt":"2025-04-08T21:36:44","slug":"advierte-conadeh-medidas-para-restringir-derecho-a-la-protesta-nos-pone-en-la-mira-de-la-comunidad-internacional","status":"publish","type":"post","link":"https:\/\/conadeh.hn\/?p=4109","title":{"rendered":"Advierte CONADEH: Medidas para restringir derecho a la protesta nos pone en la \u201cmira\u201d de la comunidad internacional"},"content":{"rendered":"\t\t<div data-elementor-type=\"wp-post\" data-elementor-id=\"4109\" class=\"elementor elementor-4109\">\n\t\t\t\t<div class=\"elementor-element elementor-element-6e1850ed e-flex e-con-boxed e-con e-parent\" data-id=\"6e1850ed\" data-element_type=\"container\" data-e-type=\"container\">\n\t\t\t\t\t<div class=\"e-con-inner\">\n\t\t\t\t<div class=\"elementor-element elementor-element-6c0edc03 elementor-widget elementor-widget-text-editor\" data-id=\"6c0edc03\" data-element_type=\"widget\" data-e-type=\"widget\" data-widget_type=\"text-editor.default\">\n\t\t\t\t<div class=\"elementor-widget-container\">\n\t\t\t\t\t\t\t\t\t\n<p> <\/p>\n\t\t\t\t\t\t\t\t<\/div>\n\t\t\t\t<\/div>\n\t\t\t\t\t<\/div>\n\t\t\t\t<\/div>\n\t\t<div class=\"elementor-element elementor-element-382a55d e-flex e-con-boxed e-con e-parent\" data-id=\"382a55d\" data-element_type=\"container\" data-e-type=\"container\">\n\t\t\t\t\t<div class=\"e-con-inner\">\n\t\t\t\t<div class=\"elementor-element elementor-element-96aef5f elementor-widget elementor-widget-text-editor\" data-id=\"96aef5f\" data-element_type=\"widget\" data-e-type=\"widget\" data-widget_type=\"text-editor.default\">\n\t\t\t\t<div class=\"elementor-widget-container\">\n\t\t\t\t\t\t\t\t\t<p><u>Advierte CONADEH:<\/u><\/p>\n<p>Medidas para restringir derecho a la protesta nos pone en la \u201cmira\u201d de la comunidad internacional<\/p>\n<p>El Comisionado Nacional de los Derechos Humanos (CONADEH) advirti\u00f3 hoy que, el Estado hondure\u00f1o estar\u00eda en la \u201cmira\u201d de la comunidad internacional luego que la Secretar\u00eda de Seguridad anunciara la implementaci\u00f3n \u00a0medidas para restringir el derecho a la protesta de las personas en el pa\u00eds<\/p>\n<p>Ricardo L\u00f3pez, Delegado Adjunto del CONADEH declar\u00f3 que, al establecer mecanismos restrictivos hacia las libertades de expresi\u00f3n y \u00a0de manifestaci\u00f3n, el Estado hondure\u00f1o queda sujeto a un escrutinio m\u00e1s directo por considerar que se est\u00e1n violentando los derechos humanos al no permitir que las personas se manifiesten.\u00a0<\/p>\n<p>Se estima que, entre el\u00a0 2022 y marzo del 2025 se registraron, en el pa\u00eds, alrededor de 1,923 manifestaciones de protesta por parte diferentes sectores de la sociedad, de las cuales, el 98% de los mismas se realizaron de manera pac\u00edfica, a lo largo y ancho del territorio nacional.<\/p>\n<p>Al menos, 16 de los 18 departamentos del pa\u00eds fueron escenario de manifestaciones de protesta, sin embargo, alrededor del 50% se llevaron a cabo en Francisco Moraz\u00e1n y Cort\u00e9s.<\/p>\n<p>L\u00f3pez expres\u00f3 que todo gobierno debe respetar el derecho a la manifestaci\u00f3n que tiene la ciudadan\u00eda y cualquier persona, en particular, a efecto de ser escuchada en sus demandas.<\/p>\n<p>Agreg\u00f3 que, toda persona tiene derecho a manifestarse, de manera pac\u00edfica, en todo el territorio nacional y no debe ser reprochada y menos criminalizada.<\/p>\n<p>Sobre el anuncio hecho por la\u00a0 Secretar\u00eda de Seguridad\u00a0 de realizar registros fotogr\u00e1ficos y audiovisuales y deducir responsabilidades, L\u00f3pez espera que no se haga uso de recursos penales que son tan lesivos\u00a0 porque lo que quiere la poblaci\u00f3n es ser escuchada y que se atiendan las necesidades que existen en sus comunidades.<\/p>\n<p>Como Instituci\u00f3n Nacional de Derechos Humanos (INDH) hemos hecho \u00e9nfasis que hacer perfiles de las personas que se encuentran en las manifestaciones podr\u00eda ser interpretado como una intensi\u00f3n de poder tomar represalias o como un mecanismo para amedrentar y perseguir a las personas que ejercen su \u00a0derecho leg\u00edtimo a salir a las calles para exigir justicia.<\/p>\n<p>Explic\u00f3 que la manifestaci\u00f3n\u00a0 es un derecho que tiene la poblaci\u00f3n, en general, para hacerse escuchar por parte de las autoridades que muchas veces ponen o\u00eddos sordos a las demandas de la poblaci\u00f3n en los diferentes departamentos\u00a0 y municipios de la Rep\u00fablica.<\/p>\n<p>\u201cEl derecho a la manifestaci\u00f3n lleva consigo\u00a0 el tema de la libertad de expresi\u00f3n\u00a0 y el derecho a opinar sobre los asuntos de inter\u00e9s nacional\u00a0 y que afectan a la poblaci\u00f3n\u201d, expres\u00f3.<\/p>\n<p>Las personas tienen el derecho a manifestarse y el Estado tiene el deber de escucharlas para dar respuesta a sus peticiones, en ese sentido, el Estado hondure\u00f1o debe tener un\u00a0 an\u00e1lisis previo\u00a0 antes de establecer mecanismos que vaya a restringir ese derecho.<\/p>\n<p>Estado debe respetar y garantizar el derecho a la reuni\u00f3n<\/p>\n<p>El CONADEH por medio de su Titular, Blanca Izaguirre, indic\u00f3 que la protesta social se configura como un elemento esencial para la existencia y consolidaci\u00f3n de sociedades democr\u00e1ticas, por lo que, es deber del Estado respetar, proteger, facilitar y garantizar el derecho a la reuni\u00f3n en todas sus manifestaciones.<\/p>\n<p>Adem\u00e1s, que el ejercicio de la protesta social no debe sujetarse a una autorizaci\u00f3n por parte de las autoridades ni a requisitos excesivos que dificulten su realizaci\u00f3n.<\/p>\n<p>Finalmente, recomend\u00f3 a la Secretar\u00eda de Seguridad y al Ministerio P\u00fablico abstenerse de emplear medidas que restrinjan arbitrariamente el derecho a la protesta de las y los ciudadanos, as\u00ed como evitar la criminalizaci\u00f3n del libre ejercicio de este derecho y los dem\u00e1s conexos y promover un entorno seguro para el ejercicio de la libertad de expresi\u00f3n, reuni\u00f3n y asociaci\u00f3n.<\/p>\t\t\t\t\t\t\t\t<\/div>\n\t\t\t\t<\/div>\n\t\t\t\t\t<\/div>\n\t\t\t\t<\/div>\n\t\t<div class=\"elementor-element elementor-element-9b3826c e-flex e-con-boxed e-con e-parent\" data-id=\"9b3826c\" data-element_type=\"container\" data-e-type=\"container\">\n\t\t\t\t\t<div class=\"e-con-inner\">\n\t\t\t\t<div class=\"elementor-element elementor-element-0c0ba5d elementor-widget elementor-widget-image\" data-id=\"0c0ba5d\" data-element_type=\"widget\" data-e-type=\"widget\" data-widget_type=\"image.default\">\n\t\t\t\t<div class=\"elementor-widget-container\">\n\t\t\t\t\t\t\t\t\t\t\t\t\t\t\t<img fetchpriority=\"high\" decoding=\"async\" width=\"750\" height=\"471\" src=\"https:\/\/conadeh.hn\/wp-content\/uploads\/2025\/02\/abo-riki.jpeg\" class=\"attachment-large size-large wp-image-3955\" alt=\"\" srcset=\"https:\/\/conadeh.hn\/wp-content\/uploads\/2025\/02\/abo-riki.jpeg 1600w, https:\/\/conadeh.hn\/wp-content\/uploads\/2025\/02\/abo-riki-300x188.jpeg 300w, https:\/\/conadeh.hn\/wp-content\/uploads\/2025\/02\/abo-riki-768x482.jpeg 768w, https:\/\/conadeh.hn\/wp-content\/uploads\/2025\/02\/abo-riki-1536x965.jpeg 1536w\" sizes=\"(max-width: 750px) 100vw, 750px\" \/>\t\t\t\t\t\t\t\t\t\t\t\t\t\t\t<\/div>\n\t\t\t\t<\/div>\n\t\t\t\t\t<\/div>\n\t\t\t\t<\/div>\n\t\t\t\t<\/div>\n\t\t","protected":false},"excerpt":{"rendered":"<p>Advierte CONADEH: Medidas para restringir derecho a la protesta nos pone en la \u201cmira\u201d de la comunidad internacional El Comisionado Nacional de los Derechos Humanos (CONADEH) advirti\u00f3 hoy que, el Estado hondure\u00f1o estar\u00eda en la \u201cmira\u201d de la comunidad internacional luego que la Secretar\u00eda de Seguridad anunciara la implementaci\u00f3n \u00a0medidas [&hellip;]<\/p>\n","protected":false},"author":2,"featured_media":3955,"comment_status":"closed","ping_status":"closed","sticky":false,"template":"","format":"standard","meta":{"saved_in_kubio":false,"_themeisle_gutenberg_block_has_review":false,"_kadence_starter_templates_imported_post":false,"footnotes":""},"categories":[1],"tags":[],"class_list":["post-4109","post","type-post","status-publish","format-standard","has-post-thumbnail","hentry","category-uncategorized"],"_links":{"self":[{"href":"https:\/\/conadeh.hn\/index.php?rest_route=\/wp\/v2\/posts\/4109","targetHints":{"allow":["GET"]}}],"collection":[{"href":"https:\/\/conadeh.hn\/index.php?rest_route=\/wp\/v2\/posts"}],"about":[{"href":"https:\/\/conadeh.hn\/index.php?rest_route=\/wp\/v2\/types\/post"}],"author":[{"embeddable":true,"href":"https:\/\/conadeh.hn\/index.php?rest_route=\/wp\/v2\/users\/2"}],"replies":[{"embeddable":true,"href":"https:\/\/conadeh.hn\/index.php?rest_route=%2Fwp%2Fv2%2Fcomments&post=4109"}],"version-history":[{"count":4,"href":"https:\/\/conadeh.hn\/index.php?rest_route=\/wp\/v2\/posts\/4109\/revisions"}],"predecessor-version":[{"id":4113,"href":"https:\/\/conadeh.hn\/index.php?rest_route=\/wp\/v2\/posts\/4109\/revisions\/4113"}],"wp:featuredmedia":[{"embeddable":true,"href":"https:\/\/conadeh.hn\/index.php?rest_route=\/wp\/v2\/media\/3955"}],"wp:attachment":[{"href":"https:\/\/conadeh.hn\/index.php?rest_route=%2Fwp%2Fv2%2Fmedia&parent=4109"}],"wp:term":[{"taxonomy":"category","embeddable":true,"href":"https:\/\/conadeh.hn\/index.php?rest_route=%2Fwp%2Fv2%2Fcategories&post=4109"},{"taxonomy":"post_tag","embeddable":true,"href":"https:\/\/conadeh.hn\/index.php?rest_route=%2Fwp%2Fv2%2Ftags&post=4109"}],"curies":[{"name":"wp","href":"https:\/\/api.w.org\/{rel}","templated":true}]}}