{"id":3895,"date":"2025-02-17T15:26:33","date_gmt":"2025-02-17T15:26:33","guid":{"rendered":"https:\/\/conadeh.hn\/?p=3895"},"modified":"2025-02-17T15:32:34","modified_gmt":"2025-02-17T15:32:34","slug":"conadeh-mp-y-la-policia-deben-redoblar-esfuerzos-para-que-crimen-de-juan-lopez-no-quede-impune","status":"publish","type":"post","link":"https:\/\/conadeh.hn\/?p=3895","title":{"rendered":"CONADEH: MP y la polic\u00eda deben redoblar esfuerzos para que crimen de Juan L\u00f3pez no quede impune"},"content":{"rendered":"\t\t<div data-elementor-type=\"wp-post\" data-elementor-id=\"3895\" class=\"elementor elementor-3895\">\n\t\t\t\t<div class=\"elementor-element elementor-element-2b975ae e-flex e-con-boxed e-con e-parent\" data-id=\"2b975ae\" data-element_type=\"container\" data-e-type=\"container\">\n\t\t\t\t\t<div class=\"e-con-inner\">\n\t\t\t\t<div class=\"elementor-element elementor-element-85ee57b elementor-widget elementor-widget-text-editor\" data-id=\"85ee57b\" data-element_type=\"widget\" data-e-type=\"widget\" data-widget_type=\"text-editor.default\">\n\t\t\t\t<div class=\"elementor-widget-container\">\n\t\t\t\t\t\t\t\t\t<p><strong><u>CONADEH:<\/u><\/strong><\/p><p><strong>MP y la polic\u00eda deben redoblar esfuerzos para que crimen de Juan L\u00f3pez no quede impune<\/strong><\/p><ul><li><strong>Entre el 2023 y el 2024 el CONADEH registr\u00f3 la muerte de una veintena de defensores de los derechos humanos de los cuales, al menos, 17 se dedicaban a la defensa del ambiente, la tierra y el territorio<\/strong><\/li><\/ul><p>El Comisionado Nacional de los Derechos Humanos (CONADEH) inst\u00f3 hoy al Ministerio P\u00fablico (MP) y la Secretar\u00eda de Seguridad\u00a0 a redoblar esfuerzos\u00a0 para investigar, judicializar y se sancione a los responsables del asesinato del defensor del ambiente Juan L\u00f3pez, ocurrida hace cinco meses, en Tocoa, Col\u00f3n.<\/p><p>Daniel C\u00e1ceres, director del Observatorio Nacional de los Derechos Humanos del CONADEH hizo \u00e9nfasis especial en el efecto que tiene, tanto la falta una investigaci\u00f3n oportuna como la falta de acceso a la a la justicia, en el caso de\u00a0 Juan L\u00f3pez.<\/p><p>Son elementos que deben tomarse en consideraci\u00f3n, porque no solo se necesita de una normativa adecuada, sino que tambi\u00e9n, las instituciones operadoras de justicia, en este caso el Ministerio P\u00fablico y la Secretaria de Seguridad tienen que tomar doble esfuerzo para investigar y se sancione a los responsables, indic\u00f3.<\/p><p>Agreg\u00f3 que, algo que se debe tener en consideraci\u00f3n es que, entre m\u00e1s r\u00e1pido se realizan las investigaciones\u00a0 mas valor va a tener la prueba.<\/p><p>Explic\u00f3 que, la carga de la prueba es un elemento fundamental\u00a0 en este proceso de investigaci\u00f3n porque, entre m\u00e1s r\u00e1pido se encuentre y m\u00e1s r\u00e1pido se presente, mayor preservaci\u00f3n va a tener la misma y mayor peso va a tener en el juicio.<\/p><p>El CONADEH requiri\u00f3 al Ministerio P\u00fablico \u00a0para que le informe sobre los avances de las diligencias investigativas realizadas sobre el caso del asesinato del ambientalista Juan L\u00f3pez.<\/p><p>Respuesta que ya fue recibida y que, en la actualidad, es objeto de an\u00e1lisis en la Instituci\u00f3n Nacional de Derechos Humanos.<\/p><p>C\u00e1ceres declar\u00f3 que, el CONADEH, est\u00e1 con toda la disposici\u00f3n de trabajar, en conjunto,\u00a0 no solamente con las instituciones estatales, sino que con los familiares de las v\u00edctimas para darle mayor celeridad al proceso.<\/p><p>Asesinado el 14 de septiembre del 2024, Juan L\u00f3pez, integrante del Comit\u00e9 de Defensa de Bienes Comunes, funcionario p\u00fablico de la Corporaci\u00f3n Municipal de Tocoa, Colon y l\u00edder religioso de la zona, \u00a0era uno de los 20 beneficiarios de medidas cautelares otorgadas por Comisi\u00f3n Interamericana de Derechos Humanos (CIDH), desde el 5 de octubre de 2023.<\/p><p>Previo a su asesinato, el Estado de Honduras no adopt\u00f3 las medidas de protecci\u00f3n, pese a que el \u00a0\u00a0CONADEH advirti\u00f3 su acentuada situaci\u00f3n de riesgo, a trav\u00e9s de una Alerta Temprana, emitida el \u00a010 de septiembre del 2024, sobre \u00a0la \u00a0falta \u00a0de \u00a0adopci\u00f3n \u00a0de \u00a0medidas \u00a0cautelares \u00a0dictadas \u00a0por \u00a0la Comisi\u00f3n Interamericana de Derechos Humanos a favor de las y los Integrantes del Comit\u00e9 Municipal de Defensa de los Bienes Comunes y P\u00fablicos de Tocoa.<\/p><p><em>\u00a0<\/em>Desde el momento en que se tuvo conocimiento de la muerte del defensor del ambiente, el CONADEH recomend\u00f3, al Estado de Honduras, realizar una investigaci\u00f3n oportuna, independiente, imparcial y exhaustiva. Adem\u00e1s de tomar en cuenta los m\u00e1s altos est\u00e1ndares internacionales relativos a la debida diligencia en las investigaciones de violaciones a los derechos humanos.<\/p>\t\t\t\t\t\t\t\t<\/div>\n\t\t\t\t<\/div>\n\t\t\t\t\t<\/div>\n\t\t\t\t<\/div>\n\t\t<div class=\"elementor-element elementor-element-3f61ee9 e-flex e-con-boxed e-con e-parent\" data-id=\"3f61ee9\" data-element_type=\"container\" data-e-type=\"container\">\n\t\t\t\t\t<div class=\"e-con-inner\">\n\t\t\t\t<div class=\"elementor-element elementor-element-6d83d28 elementor-widget elementor-widget-image\" data-id=\"6d83d28\" data-element_type=\"widget\" data-e-type=\"widget\" data-widget_type=\"image.default\">\n\t\t\t\t<div class=\"elementor-widget-container\">\n\t\t\t\t\t\t\t\t\t\t\t\t\t\t\t<img fetchpriority=\"high\" decoding=\"async\" width=\"750\" height=\"476\" src=\"https:\/\/conadeh.hn\/wp-content\/uploads\/2025\/02\/DANIEL-CACERES.jpg\" class=\"attachment-large size-large wp-image-3897\" alt=\"\" srcset=\"https:\/\/conadeh.hn\/wp-content\/uploads\/2025\/02\/DANIEL-CACERES.jpg 1132w, https:\/\/conadeh.hn\/wp-content\/uploads\/2025\/02\/DANIEL-CACERES-300x191.jpg 300w, https:\/\/conadeh.hn\/wp-content\/uploads\/2025\/02\/DANIEL-CACERES-768x488.jpg 768w\" sizes=\"(max-width: 750px) 100vw, 750px\" \/>\t\t\t\t\t\t\t\t\t\t\t\t\t\t\t<\/div>\n\t\t\t\t<\/div>\n\t\t\t\t\t<\/div>\n\t\t\t\t<\/div>\n\t\t\t\t<\/div>\n\t\t","protected":false},"excerpt":{"rendered":"<p>CONADEH: MP y la polic\u00eda deben redoblar esfuerzos para que crimen de Juan L\u00f3pez no quede impune Entre el 2023 y el 2024 el CONADEH registr\u00f3 la muerte de una veintena de defensores de los derechos humanos de los cuales, al menos, 17 se dedicaban a la defensa del ambiente, [&hellip;]<\/p>\n","protected":false},"author":2,"featured_media":3897,"comment_status":"closed","ping_status":"closed","sticky":false,"template":"","format":"standard","meta":{"saved_in_kubio":false,"_themeisle_gutenberg_block_has_review":false,"_kadence_starter_templates_imported_post":false,"footnotes":""},"categories":[1],"tags":[],"class_list":["post-3895","post","type-post","status-publish","format-standard","has-post-thumbnail","hentry","category-uncategorized"],"_links":{"self":[{"href":"https:\/\/conadeh.hn\/index.php?rest_route=\/wp\/v2\/posts\/3895","targetHints":{"allow":["GET"]}}],"collection":[{"href":"https:\/\/conadeh.hn\/index.php?rest_route=\/wp\/v2\/posts"}],"about":[{"href":"https:\/\/conadeh.hn\/index.php?rest_route=\/wp\/v2\/types\/post"}],"author":[{"embeddable":true,"href":"https:\/\/conadeh.hn\/index.php?rest_route=\/wp\/v2\/users\/2"}],"replies":[{"embeddable":true,"href":"https:\/\/conadeh.hn\/index.php?rest_route=%2Fwp%2Fv2%2Fcomments&post=3895"}],"version-history":[{"count":4,"href":"https:\/\/conadeh.hn\/index.php?rest_route=\/wp\/v2\/posts\/3895\/revisions"}],"predecessor-version":[{"id":3900,"href":"https:\/\/conadeh.hn\/index.php?rest_route=\/wp\/v2\/posts\/3895\/revisions\/3900"}],"wp:featuredmedia":[{"embeddable":true,"href":"https:\/\/conadeh.hn\/index.php?rest_route=\/wp\/v2\/media\/3897"}],"wp:attachment":[{"href":"https:\/\/conadeh.hn\/index.php?rest_route=%2Fwp%2Fv2%2Fmedia&parent=3895"}],"wp:term":[{"taxonomy":"category","embeddable":true,"href":"https:\/\/conadeh.hn\/index.php?rest_route=%2Fwp%2Fv2%2Fcategories&post=3895"},{"taxonomy":"post_tag","embeddable":true,"href":"https:\/\/conadeh.hn\/index.php?rest_route=%2Fwp%2Fv2%2Ftags&post=3895"}],"curies":[{"name":"wp","href":"https:\/\/api.w.org\/{rel}","templated":true}]}}