{"id":3883,"date":"2025-02-12T19:34:39","date_gmt":"2025-02-12T19:34:39","guid":{"rendered":"https:\/\/conadeh.hn\/?p=3883"},"modified":"2025-02-12T21:19:45","modified_gmt":"2025-02-12T21:19:45","slug":"un-nuevo-desafio-para-honduras","status":"publish","type":"post","link":"https:\/\/conadeh.hn\/?p=3883","title":{"rendered":"Un nuevo desaf\u00edo para Honduras: Sectores vulnerables ser\u00e1n afectados con la cancelaci\u00f3n de programas de USAID"},"content":{"rendered":"\t\t<div data-elementor-type=\"wp-post\" data-elementor-id=\"3883\" class=\"elementor elementor-3883\">\n\t\t\t\t<div class=\"elementor-element elementor-element-88d562e e-flex e-con-boxed e-con e-parent\" data-id=\"88d562e\" data-element_type=\"container\" data-e-type=\"container\">\n\t\t\t\t\t<div class=\"e-con-inner\">\n\t\t\t\t<div class=\"elementor-element elementor-element-4253d9c elementor-widget elementor-widget-text-editor\" data-id=\"4253d9c\" data-element_type=\"widget\" data-e-type=\"widget\" data-widget_type=\"text-editor.default\">\n\t\t\t\t<div class=\"elementor-widget-container\">\n\t\t\t\t\t\t\t\t\t<p><strong><u>Un nuevo desaf\u00edo para Honduras:<\/u><\/strong><\/p><p><strong>Sectores vulnerables ser\u00e1n afectados con la cancelaci\u00f3n de programas de USAID<\/strong><\/p><p><\/p><ul><li><strong>La coordinadora de la Defensor\u00eda de Movilidad Humana del CONADEH fue contundente al se\u00f1alar que uno de los sectores afectados son las v\u00edctimas de desplazamiento forzado interno.<\/strong><\/li><\/ul><p>La cancelaci\u00f3n de los programas y proyectos financiados por la Agencia de los Estados Unidos para el Desarrollo Internacional (USAID) traer\u00e1 una serie de repercusiones a los sectores m\u00e1s vulnerables en Honduras, al no continuar recibiendo la asistencia humanitaria derivada de los mismos, seg\u00fan el Comisionado Nacional de los Derechos Humanos (CONADEH).<\/p><p>Elsy Reyes, coordinadora de la Defensor\u00eda de Movilidad Humana del CONADEH mencion\u00f3 que, entre los sectores en condici\u00f3n de vulnerabilidad afectados estar\u00edan los ni\u00f1os,\u00a0 las mujeres, personas migrantes retornadas y grupos de la comunidad LGTBIQ+.<\/p><p>Adem\u00e1s, hay algunos programas de USAID que, a trav\u00e9s de algunas organizaciones, estaban apoyando a personas v\u00edctimas de violencia o en riesgo, es decir, casos de personas que hab\u00edan salido huyendo por temas de desplazamiento forzado.<\/p><p>Indic\u00f3 que las repercusiones ser\u00edan altas, porque, en el pa\u00eds, hay muy pocos programas que apoyan directamente a las comunidades y, en particular, a las personas en condici\u00f3n de vulnerabilidad.<\/p><p>Agreg\u00f3 que el llamado es para que el Estado hondure\u00f1o se preocupe por atender las causas que generan la migraci\u00f3n, que la poblaci\u00f3n tenga acceso a la educaci\u00f3n y a la salud de calidad y establecer mecanismos que permitan la reintegraci\u00f3n de los\u00a0 migrantes retornados.<\/p><p>\u201cEs urgente la regeneraci\u00f3n de empleos para lo cual se debe contar con el apoyo de la empresa privada para buscar nuevas oportunidades\u201d.<\/p><p>Explic\u00f3 que USAID estaba trabajando fuertemente en capacitar a j\u00f3venes emprendedores que necesitan no solo del apoyo econ\u00f3mico, sino que, de formaci\u00f3n, para poder tener un trabajo digno.<\/p><p>Ahora todo esto ya no se va a brindar y se convierte en un nuevo desaf\u00edo para el Estado y \u00a0ver c\u00f3mo va a responder ante esas necesidades.<\/p><p>Reyes considera que el Gobierno tiene que ir trabajando en identificar aquellos programas que funcionaron muy bien y que han llegado a diferentes sectores y grupos en condici\u00f3n de vulnerabilidad para responder a las necesidades a nivel de las comunidades.<\/p><p><strong>Victimas de desplazamiento forzado entre los afectados<\/strong><\/p><p>Reyes\u00a0 expuso que uno de los sectores afectados, son las v\u00edctimas de desplazamiento forzado interno.<\/p><p>Hay organizaciones que prestan apoyo con asistencia humanitaria,\u00a0 atenci\u00f3n psicosocial, alojamiento temporal, alimentaci\u00f3n e incluso de reubicaci\u00f3n\u00a0 por dos o tres meses para salvaguardar su integridad y su vida y ya notificaron que no continuaran con ese tipo de ayuda para las personas v\u00edctimas de desplazamiento forzado.<\/p><p>Agreg\u00f3 que tambi\u00e9n hay algunas organizaciones que ya notificaron\u00a0 que no van a poder trabajar a nivel de gobiernos municipales el tema de migrantes retornados, lo cual es motivo de preocupaci\u00f3n, expres\u00f3.<\/p><p>En Honduras, los programas de USAID tienen\u00a0 como finalidad fortalecer la participaci\u00f3n de grupos marginados en la gobernaci\u00f3n tanto a nivel local como nacional. Adem\u00e1s, incrementar la seguridad alimentaria para los sectores m\u00e1s pobres de la sociedad, apoyar la energ\u00eda renovable y la conservaci\u00f3n del medioambiente.<\/p><p>Tambi\u00e9n, mejorar el acceso a una educaci\u00f3n p\u00fablica de calidad y servicios de salud para los ciudadanos a trav\u00e9s de la optimizaci\u00f3n del desempe\u00f1o de los gobiernos locales, autoridades, y la sociedad civil.<\/p><p>Horas despu\u00e9s de asumir el cargo, el Presidente Donald Trump orden\u00f3 la congelaci\u00f3n de la mayor parte de la ayuda exterior de los Estados Unidos.<\/p>\t\t\t\t\t\t\t\t<\/div>\n\t\t\t\t<\/div>\n\t\t\t\t\t<\/div>\n\t\t\t\t<\/div>\n\t\t<div class=\"elementor-element elementor-element-a4678e3 e-flex e-con-boxed e-con e-parent\" data-id=\"a4678e3\" data-element_type=\"container\" data-e-type=\"container\">\n\t\t\t\t\t<div class=\"e-con-inner\">\n\t\t\t\t<div class=\"elementor-element elementor-element-c2f012b elementor-widget elementor-widget-image\" data-id=\"c2f012b\" data-element_type=\"widget\" data-e-type=\"widget\" data-widget_type=\"image.default\">\n\t\t\t\t<div class=\"elementor-widget-container\">\n\t\t\t\t\t\t\t\t\t\t\t\t\t\t\t<img fetchpriority=\"high\" decoding=\"async\" width=\"184\" height=\"348\" src=\"https:\/\/conadeh.hn\/wp-content\/uploads\/2025\/02\/elsy-2.jpg\" class=\"attachment-large size-large wp-image-3884\" alt=\"\" srcset=\"https:\/\/conadeh.hn\/wp-content\/uploads\/2025\/02\/elsy-2.jpg 184w, https:\/\/conadeh.hn\/wp-content\/uploads\/2025\/02\/elsy-2-159x300.jpg 159w\" sizes=\"(max-width: 184px) 100vw, 184px\" \/>\t\t\t\t\t\t\t\t\t\t\t\t\t\t\t<\/div>\n\t\t\t\t<\/div>\n\t\t\t\t\t<\/div>\n\t\t\t\t<\/div>\n\t\t\t\t<\/div>\n\t\t","protected":false},"excerpt":{"rendered":"","protected":false},"author":2,"featured_media":3884,"comment_status":"closed","ping_status":"closed","sticky":false,"template":"","format":"standard","meta":{"saved_in_kubio":false,"_themeisle_gutenberg_block_has_review":false,"_kadence_starter_templates_imported_post":false,"footnotes":""},"categories":[1],"tags":[],"class_list":["post-3883","post","type-post","status-publish","format-standard","has-post-thumbnail","hentry","category-uncategorized"],"_links":{"self":[{"href":"https:\/\/conadeh.hn\/index.php?rest_route=\/wp\/v2\/posts\/3883","targetHints":{"allow":["GET"]}}],"collection":[{"href":"https:\/\/conadeh.hn\/index.php?rest_route=\/wp\/v2\/posts"}],"about":[{"href":"https:\/\/conadeh.hn\/index.php?rest_route=\/wp\/v2\/types\/post"}],"author":[{"embeddable":true,"href":"https:\/\/conadeh.hn\/index.php?rest_route=\/wp\/v2\/users\/2"}],"replies":[{"embeddable":true,"href":"https:\/\/conadeh.hn\/index.php?rest_route=%2Fwp%2Fv2%2Fcomments&post=3883"}],"version-history":[{"count":3,"href":"https:\/\/conadeh.hn\/index.php?rest_route=\/wp\/v2\/posts\/3883\/revisions"}],"predecessor-version":[{"id":3887,"href":"https:\/\/conadeh.hn\/index.php?rest_route=\/wp\/v2\/posts\/3883\/revisions\/3887"}],"wp:featuredmedia":[{"embeddable":true,"href":"https:\/\/conadeh.hn\/index.php?rest_route=\/wp\/v2\/media\/3884"}],"wp:attachment":[{"href":"https:\/\/conadeh.hn\/index.php?rest_route=%2Fwp%2Fv2%2Fmedia&parent=3883"}],"wp:term":[{"taxonomy":"category","embeddable":true,"href":"https:\/\/conadeh.hn\/index.php?rest_route=%2Fwp%2Fv2%2Fcategories&post=3883"},{"taxonomy":"post_tag","embeddable":true,"href":"https:\/\/conadeh.hn\/index.php?rest_route=%2Fwp%2Fv2%2Ftags&post=3883"}],"curies":[{"name":"wp","href":"https:\/\/api.w.org\/{rel}","templated":true}]}}