{"id":3845,"date":"2025-02-06T21:38:42","date_gmt":"2025-02-06T21:38:42","guid":{"rendered":"https:\/\/conadeh.hn\/?p=3845"},"modified":"2025-02-06T21:43:57","modified_gmt":"2025-02-06T21:43:57","slug":"conadeh-6","status":"publish","type":"post","link":"https:\/\/conadeh.hn\/?p=3845","title":{"rendered":"CONADEH: Violencia contra las mujeres en pol\u00edtica es de las m\u00e1s crueles y persistentes formas de exclusi\u00f3n"},"content":{"rendered":"\t\t<div data-elementor-type=\"wp-post\" data-elementor-id=\"3845\" class=\"elementor elementor-3845\">\n\t\t\t\t<div class=\"elementor-element elementor-element-249395d e-flex e-con-boxed e-con e-parent\" data-id=\"249395d\" data-element_type=\"container\" data-e-type=\"container\">\n\t\t\t\t\t<div class=\"e-con-inner\">\n\t\t\t\t<div class=\"elementor-element elementor-element-47a7040 elementor-widget elementor-widget-text-editor\" data-id=\"47a7040\" data-element_type=\"widget\" data-e-type=\"widget\" data-widget_type=\"text-editor.default\">\n\t\t\t\t<div class=\"elementor-widget-container\">\n\t\t\t\t\t\t\t\t\t<p><strong><u>CONADEH:<\/u><\/strong><\/p><p><strong>Violencia contra las mujeres en pol\u00edtica es de las m\u00e1s crueles y persistentes formas de exclusi\u00f3n<\/strong><\/p><p>El Comisionado Nacional de los Derechos Humanos (CONADEH) fue contundente hoy al se\u00f1alar que la violencia contra las mujeres en la pol\u00edtica es de las\u00a0 m\u00e1s \u201ccrueles\u201d y persistentes formas de exclusi\u00f3n, que limita a este sector de la poblaci\u00f3n en la ocupaci\u00f3n de espacios de poder, restringe la libertad de expresi\u00f3n y desmotiva a las que desean incidir en la toma de decisiones.<\/p><p>La coordinadora de la Defensor\u00eda de la Mujer del CONADEH, Aurora Rueda declar\u00f3 que por cada mujer que es \u201csilenciada\u201d en la pol\u00edtica es una oportunidad perdida para fortalecer la democracia.<\/p><p>Indic\u00f3 que cada lideresa que abandona la lucha por miedo o por violencia, representa un retroceso en la construcci\u00f3n de un pa\u00eds m\u00e1s equitativo.<\/p><p>Adem\u00e1s, que no se puede seguir normalizando que la pol\u00edtica sea un terreno hostil para las mujeres.<\/p><p>Como Instituci\u00f3n Nacional de Derechos Humano reafirmamos nuestro compromiso de velar por los derechos pol\u00edticos de las mujeres y de impulsar medidas concretas para prevenir y sancionar la violencia en la pol\u00edtica.<\/p><p>No descansaremos hasta que ninguna mujer tenga que elegir entre su seguridad y su vocaci\u00f3n de servicio, declar\u00f3.<\/p><p>El CONADEH a trav\u00e9s de la Defensor\u00eda de la Mujer y el Proyecto Mujeres Visibles \u00a1Cambios Posibles! capacit\u00f3 a mujeres, profesionales del derecho, con el prop\u00f3sito de generar conciencia y promover un cambio cultural sobre la igualdad de g\u00e9nero.<\/p><p>La Instituci\u00f3n Nacional de Derechos Humanos \u00a0busca sensibilizar y concientizar sobre la violencia contra la mujer pol\u00edtica\u00a0 y la relevancia de su participaci\u00f3n activa en ese \u00e1mbito y en los distintos espacios de decisi\u00f3n.<\/p><p>Adem\u00e1s, fomentar mecanismos de protecci\u00f3n, promoci\u00f3n y defensa de sus derechos dentro de las entidades p\u00fablicas, organizaciones profesionales y gremiales, as\u00ed como reducir las desigualdades de g\u00e9nero para alcanzar una democracia participativa.<\/p><p>En su intervenci\u00f3n, la titular del CONADEH, Blanca Izaguirre dijo que es\u00a0 imprescindible la presencia de las mujeres en todos los espacios de toma de decisiones, su participaci\u00f3n en la vida pol\u00edtica y p\u00fablica, as\u00ed como su empoderamiento y liderazgo en la sociedad.<\/p><p>En el evento participaron diputadas y aspirantes a candidatas a cargos de elecci\u00f3n popular, as\u00ed como representantes del Frente Patria y Justicia, encabezados por su presidenta Analina Montes.<\/p><p>En el \u00faltimo proceso electoral, de noviembre del 2021, resultaron electas 35 diputadas que representan el 27% del total de diputados en el Congreso Nacional.<\/p><p>Mientras que, de las 298 alcald\u00edas del pa\u00eds, \u00fanicamente 20 son lideradas por alcaldesas, que representan el 7%, de ese total, 16 fueron electas por votaci\u00f3n popular y cuatro que la ejercen por ley.<\/p>\t\t\t\t\t\t\t\t<\/div>\n\t\t\t\t<\/div>\n\t\t\t\t\t<\/div>\n\t\t\t\t<\/div>\n\t\t<div class=\"elementor-element elementor-element-fb15351 e-flex e-con-boxed e-con e-parent\" data-id=\"fb15351\" data-element_type=\"container\" data-e-type=\"container\">\n\t\t\t\t\t<div class=\"e-con-inner\">\n\t\t\t\t<div class=\"elementor-element elementor-element-703b48f elementor-widget elementor-widget-image\" data-id=\"703b48f\" data-element_type=\"widget\" data-e-type=\"widget\" data-widget_type=\"image.default\">\n\t\t\t\t<div class=\"elementor-widget-container\">\n\t\t\t\t\t\t\t\t\t\t\t\t\t\t\t<img fetchpriority=\"high\" decoding=\"async\" width=\"750\" height=\"500\" src=\"https:\/\/conadeh.hn\/wp-content\/uploads\/2025\/02\/capacitacion-7.jpg\" class=\"attachment-large size-large wp-image-3846\" alt=\"\" srcset=\"https:\/\/conadeh.hn\/wp-content\/uploads\/2025\/02\/capacitacion-7.jpg 1920w, https:\/\/conadeh.hn\/wp-content\/uploads\/2025\/02\/capacitacion-7-300x200.jpg 300w, https:\/\/conadeh.hn\/wp-content\/uploads\/2025\/02\/capacitacion-7-768x512.jpg 768w, https:\/\/conadeh.hn\/wp-content\/uploads\/2025\/02\/capacitacion-7-1536x1024.jpg 1536w, https:\/\/conadeh.hn\/wp-content\/uploads\/2025\/02\/capacitacion-7-360x240.jpg 360w\" sizes=\"(max-width: 750px) 100vw, 750px\" \/>\t\t\t\t\t\t\t\t\t\t\t\t\t\t\t<\/div>\n\t\t\t\t<\/div>\n\t\t\t\t\t<\/div>\n\t\t\t\t<\/div>\n\t\t\t\t<\/div>\n\t\t","protected":false},"excerpt":{"rendered":"<p>CONADEH: Violencia contra las mujeres en pol\u00edtica es de las m\u00e1s crueles y persistentes formas de exclusi\u00f3n El Comisionado Nacional de los Derechos Humanos (CONADEH) fue contundente hoy al se\u00f1alar que la violencia contra las mujeres en la pol\u00edtica es de las\u00a0 m\u00e1s \u201ccrueles\u201d y persistentes formas de exclusi\u00f3n, que [&hellip;]<\/p>\n","protected":false},"author":2,"featured_media":3846,"comment_status":"closed","ping_status":"closed","sticky":false,"template":"","format":"standard","meta":{"saved_in_kubio":false,"_themeisle_gutenberg_block_has_review":false,"_kadence_starter_templates_imported_post":false,"footnotes":""},"categories":[1],"tags":[],"class_list":["post-3845","post","type-post","status-publish","format-standard","has-post-thumbnail","hentry","category-uncategorized"],"_links":{"self":[{"href":"https:\/\/conadeh.hn\/index.php?rest_route=\/wp\/v2\/posts\/3845","targetHints":{"allow":["GET"]}}],"collection":[{"href":"https:\/\/conadeh.hn\/index.php?rest_route=\/wp\/v2\/posts"}],"about":[{"href":"https:\/\/conadeh.hn\/index.php?rest_route=\/wp\/v2\/types\/post"}],"author":[{"embeddable":true,"href":"https:\/\/conadeh.hn\/index.php?rest_route=\/wp\/v2\/users\/2"}],"replies":[{"embeddable":true,"href":"https:\/\/conadeh.hn\/index.php?rest_route=%2Fwp%2Fv2%2Fcomments&post=3845"}],"version-history":[{"count":4,"href":"https:\/\/conadeh.hn\/index.php?rest_route=\/wp\/v2\/posts\/3845\/revisions"}],"predecessor-version":[{"id":3850,"href":"https:\/\/conadeh.hn\/index.php?rest_route=\/wp\/v2\/posts\/3845\/revisions\/3850"}],"wp:featuredmedia":[{"embeddable":true,"href":"https:\/\/conadeh.hn\/index.php?rest_route=\/wp\/v2\/media\/3846"}],"wp:attachment":[{"href":"https:\/\/conadeh.hn\/index.php?rest_route=%2Fwp%2Fv2%2Fmedia&parent=3845"}],"wp:term":[{"taxonomy":"category","embeddable":true,"href":"https:\/\/conadeh.hn\/index.php?rest_route=%2Fwp%2Fv2%2Fcategories&post=3845"},{"taxonomy":"post_tag","embeddable":true,"href":"https:\/\/conadeh.hn\/index.php?rest_route=%2Fwp%2Fv2%2Ftags&post=3845"}],"curies":[{"name":"wp","href":"https:\/\/api.w.org\/{rel}","templated":true}]}}