{"id":3838,"date":"2025-02-05T21:35:56","date_gmt":"2025-02-05T21:35:56","guid":{"rendered":"https:\/\/conadeh.hn\/?p=3838"},"modified":"2025-02-05T21:44:45","modified_gmt":"2025-02-05T21:44:45","slug":"a-las-autoridades-y-la-poblacion-en-general-conadeh-urge-trabajar-en-la-atencion-de-la-salud-mental","status":"publish","type":"post","link":"https:\/\/conadeh.hn\/?p=3838","title":{"rendered":"A las autoridades y la poblaci\u00f3n en general: CONADEH urge trabajar en la atenci\u00f3n de la \u00a0salud mental"},"content":{"rendered":"\t\t<div data-elementor-type=\"wp-post\" data-elementor-id=\"3838\" class=\"elementor elementor-3838\">\n\t\t\t\t<div class=\"elementor-element elementor-element-0121851 e-flex e-con-boxed e-con e-parent\" data-id=\"0121851\" data-element_type=\"container\" data-e-type=\"container\">\n\t\t\t\t\t<div class=\"e-con-inner\">\n\t\t\t\t<div class=\"elementor-element elementor-element-92d6c8d elementor-widget elementor-widget-text-editor\" data-id=\"92d6c8d\" data-element_type=\"widget\" data-e-type=\"widget\" data-widget_type=\"text-editor.default\">\n\t\t\t\t<div class=\"elementor-widget-container\">\n\t\t\t\t\t\t\t\t\t<p><strong><u>A las autoridades y la poblaci\u00f3n en general:<\/u><\/strong><\/p><p><strong>CONADEH urge trabajar en la atenci\u00f3n de la \u00a0salud mental<\/strong><\/p><ul><li><strong>Se estima que en los \u00faltimos 11 a\u00f1os (2014 y el 2024) Honduras registr\u00f3 al menos 4,041 suicidios, un promedio de 30 mensuales o uno cada 24 horas.<\/strong><\/li><\/ul><ul><li><strong>Se debe trabajar en la atenci\u00f3n a la salud mental, que es un derecho humano que forma parte del derecho que tienen todas las personas a una salud integral.<\/strong><\/li><\/ul><p>El Comisionado Nacional de los Derechos Humanos (CONADEH) exhort\u00f3 hoy a las autoridades hondure\u00f1as y a la poblaci\u00f3n en general a trabajar en la atenci\u00f3n de la salud mental, un tema tan delicado que requiere la participaci\u00f3n de todos los sectores.<\/p><p>Betina Hern\u00e1ndez, coordinadora de la Defensor\u00eda de Personas con Discapacidad del CONADEH, expres\u00f3 que el tema de la salud mental en el pa\u00eds est\u00e1 \u201cabandonado\u201d, situaci\u00f3n que preocupa dada la situaci\u00f3n de violencia que enfrenta el pueblo hondure\u00f1o.<\/p><p>Agreg\u00f3 que cada d\u00eda nos enfrentamos a situaciones de violencia, de suicidios e incluso de casos como el de una doctora que cometi\u00f3 un crimen contra su hija,\u00a0 en fecha reciente.<\/p><p>Seguramente ella estaba con un trastorno de salud mental muy severo\u00a0 que no fue detectado o no fue atendido, porque no se tiene, en nuestro sistema de salud, un debido abordaje en la tem\u00e1tica.<\/p><p>Cuestion\u00f3 que, a pesar del alto nivel de problemas de salud mental en el pa\u00eds, la gran mayor\u00eda de quienes la padecen no reciben la atenci\u00f3n que necesitan.<\/p><p>La falta de prevenci\u00f3n impide que la gente busque ayuda y eso contribuya a que este problema de salud p\u00fablica aumente cada a\u00f1o, indic\u00f3.<\/p><p>La incidencia de casos que presentan condiciones de \u00a0salud mental est\u00e1 asociada a la falta de oportunidades, a las condiciones de pobreza, de miseria y la violencia, entre otros.<\/p><p><strong>Iniciativas no han funcionado<\/strong><\/p><p>La defensora de los derechos humanos explic\u00f3 que, en los \u00faltimos a\u00f1os, se han venido dando iniciativas, pero no han tenido el funcionamiento esperado. Mencion\u00f3, para el caso, que se cre\u00f3 una Mesa de Salud Mental, \u00a0en la administraci\u00f3n del ministro anterior, pero que, en la actualidad, no es funcional.<\/p><p>Tambi\u00e9n se hizo una propuesta de Pol\u00edtica en Salud Mental que se qued\u00f3 en manos de otras instancias del gobierno y no ha sido aprobada, adem\u00e1s, existe \u00a0un Plan Nacional de Atenci\u00f3n en Salud Mental que tampoco se ejecuta.<\/p><p>La tem\u00e1tica no ha tenido\u00a0 ni el inter\u00e9s, ni el presupuesto\u00a0 ni los recursos necesarios para\u00a0 poder\u00a0 ofrecer un servicio y atender\u00a0 esa problem\u00e1tica, se\u00f1al\u00f3.<\/p><p>Reiter\u00f3 que el tema de la salud mental necesita una atenci\u00f3n urgente, que se dote de todos los recursos necesarios\u00a0 y se le\u00a0 d\u00e9 prioridad en la agenda, en momentos en que los niveles de violencia son cada d\u00eda peor, aunada a la zozobra que se vive sobre el retorno de migrantes que tiene a toda la sociedad crispada, no hay empleo y no hay oportunidades.<\/p><p>Tambi\u00e9n hizo referencia a que no hay profesionales suficientes\u00a0 que atiendan la tem\u00e1tica y si esta situaci\u00f3n se ve agravada en las grandes ciudades no digamos en \u201ctierra adentro\u201d, donde no hay servicios, ni siquiera una posibilidad de hacer prevenci\u00f3n y atender a las personas\u00a0 que entran en crisis.<\/p><p><strong>Entre el 2014 y el 2024\u00a0 se registr\u00f3 en promedio un suicidio diario<\/strong><\/p><p>Se estima que en los \u00faltimos 11 a\u00f1os (2014 y el 2024) Honduras registr\u00f3 al menos 4,041 suicidios, un promedio de 30 mensuales o uno cada 24 horas. Del total de casos el 79% eran hombres mientras que el 21% mujeres.<\/p><p>En el 2024, el total de suicidios registrados\u00a0 en el pa\u00eds fue de 387, de estos 307 hombres y 80 mujeres.<\/p><p>Entre las v\u00edctimas figuran alrededor de 48 ni\u00f1os entre 11 y 18 a\u00f1os, unos 30 adultos mayores, el resto entre los 19 y los 59 a\u00f1os.<\/p><p>Jornaleros,\u00a0 agricultores, labradores, amas de casa, comerciantes, estudiantes, alba\u00f1iles, guardias de seguridad, motoristas, maestros, profesionales universitarios, entre otros, son parte del casi medio centenar de \u00a0ocupaciones que ejerc\u00edan las personas que tomaron la fatal decisi\u00f3n de quitarse la vida.<\/p>\t\t\t\t\t\t\t\t<\/div>\n\t\t\t\t<\/div>\n\t\t\t\t\t<\/div>\n\t\t\t\t<\/div>\n\t\t<div class=\"elementor-element elementor-element-dc4a506 e-flex e-con-boxed e-con e-parent\" data-id=\"dc4a506\" data-element_type=\"container\" data-e-type=\"container\">\n\t\t\t\t\t<div class=\"e-con-inner\">\n\t\t\t\t<div class=\"elementor-element elementor-element-bedcde2 elementor-widget elementor-widget-image\" data-id=\"bedcde2\" data-element_type=\"widget\" data-e-type=\"widget\" data-widget_type=\"image.default\">\n\t\t\t\t<div class=\"elementor-widget-container\">\n\t\t\t\t\t\t\t\t\t\t\t\t\t\t\t<img fetchpriority=\"high\" decoding=\"async\" width=\"750\" height=\"961\" src=\"https:\/\/conadeh.hn\/wp-content\/uploads\/2025\/02\/Betina.jpg\" class=\"attachment-large size-large wp-image-3840\" alt=\"\" srcset=\"https:\/\/conadeh.hn\/wp-content\/uploads\/2025\/02\/Betina.jpg 1019w, https:\/\/conadeh.hn\/wp-content\/uploads\/2025\/02\/Betina-234x300.jpg 234w, https:\/\/conadeh.hn\/wp-content\/uploads\/2025\/02\/Betina-768x984.jpg 768w\" sizes=\"(max-width: 750px) 100vw, 750px\" \/>\t\t\t\t\t\t\t\t\t\t\t\t\t\t\t<\/div>\n\t\t\t\t<\/div>\n\t\t\t\t\t<\/div>\n\t\t\t\t<\/div>\n\t\t\t\t<\/div>\n\t\t","protected":false},"excerpt":{"rendered":"<p>A las autoridades y la poblaci\u00f3n en general: CONADEH urge trabajar en la atenci\u00f3n de la \u00a0salud mental Se estima que en los \u00faltimos 11 a\u00f1os (2014 y el 2024) Honduras registr\u00f3 al menos 4,041 suicidios, un promedio de 30 mensuales o uno cada 24 horas. Se debe trabajar en [&hellip;]<\/p>\n","protected":false},"author":2,"featured_media":3840,"comment_status":"closed","ping_status":"closed","sticky":false,"template":"","format":"standard","meta":{"saved_in_kubio":false,"_themeisle_gutenberg_block_has_review":false,"_kadence_starter_templates_imported_post":false,"footnotes":""},"categories":[1],"tags":[],"class_list":["post-3838","post","type-post","status-publish","format-standard","has-post-thumbnail","hentry","category-uncategorized"],"_links":{"self":[{"href":"https:\/\/conadeh.hn\/index.php?rest_route=\/wp\/v2\/posts\/3838","targetHints":{"allow":["GET"]}}],"collection":[{"href":"https:\/\/conadeh.hn\/index.php?rest_route=\/wp\/v2\/posts"}],"about":[{"href":"https:\/\/conadeh.hn\/index.php?rest_route=\/wp\/v2\/types\/post"}],"author":[{"embeddable":true,"href":"https:\/\/conadeh.hn\/index.php?rest_route=\/wp\/v2\/users\/2"}],"replies":[{"embeddable":true,"href":"https:\/\/conadeh.hn\/index.php?rest_route=%2Fwp%2Fv2%2Fcomments&post=3838"}],"version-history":[{"count":5,"href":"https:\/\/conadeh.hn\/index.php?rest_route=\/wp\/v2\/posts\/3838\/revisions"}],"predecessor-version":[{"id":3844,"href":"https:\/\/conadeh.hn\/index.php?rest_route=\/wp\/v2\/posts\/3838\/revisions\/3844"}],"wp:featuredmedia":[{"embeddable":true,"href":"https:\/\/conadeh.hn\/index.php?rest_route=\/wp\/v2\/media\/3840"}],"wp:attachment":[{"href":"https:\/\/conadeh.hn\/index.php?rest_route=%2Fwp%2Fv2%2Fmedia&parent=3838"}],"wp:term":[{"taxonomy":"category","embeddable":true,"href":"https:\/\/conadeh.hn\/index.php?rest_route=%2Fwp%2Fv2%2Fcategories&post=3838"},{"taxonomy":"post_tag","embeddable":true,"href":"https:\/\/conadeh.hn\/index.php?rest_route=%2Fwp%2Fv2%2Ftags&post=3838"}],"curies":[{"name":"wp","href":"https:\/\/api.w.org\/{rel}","templated":true}]}}