{"id":3523,"date":"2024-10-10T16:25:47","date_gmt":"2024-10-10T16:25:47","guid":{"rendered":"https:\/\/conadeh.hn\/?p=3523"},"modified":"2024-10-10T16:35:19","modified_gmt":"2024-10-10T16:35:19","slug":"instan-al-estado-a-prevenir-la-discriminacion-y-la-violencia-mujeres-indigenas-victimas-de-amenazas-extorsion-y-violencia-domestica","status":"publish","type":"post","link":"https:\/\/conadeh.hn\/?p=3523","title":{"rendered":"Instan al Estado a prevenir la discriminaci\u00f3n y la violencia: Mujeres ind\u00edgenas v\u00edctimas de amenazas, extorsi\u00f3n y violencia dom\u00e9stica"},"content":{"rendered":"\t\t<div data-elementor-type=\"wp-post\" data-elementor-id=\"3523\" class=\"elementor elementor-3523\">\n\t\t\t\t<div class=\"elementor-element elementor-element-0472eb9 e-flex e-con-boxed e-con e-parent\" data-id=\"0472eb9\" data-element_type=\"container\" data-e-type=\"container\">\n\t\t\t\t\t<div class=\"e-con-inner\">\n\t\t\t\t<div class=\"elementor-element elementor-element-a294068 elementor-widget elementor-widget-text-editor\" data-id=\"a294068\" data-element_type=\"widget\" data-e-type=\"widget\" data-widget_type=\"text-editor.default\">\n\t\t\t\t<div class=\"elementor-widget-container\">\n\t\t\t\t\t\t\t\t\t<p><strong><u>Instan al Estado a prevenir la discriminaci\u00f3n y la violencia:<\/u><\/strong><\/p><p><strong>Mujeres ind\u00edgenas v\u00edctimas de amenazas, extorsi\u00f3n y violencia dom\u00e9stica<\/strong><\/p><ul><li><strong>Entre el 2016 y mayo del 2024, casi un centenar de mujeres ind\u00edgenas denunciaron, ante el CONADEH estar en riesgo y ser v\u00edctimas de desplazamiento forzado.<\/strong><\/li><\/ul><p>El Comisionado Nacional de los Derechos Humanos (CONADEH) exhort\u00f3 hoy, al Estado hondure\u00f1o,\u00a0 a prevenir y combatir la discriminaci\u00f3n\u00a0 y la violencia contra las mujeres y las ni\u00f1as ind\u00edgenas, muchas de ellas v\u00edctimas de amenazas, despojo de tierras, violencia dom\u00e9stica, extorsi\u00f3n, el asesinato de parientes y de tentativas de homicidio.<\/p><p>En el marco de la conmemoraci\u00f3n del D\u00eda Internacional de la Mujer Ind\u00edgena, el CONADEH resalt\u00f3 la importancia que tienen en la preservaci\u00f3n de la cultura, la lengua, la identidad cultural, familiar y comunitaria.<\/p><p>Adem\u00e1s, por la labor que realizan, con valent\u00eda, en la defensa de la tierra, del territorio, el medio ambiente, el cambio clim\u00e1tico y de los derechos humanos.<\/p><p>Las mujeres de los pueblos ind\u00edgenas enfrentan una situaci\u00f3n cr\u00edtica a causa de la desprotecci\u00f3n de sus derechos sobre sus tierras y los actos de violencia de los que son v\u00edctimas por reivindicar sus derechos en un contexto de impunidad y de falta de acceso a la justicia.<\/p><p><strong>91 mujeres ind\u00edgenas en riesgo y victimas de desplazamiento forzado<\/strong><\/p><p>Entre el 2016 y mayo del 2024, casi un centenar de mujeres ind\u00edgenas y afrohondure\u00f1as denunciaron, ante el Comisionado Nacional de los Derechos Humanos, estar en riesgo y ser v\u00edctimas de desplazamiento forzado.<\/p><p>Durante este periodo, los pueblos m\u00e1s afectados por el desplazamiento forzado fueron los miskitos,\u00a0 los gar\u00edfunas, los lencas y los negros de habla inglesa.<\/p><p>Frank Cruz, coordinador de la Defensor\u00eda de los Pueblos Ind\u00edgenas y Afrohondure\u00f1os del CONADEH, explic\u00f3 que la Unidad de Desplazamiento Forzado Interno (UDFI) hizo una lectura y un monitoreo de las quejas que presentan las mujeres ind\u00edgenas en esta Instituci\u00f3n Nacional de Derechos Humanos.<\/p><p>Solo en el 2023, el CONADEH atendi\u00f3 19 quejas, de las cuales, 14 fueron presentadas por mujeres de la poblaci\u00f3n misquita, 4 gar\u00edfunas y una Lenca.<\/p><p>Hasta mayo del 2024 alrededor de una docena de mujeres ind\u00edgenas y afrohondure\u00f1as hab\u00edan presentado quejas ante el CONADEH.<\/p><p>Cruz explic\u00f3 que, entre las causas que ponen en riesgo y en situaci\u00f3n de desplazamiento forzado a las mujeres ind\u00edgenas y afrohondure\u00f1as est\u00e1n, las amenazas, el despojo de tierras, la violencia dom\u00e9stica, la extorsi\u00f3n, el asesinato de parientes,\u00a0 violencia intrafamiliar y la tentativa de homicidios.<\/p><p>Indic\u00f3 que esta situaci\u00f3n de violencia, que enfrentan las mujeres ind\u00edgenas,\u00a0 no puede ser tomada con indiferencia por las autoridades hondure\u00f1as.<\/p><p>Por la labor que ejercen en el seno familiar, en la comunidad, en la preservaci\u00f3n de la cultura, la identidad nacional y en la defensa de la tierra, los territorios y de los derechos humanos , estas mujeres se exponen y se encuentran en una situaci\u00f3n especial de vulnerabilidad, se\u00f1al\u00f3.<\/p><p>Entre los pueblos originarios de Honduras figuran los Miskitos, Tawahka, Maya Chort\u00ed, Nahua, Pech, Lenca y Tolup\u00e1n; y personas afrohondure\u00f1as integradas por gar\u00edfunas y negros de habla inglesa.<\/p>\t\t\t\t\t\t\t\t<\/div>\n\t\t\t\t<\/div>\n\t\t\t\t\t<\/div>\n\t\t\t\t<\/div>\n\t\t<div class=\"elementor-element elementor-element-a9c24bb e-flex e-con-boxed e-con e-parent\" data-id=\"a9c24bb\" data-element_type=\"container\" data-e-type=\"container\">\n\t\t\t\t\t<div class=\"e-con-inner\">\n\t\t\t\t<div class=\"elementor-element elementor-element-4720e3a elementor-widget elementor-widget-image\" data-id=\"4720e3a\" data-element_type=\"widget\" data-e-type=\"widget\" data-widget_type=\"image.default\">\n\t\t\t\t<div class=\"elementor-widget-container\">\n\t\t\t\t\t\t\t\t\t\t\t\t\t\t\t<img fetchpriority=\"high\" decoding=\"async\" width=\"700\" height=\"485\" src=\"https:\/\/conadeh.hn\/wp-content\/uploads\/2024\/10\/desplazamiento-forzado.jpg\" class=\"attachment-large size-large wp-image-3525\" alt=\"\" srcset=\"https:\/\/conadeh.hn\/wp-content\/uploads\/2024\/10\/desplazamiento-forzado.jpg 700w, https:\/\/conadeh.hn\/wp-content\/uploads\/2024\/10\/desplazamiento-forzado-300x208.jpg 300w\" sizes=\"(max-width: 700px) 100vw, 700px\" \/>\t\t\t\t\t\t\t\t\t\t\t\t\t\t\t<\/div>\n\t\t\t\t<\/div>\n\t\t\t\t\t<\/div>\n\t\t\t\t<\/div>\n\t\t\t\t<\/div>\n\t\t","protected":false},"excerpt":{"rendered":"<p>Instan al Estado a prevenir la discriminaci\u00f3n y la violencia: Mujeres ind\u00edgenas v\u00edctimas de amenazas, extorsi\u00f3n y violencia dom\u00e9stica Entre el 2016 y mayo del 2024, casi un centenar de mujeres ind\u00edgenas denunciaron, ante el CONADEH estar en riesgo y ser v\u00edctimas de desplazamiento forzado. El Comisionado Nacional de los [&hellip;]<\/p>\n","protected":false},"author":2,"featured_media":3525,"comment_status":"closed","ping_status":"closed","sticky":false,"template":"","format":"standard","meta":{"saved_in_kubio":false,"_themeisle_gutenberg_block_has_review":false,"_kadence_starter_templates_imported_post":false,"footnotes":""},"categories":[1],"tags":[],"class_list":["post-3523","post","type-post","status-publish","format-standard","has-post-thumbnail","hentry","category-uncategorized"],"_links":{"self":[{"href":"https:\/\/conadeh.hn\/index.php?rest_route=\/wp\/v2\/posts\/3523","targetHints":{"allow":["GET"]}}],"collection":[{"href":"https:\/\/conadeh.hn\/index.php?rest_route=\/wp\/v2\/posts"}],"about":[{"href":"https:\/\/conadeh.hn\/index.php?rest_route=\/wp\/v2\/types\/post"}],"author":[{"embeddable":true,"href":"https:\/\/conadeh.hn\/index.php?rest_route=\/wp\/v2\/users\/2"}],"replies":[{"embeddable":true,"href":"https:\/\/conadeh.hn\/index.php?rest_route=%2Fwp%2Fv2%2Fcomments&post=3523"}],"version-history":[{"count":4,"href":"https:\/\/conadeh.hn\/index.php?rest_route=\/wp\/v2\/posts\/3523\/revisions"}],"predecessor-version":[{"id":3528,"href":"https:\/\/conadeh.hn\/index.php?rest_route=\/wp\/v2\/posts\/3523\/revisions\/3528"}],"wp:featuredmedia":[{"embeddable":true,"href":"https:\/\/conadeh.hn\/index.php?rest_route=\/wp\/v2\/media\/3525"}],"wp:attachment":[{"href":"https:\/\/conadeh.hn\/index.php?rest_route=%2Fwp%2Fv2%2Fmedia&parent=3523"}],"wp:term":[{"taxonomy":"category","embeddable":true,"href":"https:\/\/conadeh.hn\/index.php?rest_route=%2Fwp%2Fv2%2Fcategories&post=3523"},{"taxonomy":"post_tag","embeddable":true,"href":"https:\/\/conadeh.hn\/index.php?rest_route=%2Fwp%2Fv2%2Ftags&post=3523"}],"curies":[{"name":"wp","href":"https:\/\/api.w.org\/{rel}","templated":true}]}}