{"id":3516,"date":"2024-10-10T16:02:52","date_gmt":"2024-10-10T16:02:52","guid":{"rendered":"https:\/\/conadeh.hn\/?p=3516"},"modified":"2024-10-10T16:11:01","modified_gmt":"2024-10-10T16:11:01","slug":"ceremonia-realizada-en-brasil-fundacion-alivio-del-sufrimiento-gana-3er-lugar-en-la-5ta-edicion-de-premio-iberoamericano","status":"publish","type":"post","link":"https:\/\/conadeh.hn\/?p=3516","title":{"rendered":"Ceremonia realizada en Brasil: Fundaci\u00f3n Alivio del Sufrimiento gana 3er lugar en la 5ta edici\u00f3n de Premio Iberoamericano"},"content":{"rendered":"\t\t<div data-elementor-type=\"wp-post\" data-elementor-id=\"3516\" class=\"elementor elementor-3516\">\n\t\t\t\t<div class=\"elementor-element elementor-element-a85c0f2 e-flex e-con-boxed e-con e-parent\" data-id=\"a85c0f2\" data-element_type=\"container\" data-e-type=\"container\">\n\t\t\t\t\t<div class=\"e-con-inner\">\n\t\t\t\t<div class=\"elementor-element elementor-element-cade5cc elementor-widget elementor-widget-text-editor\" data-id=\"cade5cc\" data-element_type=\"widget\" data-e-type=\"widget\" data-widget_type=\"text-editor.default\">\n\t\t\t\t<div class=\"elementor-widget-container\">\n\t\t\t\t\t\t\t\t\t<p><strong><u>Ceremonia realizada en Brasil:<\/u><\/strong><\/p><p><strong>Fundaci\u00f3n Alivio del Sufrimiento gana 3<sup>er<\/sup> lugar en la 5<sup>ta<\/sup> edici\u00f3n de Premio Iberoamericano <\/strong><\/p><ul><li><strong>En la V edici\u00f3n del Premio Iberoamericano de Educaci\u00f3n en Derechos Humanos \u201cOscar Arnulfo Romero\u201d se presentaron 482 candidaturas de 19 pa\u00edses iberoamericanos, al final, 19 participaron en la ceremonia de premiaci\u00f3n en Brasil, quedando la Fundaci\u00f3n hondure\u00f1a \u201cAlivio del Sufrimiento\u201d, en el tercer lugar. <\/strong><\/li><\/ul><p>\u201cLa Fundaci\u00f3n Alivio del Sufrimiento\u201d con sede en el oriental departamento de El Para\u00edso, que preside el Padre Ferdinando Castriotti, que beneficia a cerca de 35,000 personas en Honduras se hizo merecedor del tercer lugar en la V edici\u00f3n del Premio Iberoamericano de Educaci\u00f3n en Derechos Humanos \u201cOscar Arnulfo Romero\u201d, ceremonia que tuvo como escenario el Museo del Arte de R\u00edo de Janeiro, Brasil.<\/p><p>En esta V edici\u00f3n, el Premio Iberoamericano de Educaci\u00f3n en Derechos Humanos \u201cOscar Arnulfo Romero\u201d recibi\u00f3 482 candidaturas de 19 pa\u00edses Iberoamericanos, de los cuales 19 se hicieron merecedoras a participar en la ceremonia de premiaci\u00f3n en la ciudad de R\u00edo de Janeiro, Brasil, como parte del V Encuentro Iberoamericano de Educaci\u00f3n en Derechos Humanos, organizado por la OEI.<\/p><p>El Programa iberoamericano de Derechos Humanos, Democracia e Igualdad de la Organizaci\u00f3n de Estados Iberoamericanos anunci\u00f3 el 5 de septiembre a los tres ganadores de la 5<sup>ta<\/sup> edici\u00f3n del Premio Iberoamericano.<\/p><p>Luego de una cuidadosa selecci\u00f3n entre los 19 finalistas, el jurado, compuesto por acad\u00e9micos, representantes de ministerios de educaci\u00f3n, diplom\u00e1ticos, expertos de Naciones Unidas y organizaciones de la sociedad civil, eligieron al proyecto peruano \u00abEscuela de formaci\u00f3n pol\u00edtica feminista: adolescentes y j\u00f3venes activistas venezolanos y peruanos incidiendo en la agenda p\u00fablica por sus derechos\u00bb, dotado con 8.000 d\u00f3lares, como primer premiado.<\/p><p>El segundo premio fue para el proyecto \u00abPrograma de Protecci\u00f3n Digital\u00bb de la Defensor\u00eda de la Ni\u00f1ez y Adolescencia de la provincia de C\u00f3rdoba, Argentina, que obtuvo 4.000 d\u00f3lares.<\/p><p>El tercer premio fue para el proyecto \u00abAlivio del Sufrimiento\u00bb de la Fundaci\u00f3n Alivio del Sufrimiento (FAS) de Honduras, que recibi\u00f3 2.000 d\u00f3lares.<\/p><p>En la ceremonia de entrega estuvieron presentes el Secretario General de la OEI, Mariano Jabonero; la Ministra de Estado para la Igualdad Racial de Brasil, Anielle Franco; la Secretaria Ejecutiva del Ministerio de Derechos Humanos de Brasil, Rita de Oliveira.<\/p><p>Adem\u00e1s, el Secretario Ejecutivo del Ministerio de Cultura, M\u00e1rcio Tavares; la Directora de Derechos Humanos, Democracia e Igualdad de la OEI, Irune Aguirrezabal; y el Director de la OEI en Brasil, Rodrigo Rossi; entre otras autoridades e invitados.<\/p><p>El Premio Iberoamericano de Educaci\u00f3n en Derechos Humanos \u201cOscar Arnulfo Romero\u201d es un galard\u00f3n que se concede desde 2015 a quienes act\u00faan de forma ejemplar en la defensa y promoci\u00f3n de los derechos humanos a trav\u00e9s de la educaci\u00f3n y tienen como objetivo defender y promover los derechos humanos y la plena ciudadan\u00eda de las personas en Iberoam\u00e9rica.<\/p><p><strong>Proyecto \u201cAlivio del Sufrimiento\u201d beneficia a unas 34,677 personas<\/strong><\/p><p>El proyecto \u201cAlivio del Sufrimiento\u201d que se hizo merecedor al 3<sup>er<\/sup> lugar en la V edici\u00f3n, el Premio Iberoamericano de Educaci\u00f3n en Derechos Humanos \u201cOscar Arnulfo Romero\u201d contribuye, en la actualidad, al desarrollo integral de Honduras mediante la caridad, proporcionando protecci\u00f3n, cobijo y amparo a los m\u00e1s desfavorecidos y a personas de escasos recursos econ\u00f3micos, ofreciendo acceso a servicios esenciales como salud, alimentaci\u00f3n, rehabilitaci\u00f3n, hospedaje, educaci\u00f3n y vivienda.<\/p><p>Adem\u00e1s, se enfoca en la educaci\u00f3n no formal apoyando actividades psicosociales, deportivas, teatrales, art\u00edsticas y musicales, desarrollando habilidades para la vida en los j\u00f3venes.<\/p><p>Desde sus inicios, la Fundaci\u00f3n Alivio del Sufrimiento trabaja con poblaciones migrantes y j\u00f3venes hondure\u00f1os en zonas de alta migraci\u00f3n, demostrando una amplia experiencia en la<br \/>gesti\u00f3n de centros que atienden integralmente las necesidades de los sectores<br \/>marginados de la sociedad hondure\u00f1a.<\/p><p>La Fundaci\u00f3n Alivio del Sufrimiento\u00a0 fue seleccionada, en Honduras, en junio del 2024, para participar en Brasil, por un Comit\u00e9 de integrado por seis instituciones entre ellas el Comisionado Nacional de los Derechos Humanos.<\/p><p>Ferdinando Castriotti, de nacionalidad italiana, funge como presidente de la <strong>Fundaci\u00f3n Alivio del Sufrimiento<\/strong> que tiene en funcionamiento m\u00e1s de una docena de proyectos que, de manera directa, beneficia a un promedio de 34,677 personas en los municipios del departamento de El Para\u00edso y otros municipios de Honduras e indirectamente a m\u00e1s del doble de personas a trav\u00e9s del apoyo a instituciones de servicios de la zona.<\/p><p>El Padre Ferdinando Castriotti se hizo merecedor al Premio Nacional de los Derechos Humanos 2022, por su compromiso y trabajo por los derechos humanos de diferentes grupos poblacionales en El Para\u00edso, zona oriental de Honduras. Premio que fue entregado, ese mismo a\u00f1o, por la Comisionada Nacional de los Derechos Humanos, Blanca Izaguirre. <\/p>\t\t\t\t\t\t\t\t<\/div>\n\t\t\t\t<\/div>\n\t\t\t\t\t<\/div>\n\t\t\t\t<\/div>\n\t\t<div class=\"elementor-element elementor-element-361a986 e-flex e-con-boxed e-con e-parent\" data-id=\"361a986\" data-element_type=\"container\" data-e-type=\"container\">\n\t\t\t\t\t<div class=\"e-con-inner\">\n\t\t\t\t<div class=\"elementor-element elementor-element-b3652a9 elementor-widget elementor-widget-image\" data-id=\"b3652a9\" data-element_type=\"widget\" data-e-type=\"widget\" data-widget_type=\"image.default\">\n\t\t\t\t<div class=\"elementor-widget-container\">\n\t\t\t\t\t\t\t\t\t\t\t\t\t\t\t<img fetchpriority=\"high\" decoding=\"async\" width=\"310\" height=\"163\" src=\"https:\/\/conadeh.hn\/wp-content\/uploads\/2024\/10\/alivio.jpg\" class=\"attachment-large size-large wp-image-3517\" alt=\"\" srcset=\"https:\/\/conadeh.hn\/wp-content\/uploads\/2024\/10\/alivio.jpg 310w, https:\/\/conadeh.hn\/wp-content\/uploads\/2024\/10\/alivio-300x158.jpg 300w\" sizes=\"(max-width: 310px) 100vw, 310px\" \/>\t\t\t\t\t\t\t\t\t\t\t\t\t\t\t<\/div>\n\t\t\t\t<\/div>\n\t\t\t\t\t<\/div>\n\t\t\t\t<\/div>\n\t\t\t\t<\/div>\n\t\t","protected":false},"excerpt":{"rendered":"<p>Ceremonia realizada en Brasil: Fundaci\u00f3n Alivio del Sufrimiento gana 3er lugar en la 5ta edici\u00f3n de Premio Iberoamericano En la V edici\u00f3n del Premio Iberoamericano de Educaci\u00f3n en Derechos Humanos \u201cOscar Arnulfo Romero\u201d se presentaron 482 candidaturas de 19 pa\u00edses iberoamericanos, al final, 19 participaron en la ceremonia de premiaci\u00f3n [&hellip;]<\/p>\n","protected":false},"author":2,"featured_media":3517,"comment_status":"closed","ping_status":"closed","sticky":false,"template":"","format":"standard","meta":{"saved_in_kubio":false,"_themeisle_gutenberg_block_has_review":false,"_kadence_starter_templates_imported_post":false,"footnotes":""},"categories":[1],"tags":[],"class_list":["post-3516","post","type-post","status-publish","format-standard","has-post-thumbnail","hentry","category-uncategorized"],"_links":{"self":[{"href":"https:\/\/conadeh.hn\/index.php?rest_route=\/wp\/v2\/posts\/3516","targetHints":{"allow":["GET"]}}],"collection":[{"href":"https:\/\/conadeh.hn\/index.php?rest_route=\/wp\/v2\/posts"}],"about":[{"href":"https:\/\/conadeh.hn\/index.php?rest_route=\/wp\/v2\/types\/post"}],"author":[{"embeddable":true,"href":"https:\/\/conadeh.hn\/index.php?rest_route=\/wp\/v2\/users\/2"}],"replies":[{"embeddable":true,"href":"https:\/\/conadeh.hn\/index.php?rest_route=%2Fwp%2Fv2%2Fcomments&post=3516"}],"version-history":[{"count":4,"href":"https:\/\/conadeh.hn\/index.php?rest_route=\/wp\/v2\/posts\/3516\/revisions"}],"predecessor-version":[{"id":3522,"href":"https:\/\/conadeh.hn\/index.php?rest_route=\/wp\/v2\/posts\/3516\/revisions\/3522"}],"wp:featuredmedia":[{"embeddable":true,"href":"https:\/\/conadeh.hn\/index.php?rest_route=\/wp\/v2\/media\/3517"}],"wp:attachment":[{"href":"https:\/\/conadeh.hn\/index.php?rest_route=%2Fwp%2Fv2%2Fmedia&parent=3516"}],"wp:term":[{"taxonomy":"category","embeddable":true,"href":"https:\/\/conadeh.hn\/index.php?rest_route=%2Fwp%2Fv2%2Fcategories&post=3516"},{"taxonomy":"post_tag","embeddable":true,"href":"https:\/\/conadeh.hn\/index.php?rest_route=%2Fwp%2Fv2%2Ftags&post=3516"}],"curies":[{"name":"wp","href":"https:\/\/api.w.org\/{rel}","templated":true}]}}