{"id":3489,"date":"2024-10-09T20:11:50","date_gmt":"2024-10-09T20:11:50","guid":{"rendered":"https:\/\/conadeh.hn\/?p=3489"},"modified":"2024-10-09T20:19:24","modified_gmt":"2024-10-09T20:19:24","slug":"urge-reforzar-marco-legal-para-prevenir-la-violencia-contra-personas-lgtbiq","status":"publish","type":"post","link":"https:\/\/conadeh.hn\/?p=3489","title":{"rendered":"Urge reforzar marco legal para prevenir la violencia contra personas LGTBIQ+"},"content":{"rendered":"\t\t<div data-elementor-type=\"wp-post\" data-elementor-id=\"3489\" class=\"elementor elementor-3489\">\n\t\t\t\t<div class=\"elementor-element elementor-element-c932e01 e-flex e-con-boxed e-con e-parent\" data-id=\"c932e01\" data-element_type=\"container\" data-e-type=\"container\">\n\t\t\t\t\t<div class=\"e-con-inner\">\n\t\t\t\t<div class=\"elementor-element elementor-element-048046f elementor-widget elementor-widget-text-editor\" data-id=\"048046f\" data-element_type=\"widget\" data-e-type=\"widget\" data-widget_type=\"text-editor.default\">\n\t\t\t\t<div class=\"elementor-widget-container\">\n\t\t\t\t\t\t\t\t\t<p><strong>Urge reforzar marco legal para prevenir la violencia contra personas LGTBIQ+<\/strong><\/p><ul><li><strong>Datos del Observatorio de Violencia hacia las personas LGBTIQ+ establecen que entre el 2004 y junio del 2024 han muerto en circunstancias violentas 543 personas de la diversidad sexual, de las cuales 25 perdieron la vida en el primer semestre del presente a\u00f1o.<\/strong><\/li><\/ul><p>El Comisionado Nacional de los Derechos Humanos (CONADEH) consider\u00f3 hoy que, reforzar el marco legal en el pa\u00eds es fundamental para prevenir los diferentes tipos de violencia y proteger a las personas LGBTIQ+.<\/p><p>Alex Flores, coordinador de la Defensor\u00eda de Personas de la Diversidad Sexual del CONADEH explic\u00f3 que la aprobaci\u00f3n de la Ley de Identidad de G\u00e9nero vendr\u00eda a cubrir muchas necesidades que se tienen en la poblaci\u00f3n LGTBIQ+, espec\u00edficamente para las personas trans y personas con identidad de g\u00e9nero diversas.<\/p><p>Puso como ejemplo que, en el \u00e1mbito de la salud, se necesita la regulaci\u00f3n de muchos aspectos importantes que marcan la diferencia en la vida de las personas.<\/p><p>Record\u00f3 que el 21 de marzo de 2021, la Corte Interamericana de los Derechos Humanos (Corte-IDH) emiti\u00f3 sentencia y conden\u00f3 al Estado de Hondure\u00f1o en el caso denominado Vicky Hern\u00e1ndez y otras versus Honduras.<\/p><p>La Corte-IDH estableci\u00f3 que, si bien el derecho al reconocimiento de la identidad de g\u00e9nero no se encuentra expl\u00edcitamente consagrado en la Convenci\u00f3n Americana sobre Derechos Humanos, \u00e9ste se deriva de una interpretaci\u00f3n arm\u00f3nica de varios art\u00edculos de la Convenci\u00f3n que garantizan el reconocimiento de la personalidad jur\u00eddica, el libre desarrollo de la personalidad, el derecho a la privacidad y el derecho al nombre.<\/p><p>Agreg\u00f3 que, en la actualidad, se habla del cambio de nombre pero que a\u00fan no ha sido socializado ese proceso y que tampoco est\u00e1 regulada la toma de fotograf\u00edas, acorde a la expresi\u00f3n de g\u00e9nero de las personas como lo indica el informe emitido por el Programa de Universalizaci\u00f3n de la Identidad Civil en las Am\u00e9ricas (PUICA) de la OEA.<\/p><p>El PUICA recomend\u00f3 reformar el Reglamento de la Ley del Registro Nacional de las Personas, encaminado a erradicar las prohibiciones que restringen el cambio de nombre de \u201cpila\u201d y permitir el cambio de nombre por raz\u00f3n de identidad de g\u00e9nero.<\/p><p>Adem\u00e1s, autorizar que toda persona pueda solicitar la rectificaci\u00f3n registral del sexo y el cambio de nombre de \u201cpila\u201d e imagen (foto) cuando no coincidan con su identidad de g\u00e9nero auto percibida en sus documentos que acreditan identidad y de autorizar a la persona a cargo de la funci\u00f3n p\u00fablica en el RNP para rectificar los datos.<\/p><p>Incluir estos aspectos en la Ley ser\u00eda fundamental y de gran avance, porque eso tambi\u00e9n influye en que se puedan eliminar los diferentes tipos de violencia psicol\u00f3gica que sufren constantemente las personas trans por cuesti\u00f3n de su nombre e identidad de g\u00e9nero como tambi\u00e9n las muertes constantes, dijo Flores.<\/p><p>Datos del Observatorio de Violencia hacia las personas LGBTIQ+ establecen que, entre el 2004 y junio del 2024 han muerto en circunstancias violentas 543 personas de la diversidad sexual, de las cuales 25 perdieron la vida en el primer semestre del presente a\u00f1o.<\/p><p>Honduras tambi\u00e9n fue escenario, entre el 2022 y junio del 2024, de unos 532 casos de estigma y discriminaci\u00f3n que pusieron en riesgo la vida e integridad f\u00edsica de las personas LGBTIQ+ y que fueron ejecutados por particulares y agentes del Estado.<\/p><p>Solo en el primer semestre del 2024, se registraron alrededor de 140 casos de violencia generalizada hacia personas LGTBIQ+, que van desde amenazas, discriminaci\u00f3n por orientaci\u00f3n sexual, lesiones, tentativas de homicidios, robo, falta de acceso a la justicia, violencia dom\u00e9stica, entre otros.<\/p><p>Flores reiter\u00f3 que, reforzar todo el marco legal que proteja a las personas de la poblaci\u00f3n LGBTIQ+ es muy importante y que el CONADEH ha venido trabajando y apoyando esas iniciativas surgidas desde las bases y las organizaciones de la sociedad civil.<\/p><p>Adem\u00e1s, se realizan acciones para el cumplimiento de la sentencia de Vicky Hern\u00e1ndez vs el Estado de Honduras que, en su punto resolutivo 15, hace \u00e9nfasis en el reconocimiento de la identidad de g\u00e9nero.<\/p><p>El CONADEH ha participado en espacios con diferentes instancias, donde se desarroll\u00f3 el borrador de un protocolo para el cambio de nombre y esto se pueda hacer mediante un proceso administrativo seg\u00fan el informe que brind\u00f3 la OEA.<\/p><p>Adem\u00e1s, emiti\u00f3 observaciones y recomendaciones para llevar a cabo dicho proceso y se puedan cumplir de acuerdo a los est\u00e1ndares internacionales en materia de derechos humanos para la poblaci\u00f3n LGTBIQ+, concluy\u00f3 Flores.<\/p>\t\t\t\t\t\t\t\t<\/div>\n\t\t\t\t<\/div>\n\t\t\t\t\t<\/div>\n\t\t\t\t<\/div>\n\t\t<div class=\"elementor-element elementor-element-a31558a e-flex e-con-boxed e-con e-parent\" data-id=\"a31558a\" data-element_type=\"container\" data-e-type=\"container\">\n\t\t\t\t\t<div class=\"e-con-inner\">\n\t\t\t\t<div class=\"elementor-element elementor-element-fd2818e elementor-widget elementor-widget-image\" data-id=\"fd2818e\" data-element_type=\"widget\" data-e-type=\"widget\" data-widget_type=\"image.default\">\n\t\t\t\t<div class=\"elementor-widget-container\">\n\t\t\t\t\t\t\t\t\t\t\t\t\t\t\t<img fetchpriority=\"high\" decoding=\"async\" width=\"259\" height=\"194\" src=\"https:\/\/conadeh.hn\/wp-content\/uploads\/2024\/10\/alex.jpg\" class=\"attachment-large size-large wp-image-3491\" alt=\"\" \/>\t\t\t\t\t\t\t\t\t\t\t\t\t\t\t<\/div>\n\t\t\t\t<\/div>\n\t\t\t\t\t<\/div>\n\t\t\t\t<\/div>\n\t\t\t\t<\/div>\n\t\t","protected":false},"excerpt":{"rendered":"<p>Urge reforzar marco legal para prevenir la violencia contra personas LGTBIQ+ Datos del Observatorio de Violencia hacia las personas LGBTIQ+ establecen que entre el 2004 y junio del 2024 han muerto en circunstancias violentas 543 personas de la diversidad sexual, de las cuales 25 perdieron la vida en el primer [&hellip;]<\/p>\n","protected":false},"author":2,"featured_media":3491,"comment_status":"closed","ping_status":"closed","sticky":false,"template":"","format":"standard","meta":{"saved_in_kubio":false,"_themeisle_gutenberg_block_has_review":false,"_kadence_starter_templates_imported_post":false,"footnotes":""},"categories":[1],"tags":[],"class_list":["post-3489","post","type-post","status-publish","format-standard","has-post-thumbnail","hentry","category-uncategorized"],"_links":{"self":[{"href":"https:\/\/conadeh.hn\/index.php?rest_route=\/wp\/v2\/posts\/3489","targetHints":{"allow":["GET"]}}],"collection":[{"href":"https:\/\/conadeh.hn\/index.php?rest_route=\/wp\/v2\/posts"}],"about":[{"href":"https:\/\/conadeh.hn\/index.php?rest_route=\/wp\/v2\/types\/post"}],"author":[{"embeddable":true,"href":"https:\/\/conadeh.hn\/index.php?rest_route=\/wp\/v2\/users\/2"}],"replies":[{"embeddable":true,"href":"https:\/\/conadeh.hn\/index.php?rest_route=%2Fwp%2Fv2%2Fcomments&post=3489"}],"version-history":[{"count":4,"href":"https:\/\/conadeh.hn\/index.php?rest_route=\/wp\/v2\/posts\/3489\/revisions"}],"predecessor-version":[{"id":3494,"href":"https:\/\/conadeh.hn\/index.php?rest_route=\/wp\/v2\/posts\/3489\/revisions\/3494"}],"wp:featuredmedia":[{"embeddable":true,"href":"https:\/\/conadeh.hn\/index.php?rest_route=\/wp\/v2\/media\/3491"}],"wp:attachment":[{"href":"https:\/\/conadeh.hn\/index.php?rest_route=%2Fwp%2Fv2%2Fmedia&parent=3489"}],"wp:term":[{"taxonomy":"category","embeddable":true,"href":"https:\/\/conadeh.hn\/index.php?rest_route=%2Fwp%2Fv2%2Fcategories&post=3489"},{"taxonomy":"post_tag","embeddable":true,"href":"https:\/\/conadeh.hn\/index.php?rest_route=%2Fwp%2Fv2%2Ftags&post=3489"}],"curies":[{"name":"wp","href":"https:\/\/api.w.org\/{rel}","templated":true}]}}