{"id":3478,"date":"2024-10-09T17:16:43","date_gmt":"2024-10-09T17:16:43","guid":{"rendered":"https:\/\/conadeh.hn\/?p=3478"},"modified":"2024-10-09T19:56:19","modified_gmt":"2024-10-09T19:56:19","slug":"conadeh-crimen-no-debe-quedar-impune-condena-muerte-de-ambientalista-e-insta-al-mecanismo-de-proteccion-abordar-con-seriedad-su-mandato","status":"publish","type":"post","link":"https:\/\/conadeh.hn\/?p=3478","title":{"rendered":"CONADEH: crimen no debe quedar impune: Condena muerte de ambientalista e insta al Mecanismo de Protecci\u00f3n abordar con seriedad su mandato"},"content":{"rendered":"\t\t<div data-elementor-type=\"wp-post\" data-elementor-id=\"3478\" class=\"elementor elementor-3478\">\n\t\t\t\t<div class=\"elementor-element elementor-element-c748e8d e-flex e-con-boxed e-con e-parent\" data-id=\"c748e8d\" data-element_type=\"container\" data-e-type=\"container\">\n\t\t\t\t\t<div class=\"e-con-inner\">\n\t\t\t\t<div class=\"elementor-element elementor-element-4d90a08 elementor-widget elementor-widget-text-editor\" data-id=\"4d90a08\" data-element_type=\"widget\" data-e-type=\"widget\" data-widget_type=\"text-editor.default\">\n\t\t\t\t<div class=\"elementor-widget-container\">\n\t\t\t\t\t\t\t\t\t<p><strong><u>CONADEH: crimen no debe quedar impune<\/u><\/strong><\/p><p><strong>Condena muerte de ambientalista e insta al Mecanismo de Protecci\u00f3n abordar con seriedad su mandato<\/strong><\/p><p>El Comisionado Nacional de los Derechos Humanos (CONADEH) conden\u00f3 el asesinato del defensor de los derechos humanos, Juan L\u00f3pez e inst\u00f3 al Mecanismo de Protecci\u00f3n para que aborde con seriedad su mandato, de lo contrario persistir\u00e1n hechos lamentables que suponen la responsabilidad internacional del Estado hondure\u00f1o.\u00a0<\/p><p>Informes preliminares indican que el defensor de los derechos humanos y del ambiente Juan L\u00f3pez fue asesinado en las afueras de una Iglesia localizada en la colonia Favio Ochoa de Tocoa, Col\u00f3n.<\/p><p>La titular del CONADEH, Blanca Izaguirre se solidariz\u00f3 con los familiares de Juan L\u00f3pez, quien era beneficiario de medidas cautelares emitidas por la Comisi\u00f3n Interamericana de los Derechos Humanos (CIDH).<\/p><p>La defensora de los derechos humanos inst\u00f3 a las autoridades encargadas de la seguridad en el pa\u00eds a realizar una investigaci\u00f3n diligente, oportuna y efectiva que permita dar con \u00e9l o los responsables para evitar que este crimen se sume a la larga lista de casos en la impunidad.<\/p><p>Record\u00f3 que el pasado 10 de septiembre, el CONADEH emiti\u00f3 una Alerta Temprana por la falta de implementaci\u00f3n y efectividad de medidas.\u00a0<\/p><p>En la Alerta Temprana, el CONADEH se\u00f1al\u00f3, al Estado hondure\u00f1o, la gravedad y el riesgo al no adoptar oportunamente las medidas de protecci\u00f3n, por lo que realiz\u00f3 11 recomendaciones tendientes a garantizar el derecho a la vida e integridad de los beneficiarios.<\/p><p>Es urgente y necesario que el Mecanismo de Protecci\u00f3n aborde con seriedad su mandato, pues de lo contrario persistir\u00e1n hechos lamentables como \u00e9ste, que suponen la responsabilidad internacional del Estado.\u00a0<\/p><p><strong>CONADEH advirti\u00f3 la falta de adopci\u00f3n de las medidas cautelares<\/strong><\/p><p>En la Alerta Temprana, emitida el pasado 10 de septiembre, el CONADEH advirti\u00f3 a la comunidad internacional, a las autoridades estatales y a la poblaci\u00f3n en general, sobre la falta de adopci\u00f3n de medidas cautelares dictadas por la CIDH a favor de los Integrantes del Comit\u00e9 Municipal de Defensa de los Bienes Comunes y P\u00fablicos de Tocoa.<\/p><p>Record\u00f3 que, el 20 de febrero de 2023, diversas organizaciones defensoras de los derechos humanos solicitaron a la CIDH medidas cautelares y le instaron para que requiriera al Estado de Honduras la adopci\u00f3n de las medidas necesarias para proteger el derecho a la vida e integridad personal de los integrantes del Comit\u00e9 de Defensa de Bienes Comunes, defensores criminalizados del mismo Comit\u00e9, y profesionales jur\u00eddicos del Bufete Justicia para los Pueblos.<\/p><p>Lo anterior, seg\u00fan los afectados, por ser v\u00edctimas de campa\u00f1as de difamaci\u00f3n, amenazas, hostigamientos, intimidaciones y otros hechos de violencia en el marco de sus actividades en la defensa de los derechos ambientales en Honduras.<\/p><p>Adem\u00e1s, identificaron una serie de hechos que configurar\u00edan potenciales violaciones a los derechos humanos en perjuicio de los integrantes del Comit\u00e9 de Defensa Bienes Comunes y sus representantes procesales como el asesinato de tres personas defensoras de derechos humanos, vigilancia y patrullaje por supuestos agentes estatales, vigilancia por medio de drones y actos de seguimientos por parte de personas particulares.<\/p><p>A las que se suman amenazas de muerte contra defensores de derechos humanos y sus familiares, la criminalizaci\u00f3n y detenciones arbitrarias en contra de ocho personas defensoras del Rio Guapinol, desplazamientos forzados, hechos que se caracterizan por una impunidad estructural ya que el 97% de los delitos cometidos contra de defensores de derechos humanos no son sancionados.<\/p><p>En su \u00faltimo Informe Anual \u201cSituaci\u00f3n de los Derechos Humanos en Honduras y la Gesti\u00f3n Institucional\u201d, el CONADEH se\u00f1al\u00f3 que, durante el 2023, se registr\u00f3 el asesinato de 16 defensores de derecho humanos en el pa\u00eds; de los cuales 15 se dedicaban a la defensa del ambiente, tierra y territorio, algunos de los cuales contaban con medidas protecci\u00f3n para garantizar su derecho a la vida y a la integridad personal.<\/p><p>El departamento de Col\u00f3n fue escenario de siete asesinatos entre ellos el de Aylin Dom\u00ednguez, Jairo Bonilla, \u00d3scar Oquel\u00ed Dom\u00ednguez, integrantes del Comit\u00e9 de Defensa de Bienes Comunes, Omar Cruz Tom\u00e9, Sandy Mart\u00ednez Murillo, de la Cooperativa \u201cLos Laureles\u201d, Santos Hip\u00f3lito Rivas, Javier Rivas, de la Empresa Asociativa Campesina de Producci\u00f3n \u201cGregorio Ch\u00e1vez\u201d.<\/p><p>Adem\u00e1s, Jos\u00e9 David Fort\u00edn, Secretario General de la Cooperativa Agropecuaria Campesina Tarros Limitada, miembro del patronato de la comunidad, y Kevin Meza, integrante de la Empresa Asociativa Campesina Isletas (EACI) y defensor de la tierra<\/p><p><\/p><p>El Comit\u00e9 de Defensa de Bienes Comunes fue conformado para defender y proteger el medio ambiente de los impactos generados por los mega proyectos y actividades extractivas.<\/p><p>En el 2014, el Comit\u00e9 inici\u00f3 sus actividades de defensa recurriendo a las autoridades gubernamentales para exigir respuestas sobre la contaminaci\u00f3n en el R\u00edo Guapinol, a ra\u00edz de la construcci\u00f3n de una v\u00eda dentro del Parque Nacional \u201cCarlos Escaleras Mej\u00eda\u201d.\u00a0<\/p><p>Desde el 2016, el Comit\u00e9 de Defensa de Bienes Comunes present\u00f3 m\u00faltiples denuncias ante distintas fiscal\u00edas relacionadas con la contaminaci\u00f3n ambiental, ilegalidades contractuales, violencia y amenazas con relaci\u00f3n a actividades mineras.<\/p><p>En la Alerta Temprana, el CONADEH record\u00f3 al Estado hondure\u00f1o que no solo debe proteger el derecho a la vida e integridad personal de los beneficiarios de las medidas cautelares frente a posibles ataques, sino que deviene en la obligaci\u00f3n de abstenerse de propiciar y participar en campa\u00f1as de difamaci\u00f3n, o la estigmatizaci\u00f3n de defensores de derechos humanos y el trabajo que realizan.<\/p>\t\t\t\t\t\t\t\t<\/div>\n\t\t\t\t<\/div>\n\t\t\t\t\t<\/div>\n\t\t\t\t<\/div>\n\t\t<div class=\"elementor-element elementor-element-a919cd8 e-flex e-con-boxed e-con e-parent\" data-id=\"a919cd8\" data-element_type=\"container\" data-e-type=\"container\">\n\t\t\t\t\t<div class=\"e-con-inner\">\n\t\t\t\t<div class=\"elementor-element elementor-element-da64ceb elementor-widget elementor-widget-image\" data-id=\"da64ceb\" data-element_type=\"widget\" data-e-type=\"widget\" data-widget_type=\"image.default\">\n\t\t\t\t<div class=\"elementor-widget-container\">\n\t\t\t\t\t\t\t\t\t\t\t\t\t\t\t<img fetchpriority=\"high\" decoding=\"async\" width=\"268\" height=\"188\" src=\"https:\/\/conadeh.hn\/wp-content\/uploads\/2024\/10\/ambientalista.jpg\" class=\"attachment-large size-large wp-image-3479\" alt=\"\" \/>\t\t\t\t\t\t\t\t\t\t\t\t\t\t\t<\/div>\n\t\t\t\t<\/div>\n\t\t\t\t\t<\/div>\n\t\t\t\t<\/div>\n\t\t\t\t<\/div>\n\t\t","protected":false},"excerpt":{"rendered":"<p>CONADEH: crimen no debe quedar impune Condena muerte de ambientalista e insta al Mecanismo de Protecci\u00f3n abordar con seriedad su mandato El Comisionado Nacional de los Derechos Humanos (CONADEH) conden\u00f3 el asesinato del defensor de los derechos humanos, Juan L\u00f3pez e inst\u00f3 al Mecanismo de Protecci\u00f3n para que aborde con [&hellip;]<\/p>\n","protected":false},"author":2,"featured_media":3479,"comment_status":"closed","ping_status":"closed","sticky":false,"template":"","format":"standard","meta":{"saved_in_kubio":false,"_themeisle_gutenberg_block_has_review":false,"_kadence_starter_templates_imported_post":false,"footnotes":""},"categories":[1],"tags":[],"class_list":["post-3478","post","type-post","status-publish","format-standard","has-post-thumbnail","hentry","category-uncategorized"],"_links":{"self":[{"href":"https:\/\/conadeh.hn\/index.php?rest_route=\/wp\/v2\/posts\/3478","targetHints":{"allow":["GET"]}}],"collection":[{"href":"https:\/\/conadeh.hn\/index.php?rest_route=\/wp\/v2\/posts"}],"about":[{"href":"https:\/\/conadeh.hn\/index.php?rest_route=\/wp\/v2\/types\/post"}],"author":[{"embeddable":true,"href":"https:\/\/conadeh.hn\/index.php?rest_route=\/wp\/v2\/users\/2"}],"replies":[{"embeddable":true,"href":"https:\/\/conadeh.hn\/index.php?rest_route=%2Fwp%2Fv2%2Fcomments&post=3478"}],"version-history":[{"count":7,"href":"https:\/\/conadeh.hn\/index.php?rest_route=\/wp\/v2\/posts\/3478\/revisions"}],"predecessor-version":[{"id":3488,"href":"https:\/\/conadeh.hn\/index.php?rest_route=\/wp\/v2\/posts\/3478\/revisions\/3488"}],"wp:featuredmedia":[{"embeddable":true,"href":"https:\/\/conadeh.hn\/index.php?rest_route=\/wp\/v2\/media\/3479"}],"wp:attachment":[{"href":"https:\/\/conadeh.hn\/index.php?rest_route=%2Fwp%2Fv2%2Fmedia&parent=3478"}],"wp:term":[{"taxonomy":"category","embeddable":true,"href":"https:\/\/conadeh.hn\/index.php?rest_route=%2Fwp%2Fv2%2Fcategories&post=3478"},{"taxonomy":"post_tag","embeddable":true,"href":"https:\/\/conadeh.hn\/index.php?rest_route=%2Fwp%2Fv2%2Ftags&post=3478"}],"curies":[{"name":"wp","href":"https:\/\/api.w.org\/{rel}","templated":true}]}}