{"id":3457,"date":"2024-10-08T20:58:06","date_gmt":"2024-10-08T20:58:06","guid":{"rendered":"https:\/\/conadeh.hn\/?p=3457"},"modified":"2024-10-08T21:08:05","modified_gmt":"2024-10-08T21:08:05","slug":"conadeh-hace-llamado-al-poder-judicial-y-al-mp-abstenerse-de-continuar-procesos-de-criminalizacion-contra-defensores-de-ddhh-y-del-ambiente","status":"publish","type":"post","link":"https:\/\/conadeh.hn\/?p=3457","title":{"rendered":"CONADEH hace llamado al Poder Judicial y al MP: Abstenerse de continuar procesos de criminalizaci\u00f3n contra defensores de DDHH y del ambiente"},"content":{"rendered":"\t\t<div data-elementor-type=\"wp-post\" data-elementor-id=\"3457\" class=\"elementor elementor-3457\">\n\t\t\t\t<div class=\"elementor-element elementor-element-e641ec0 e-flex e-con-boxed e-con e-parent\" data-id=\"e641ec0\" data-element_type=\"container\" data-e-type=\"container\">\n\t\t\t\t\t<div class=\"e-con-inner\">\n\t\t\t\t<div class=\"elementor-element elementor-element-374895a elementor-widget elementor-widget-text-editor\" data-id=\"374895a\" data-element_type=\"widget\" data-e-type=\"widget\" data-widget_type=\"text-editor.default\">\n\t\t\t\t<div class=\"elementor-widget-container\">\n\t\t\t\t\t\t\t\t\t<p><strong><u>CONADEH hace llamado al Poder Judicial y al MP:<\/u><\/strong><\/p><p><strong>Abstenerse de continuar procesos de criminalizaci\u00f3n contra defensores de DDHH y del ambiente<\/strong><\/p><p>El Comisionado Nacional de los Derechos Humanos (CONADEH) hizo hoy un llamado al Poder Judicial y al Ministerio P\u00fablico (MP) \u00a0que se abstengan de continuar procesos de criminalizaci\u00f3n en contra de los defensores de derechos humanos y del ambiente.<\/p><p>Los defensores de los derechos humanos y del ambiente tienen un papel fundamental y relevante en las sociedades democr\u00e1ticas, ya que su compromiso no solo se limita a defender los derechos de las comunidades frente a los impactos negativos de proyectos extractivos sino que, trasciende a la protecci\u00f3n de los derechos humanos de las generaciones venideras, reza el comunicado del CONADEH.<\/p><p><strong>\u00a0<\/strong>El ente estatal expres\u00f3 su preocupaci\u00f3n por la resoluci\u00f3n de la Corte Primera de Apelaciones de la Ceiba, Atl\u00e1ntida mediante la cual se revoc\u00f3 la resoluci\u00f3n emitida por el Juzgado de Letras Seccional de Tocoa, Col\u00f3n de fecha 26 de octubre de 2022 que orden\u00f3 el sobreseimiento definitivo a favor de los defensores del R\u00edo de Guapinol, Juan Antonio L\u00f3pez (Q.E.P.D), Carlos Leonel George George, Reynaldo Dom\u00ednguez Ramos, Jos\u00e9 Adaly Cedillo y Marco Tulio Ramos.<\/p><p>La titular del CONADEH, Blanca Izaguirre advirti\u00f3 que la decisi\u00f3n de la Corte de Apelaciones refuerza la criminalizaci\u00f3n de las personas defensoras de derechos humanos, del ambiente, tierra y territorio y, deslegitima la actividad de defensa que estas realizan.<\/p><p><\/p><p>La decisi\u00f3n judicial aumenta la situaci\u00f3n de vulnerabilidad que enfrentan las comunidades defensoras del sector y se debe evitar que mediante investigaciones judiciales se les someta a juicios injustos o infundados, advirti\u00f3.<\/p><p><strong><em>COMUNICADO NO. 006\/2024<\/em><\/strong><\/p><p>La Titular del Comisionado Nacional de los Derechos Humanos (CONADEH), Abg. Blanca Sara\u00ed Izaguirre, en el ejercicio de su mandato convencional, constitucional y legal, con independencia funcional, t\u00e9cnica y de criterio; ante la resoluci\u00f3n de la Corte Primera de Apelaciones de la Ceiba, Atl\u00e1ntida que revoca el sobreseimiento definitivo a favor de las personas defensoras de derechos humanos y del ambiente, se pronuncia en los t\u00e9rminos siguientes:<\/p><ol><li>El CONADEH expresa suma preocupaci\u00f3n por la resoluci\u00f3n de la Corte Primera de Apelaciones de la Ceiba, Atl\u00e1ntida mediante la cual se revoc\u00f3 la resoluci\u00f3n emitida por el Juzgado de Letras Seccional de Tocoa, Col\u00f3n de fecha 26 de octubre de 2022 que orden\u00f3 el sobreseimiento definitivo a favor de los defensores del R\u00edo de Guapinol: Juan Antonio L\u00f3pez (Q.E.P.D), Carlos Leonel George George, Reynaldo Dom\u00ednguez Ramos, Jos\u00e9 Adaly Cedillo Mendoza y Marco Tulio Ramos.<\/li><\/ol><ol start=\"2\"><li>Al respecto, la Titular del CONADEH advierte que <strong>la decisi\u00f3n de la Corte de Apelaciones refuerza la criminalizaci\u00f3n de las personas defensoras de derechos humanos, del ambiente, tierra y territorio y, deslegitima la actividad de defensa que estas realizan<\/strong>. Adem\u00e1s, el CONADEH ha enfatizado y reiterado la situaci\u00f3n de criminalizaci\u00f3n y riesgo que enfrentan las y los defensores del R\u00edo Guapinol y del Comit\u00e9 Municipal de Defensa de los Bienes Comunes y P\u00fablicos de Tocoa (Comit\u00e9 de Defensa).<\/li><li>Recientemente el CONADEH emiti\u00f3 una Alerta Temprana en la cual se requiri\u00f3 la implementaci\u00f3n de 11 recomendaciones dirigidas a garantizar el derecho a la vida e integridad personal de dichos defensores; as\u00ed como, que se extendieran las cartas de libertad correspondientes para que pudieran continuar ejercitando su labor defensorial.<\/li><li>En este mismo sentido, el CONADEH recuerda que la Comisi\u00f3n Interamericana de Derechos Humanos (CIDH) ha se\u00f1alado que, en este caso en concreto, la criminalizaci\u00f3n \u201c<em>tiene un impacto muy negativo en el colectivo pues no solo se afecta a la persona procesada penalmente sino a la sociedad en la que se desempe\u00f1a<\/em>\u201d. Adem\u00e1s, orden\u00f3 al Estado de Honduras <strong>adoptar las medidas necesarias para que los defensores del Comit\u00e9 de Defensa pudieran ejercer el derecho a defender derechos humanos <\/strong>sin ser objeto de amenazas, intimidaciones, hostigamientos y actos de violencia, e incluso de criminalizaci\u00f3n.<\/li><li>Asimismo, el CONADEH encuentra que esta decisi\u00f3n judicial <strong>aumenta la situaci\u00f3n de vulnerabilidad que enfrentan las comunidades defensoras del sector<\/strong>, pues tal como lo planteado anteriormente la CIDH, el Estado tiene la \u201c <strong>obligaci\u00f3n de evitar que las autoridades o terceros manipulen el poder punitivo del Estado y sus \u00f3rganos de justicia con el fin de hostigar a defensoras y defensores de derechos humanos\u201d; <\/strong>por lo cual, debe evitar que mediante investigaciones judiciales se les someta a juicios injustos o infundados.<\/li><li>Por lo tanto, el CONADEH hace un llamado al Poder Judicial y al Ministerio P\u00fablico a que <strong>se abstengan de continuar procesos de criminalizaci\u00f3n en contra de las y los defensores de derechos humanos y del ambiente<\/strong>, quienes por la naturaleza de su labor, tiene un papel fundamental y relevante en las sociedades democr\u00e1ticas, pues su compromiso no solo se limita a defender los derechos de las comunidades frente a los impactos negativos de proyectos extractivos sino que, trasciende a la protecci\u00f3n de los derechos humanos de las generaciones venideras.<\/li><li>Finalmente, la Titular del CONADEH, coloca a disposici\u00f3n de las v\u00edctimas, sus familiares y representantes procesales, los recursos t\u00e9cnicos necesarios para abogar por la defensa de sus derechos humanos. Adem\u00e1s, esta INDH <strong>insta p\u00fablica y enf\u00e1ticamente a las instituciones estatales correspondientes a implementar las 11 recomendaciones planteadas en la Alerta Temprana No. 005-24 <\/strong>emitida el 10 de septiembre de 2024 y notificadas propiamente mediante oficio.<\/li><\/ol><p><strong>*** Tegucigalpa, M.D.C., 19 de septiembre de 2024 ***<\/strong><\/p><p><\/p>\t\t\t\t\t\t\t\t<\/div>\n\t\t\t\t<\/div>\n\t\t\t\t\t<\/div>\n\t\t\t\t<\/div>\n\t\t<div class=\"elementor-element elementor-element-9a7e427 e-flex e-con-boxed e-con e-parent\" data-id=\"9a7e427\" data-element_type=\"container\" data-e-type=\"container\">\n\t\t\t\t\t<div class=\"e-con-inner\">\n\t\t\t\t<div class=\"elementor-element elementor-element-4487b0e elementor-widget elementor-widget-image\" data-id=\"4487b0e\" data-element_type=\"widget\" data-e-type=\"widget\" data-widget_type=\"image.default\">\n\t\t\t\t<div class=\"elementor-widget-container\">\n\t\t\t\t\t\t\t\t\t\t\t\t\t\t\t<img decoding=\"async\" width=\"246\" height=\"180\" src=\"https:\/\/conadeh.hn\/wp-content\/uploads\/2024\/10\/derechos-Humanos.jpg\" class=\"attachment-large size-large wp-image-3459\" alt=\"\" \/>\t\t\t\t\t\t\t\t\t\t\t\t\t\t\t<\/div>\n\t\t\t\t<\/div>\n\t\t\t\t\t<\/div>\n\t\t\t\t<\/div>\n\t\t\t\t<\/div>\n\t\t","protected":false},"excerpt":{"rendered":"<p>CONADEH hace llamado al Poder Judicial y al MP: Abstenerse de continuar procesos de criminalizaci\u00f3n contra defensores de DDHH y del ambiente El Comisionado Nacional de los Derechos Humanos (CONADEH) hizo hoy un llamado al Poder Judicial y al Ministerio P\u00fablico (MP) \u00a0que se abstengan de continuar procesos de criminalizaci\u00f3n [&hellip;]<\/p>\n","protected":false},"author":2,"featured_media":3459,"comment_status":"closed","ping_status":"closed","sticky":false,"template":"","format":"standard","meta":{"saved_in_kubio":false,"_themeisle_gutenberg_block_has_review":false,"_kadence_starter_templates_imported_post":false,"footnotes":""},"categories":[1],"tags":[],"class_list":["post-3457","post","type-post","status-publish","format-standard","has-post-thumbnail","hentry","category-uncategorized"],"_links":{"self":[{"href":"https:\/\/conadeh.hn\/index.php?rest_route=\/wp\/v2\/posts\/3457","targetHints":{"allow":["GET"]}}],"collection":[{"href":"https:\/\/conadeh.hn\/index.php?rest_route=\/wp\/v2\/posts"}],"about":[{"href":"https:\/\/conadeh.hn\/index.php?rest_route=\/wp\/v2\/types\/post"}],"author":[{"embeddable":true,"href":"https:\/\/conadeh.hn\/index.php?rest_route=\/wp\/v2\/users\/2"}],"replies":[{"embeddable":true,"href":"https:\/\/conadeh.hn\/index.php?rest_route=%2Fwp%2Fv2%2Fcomments&post=3457"}],"version-history":[{"count":4,"href":"https:\/\/conadeh.hn\/index.php?rest_route=\/wp\/v2\/posts\/3457\/revisions"}],"predecessor-version":[{"id":3462,"href":"https:\/\/conadeh.hn\/index.php?rest_route=\/wp\/v2\/posts\/3457\/revisions\/3462"}],"wp:featuredmedia":[{"embeddable":true,"href":"https:\/\/conadeh.hn\/index.php?rest_route=\/wp\/v2\/media\/3459"}],"wp:attachment":[{"href":"https:\/\/conadeh.hn\/index.php?rest_route=%2Fwp%2Fv2%2Fmedia&parent=3457"}],"wp:term":[{"taxonomy":"category","embeddable":true,"href":"https:\/\/conadeh.hn\/index.php?rest_route=%2Fwp%2Fv2%2Fcategories&post=3457"},{"taxonomy":"post_tag","embeddable":true,"href":"https:\/\/conadeh.hn\/index.php?rest_route=%2Fwp%2Fv2%2Ftags&post=3457"}],"curies":[{"name":"wp","href":"https:\/\/api.w.org\/{rel}","templated":true}]}}