{"id":3438,"date":"2024-10-08T19:56:04","date_gmt":"2024-10-08T19:56:04","guid":{"rendered":"https:\/\/conadeh.hn\/?p=3438"},"modified":"2024-10-08T20:04:31","modified_gmt":"2024-10-08T20:04:31","slug":"el-talon-de-aquiles-de-la-justicia-hondurena-falta-de-investigaciones-efectivas-eficientes-y-oportunas-alimentan-la-impunidad-en-el-pais","status":"publish","type":"post","link":"https:\/\/conadeh.hn\/?p=3438","title":{"rendered":"\u201cEl tal\u00f3n de Aquiles\u201d de la justicia hondure\u00f1a: Falta de investigaciones efectivas, eficientes y oportunas \u201calimentan\u201d la impunidad en el pa\u00eds"},"content":{"rendered":"\t\t<div data-elementor-type=\"wp-post\" data-elementor-id=\"3438\" class=\"elementor elementor-3438\">\n\t\t\t\t<div class=\"elementor-element elementor-element-9d19833 e-flex e-con-boxed e-con e-parent\" data-id=\"9d19833\" data-element_type=\"container\" data-e-type=\"container\">\n\t\t\t\t\t<div class=\"e-con-inner\">\n\t\t\t\t<div class=\"elementor-element elementor-element-a97e05a elementor-widget elementor-widget-text-editor\" data-id=\"a97e05a\" data-element_type=\"widget\" data-e-type=\"widget\" data-widget_type=\"text-editor.default\">\n\t\t\t\t<div class=\"elementor-widget-container\">\n\t\t\t\t\t\t\t\t\t<p><strong><em><u>\u201cEl tal\u00f3n de Aquiles\u201d de la justicia hondure\u00f1a<\/u><\/em><\/strong><\/p><p><strong>Falta de investigaciones efectivas, eficientes y oportunas \u201calimentan\u201d la impunidad en el pa\u00eds<\/strong><\/p><p>La Comisionada Nacional de los Derechos Humanos, Blanca Izaguirre fue contundente al se\u00f1alar que la falta de investigaciones efectivas, eficientes y oportunas, como lo mandan los est\u00e1ndares internacionales, es lo que permite que se sigan cometiendo cr\u00edmenes en el pa\u00eds en total impunidad.<\/p><p>Precisamente porque hay impunidad es que se siguen cometiendo los mismos errores, sostuvo la titular del CONADEH.<\/p><p>Explic\u00f3 que cuando hay una sentencia de la Corte Interamericana de Derechos Humanos (CORTE- IDH), el objetivo es la no repetici\u00f3n de esos hechos pero que sigan pasando y no haya investigaciones efectivas, eficientes y oportunas, como mandan los est\u00e1ndares internacionales es lo que ha permitido para que sigamos en ese tipo de situaciones.<\/p><p><strong>Defensores de derechos humanos en situaci\u00f3n de vulnerabilidad<\/strong><\/p><p>Izaguirre reconoci\u00f3 que la CORTE-IDH a trav\u00e9s de su jurisprudencia\u00a0 y espec\u00edficamente en el caso de Janeth Kawas, habla que los defensores del ambiente y del territorio son considerados tambi\u00e9n\u00a0 defensores de derechos humanos.<\/p><p>Es preocupante que se le comunique al Estado hondure\u00f1o de la situaci\u00f3n de vulnerabilidad en la que se encuentran los defensores de derechos humanos, por el trabajo que realizan, y no se tomen las medidas correctivas o necesarias para proteger su integridad\u00a0 personal y su vida.<\/p><p>Record\u00f3 que el pasado 10 de septiembre el CONADEH emiti\u00f3 una Alerta Temprana en la que advierte a la comunidad internacional, a las autoridades estatales y a la poblaci\u00f3n en general sobre la falta de adopci\u00f3n de medidas cautelares dictadas por la Comisi\u00f3n Interamericana de Derechos Humanos a favor de los Integrantes del Comit\u00e9 Municipal de Defensa de los Bienes Comunes y P\u00fablicos de Tocoa.<\/p><p>Las Alertas Tempranas tienen una naturaleza preventiva y humanitaria que tienen por objetivo impulsar acciones de prevenci\u00f3n desde una perspectiva humanitaria, de derechos humanos y con un enfoque de seguridad humana; de tal manera que poseen un car\u00e1cter fundamentalmente tutelar por cuanto sean capaces de evitar da\u00f1os irreparables en los derechos y condiciones de vida de las personas.<\/p><p><strong>Mecanismo de protecci\u00f3n \u201cnunca ha funcionado\u201d<\/strong><\/p><p>La titular del CONADEH cuestion\u00f3 que el Mecanismo Nacional de Protecci\u00f3n no es que no funciona actualmente\u00a0 es que nunca ha funcionado y que, por eso, colegios como el de los abogados y el de los periodistas se retiraron del Mecanismo porque no sent\u00edan que se estaban asegurando esas medidas de protecci\u00f3n.<\/p><p>Se\u00f1al\u00f3 que defender derechos humanos, desafortunadamente,\u00a0 se vuelve una afrenta a diferentes sectores que no est\u00e1n satisfechos ni contentos con que se defiendan los derechos humanos y\u00a0 ponen en peligro la vida de quienes desempe\u00f1amos esa labor.<\/p><p><strong>Se deben atender las causas estructurales que generan violencia<\/strong><\/p><p>La Defensora del Pueblo considera indispensable que se atiendan las causas estructurales que generan\u00a0 las condiciones de violencia en el pa\u00eds.<\/p><p>De qu\u00e9 sirve que se tenga miles polic\u00edas que anden protegiendo a 20 defensores de derechos humanos si no se est\u00e1 atacando la ra\u00edz del problema que es de donde vienen las amenazas y los atentados contra la integridad personal y la integridad f\u00edsica de las personas.<\/p><p>En los \u00faltimos a\u00f1os, la criminalizaci\u00f3n hacia los defensores que buscan proteger la tierra, los ecosistemas y sus territorios, se ha convertido en un peligro tanto para ellos como para sus familiares, por la grave situaci\u00f3n de violencia que se vive en el pa\u00eds y que desde el 2022 dejo m\u00e1s de 30 muertes violentas.<\/p><p>El \u00faltimo hecho violento ocurri\u00f3 el pasado 14 de septiembre de 2024, en el que perdi\u00f3 la vida el defensor del ambiente Juan L\u00f3pez, acci\u00f3n por la que el CONADEH recomend\u00f3, al Estado de Honduras,<strong> re<\/strong>alizar una investigaci\u00f3n oportuna, independiente, imparcial y exhaustiva para evitar que el crimen se sume a la larga lista de casos impunes en el pa\u00eds.<\/p>\t\t\t\t\t\t\t\t<\/div>\n\t\t\t\t<\/div>\n\t\t\t\t\t<\/div>\n\t\t\t\t<\/div>\n\t\t<div class=\"elementor-element elementor-element-4877773 e-flex e-con-boxed e-con e-parent\" data-id=\"4877773\" data-element_type=\"container\" data-e-type=\"container\">\n\t\t\t\t\t<div class=\"e-con-inner\">\n\t\t\t\t<div class=\"elementor-element elementor-element-0a43780 elementor-widget elementor-widget-image\" data-id=\"0a43780\" data-element_type=\"widget\" data-e-type=\"widget\" data-widget_type=\"image.default\">\n\t\t\t\t<div class=\"elementor-widget-container\">\n\t\t\t\t\t\t\t\t\t\t\t\t\t\t\t<img fetchpriority=\"high\" decoding=\"async\" width=\"750\" height=\"501\" src=\"https:\/\/conadeh.hn\/wp-content\/uploads\/2024\/10\/blanca-izaguirre-Conadeh.jpg\" class=\"attachment-large size-large wp-image-3440\" alt=\"\" srcset=\"https:\/\/conadeh.hn\/wp-content\/uploads\/2024\/10\/blanca-izaguirre-Conadeh.jpg 893w, https:\/\/conadeh.hn\/wp-content\/uploads\/2024\/10\/blanca-izaguirre-Conadeh-300x201.jpg 300w, https:\/\/conadeh.hn\/wp-content\/uploads\/2024\/10\/blanca-izaguirre-Conadeh-768x513.jpg 768w, https:\/\/conadeh.hn\/wp-content\/uploads\/2024\/10\/blanca-izaguirre-Conadeh-360x240.jpg 360w\" sizes=\"(max-width: 750px) 100vw, 750px\" \/>\t\t\t\t\t\t\t\t\t\t\t\t\t\t\t<\/div>\n\t\t\t\t<\/div>\n\t\t\t\t\t<\/div>\n\t\t\t\t<\/div>\n\t\t\t\t<\/div>\n\t\t","protected":false},"excerpt":{"rendered":"<p>\u201cEl tal\u00f3n de Aquiles\u201d de la justicia hondure\u00f1a Falta de investigaciones efectivas, eficientes y oportunas \u201calimentan\u201d la impunidad en el pa\u00eds La Comisionada Nacional de los Derechos Humanos, Blanca Izaguirre fue contundente al se\u00f1alar que la falta de investigaciones efectivas, eficientes y oportunas, como lo mandan los est\u00e1ndares internacionales, es [&hellip;]<\/p>\n","protected":false},"author":2,"featured_media":3440,"comment_status":"closed","ping_status":"closed","sticky":false,"template":"","format":"standard","meta":{"saved_in_kubio":false,"_themeisle_gutenberg_block_has_review":false,"_kadence_starter_templates_imported_post":false,"footnotes":""},"categories":[1],"tags":[],"class_list":["post-3438","post","type-post","status-publish","format-standard","has-post-thumbnail","hentry","category-uncategorized"],"_links":{"self":[{"href":"https:\/\/conadeh.hn\/index.php?rest_route=\/wp\/v2\/posts\/3438","targetHints":{"allow":["GET"]}}],"collection":[{"href":"https:\/\/conadeh.hn\/index.php?rest_route=\/wp\/v2\/posts"}],"about":[{"href":"https:\/\/conadeh.hn\/index.php?rest_route=\/wp\/v2\/types\/post"}],"author":[{"embeddable":true,"href":"https:\/\/conadeh.hn\/index.php?rest_route=\/wp\/v2\/users\/2"}],"replies":[{"embeddable":true,"href":"https:\/\/conadeh.hn\/index.php?rest_route=%2Fwp%2Fv2%2Fcomments&post=3438"}],"version-history":[{"count":4,"href":"https:\/\/conadeh.hn\/index.php?rest_route=\/wp\/v2\/posts\/3438\/revisions"}],"predecessor-version":[{"id":3443,"href":"https:\/\/conadeh.hn\/index.php?rest_route=\/wp\/v2\/posts\/3438\/revisions\/3443"}],"wp:featuredmedia":[{"embeddable":true,"href":"https:\/\/conadeh.hn\/index.php?rest_route=\/wp\/v2\/media\/3440"}],"wp:attachment":[{"href":"https:\/\/conadeh.hn\/index.php?rest_route=%2Fwp%2Fv2%2Fmedia&parent=3438"}],"wp:term":[{"taxonomy":"category","embeddable":true,"href":"https:\/\/conadeh.hn\/index.php?rest_route=%2Fwp%2Fv2%2Fcategories&post=3438"},{"taxonomy":"post_tag","embeddable":true,"href":"https:\/\/conadeh.hn\/index.php?rest_route=%2Fwp%2Fv2%2Ftags&post=3438"}],"curies":[{"name":"wp","href":"https:\/\/api.w.org\/{rel}","templated":true}]}}