{"id":3164,"date":"2024-07-23T20:56:49","date_gmt":"2024-07-23T20:56:49","guid":{"rendered":"https:\/\/conadeh.hn\/?p=3164"},"modified":"2024-07-23T20:59:57","modified_gmt":"2024-07-23T20:59:57","slug":"desplazamiento-forzado-afecta-a-miembros-de-los-pueblos-indigenas-y-afrohondurenos","status":"publish","type":"post","link":"https:\/\/conadeh.hn\/?p=3164","title":{"rendered":"Desplazamiento forzado afecta a miembros de los pueblos ind\u00edgenas y afrohondure\u00f1os"},"content":{"rendered":"\t\t<div data-elementor-type=\"wp-post\" data-elementor-id=\"3164\" class=\"elementor elementor-3164\">\n\t\t\t\t<div class=\"elementor-element elementor-element-caaf00a e-flex e-con-boxed e-con e-parent\" data-id=\"caaf00a\" data-element_type=\"container\" data-e-type=\"container\">\n\t\t\t\t\t<div class=\"e-con-inner\">\n\t\t\t\t<div class=\"elementor-element elementor-element-dcd5a9c elementor-widget elementor-widget-text-editor\" data-id=\"dcd5a9c\" data-element_type=\"widget\" data-e-type=\"widget\" data-widget_type=\"text-editor.default\">\n\t\t\t\t<div class=\"elementor-widget-container\">\n\t\t\t\t\t\t\t\t\t<p><strong>Desplazamiento forzado afecta a miembros de los pueblos ind\u00edgenas y afrohondure\u00f1os <\/strong><\/p><p>En los \u00faltimos ocho a\u00f1os, el desplazamiento forzado por violencia afect\u00f3 a miembros de los pueblos ind\u00edgenas y afro-hondure\u00f1os revel\u00f3 el Comisionado Nacional de los Derechos Humanos (CONADEH), ente estatal que, entre el 2016 y el 2023,\u00a0\u00a0 atendi\u00f3 alrededor de 180 quejas de personas v\u00edctimas de esa modalidad violatoria.<\/p><p>Solo en el 2023, el CONADEH atendi\u00f3 42 casos de personas ind\u00edgenas y afrohondure\u00f1os en riesgo o v\u00edctimas de desplazamiento forzado, en su mayor\u00eda por defender su derecho a la tierra, al territorio y al ambiente.<\/p><p>En el 57% de los casos, las personas denunciaron estar en riesgo mientras que, el 43% restante que fueron v\u00edctimas de desplazamiento forzado.<\/p><p>Entre los hallazgos, el informe establece que, los pueblos ind\u00edgenas y afrodescendientes m\u00e1s afectados fueron los Miskitus con un 76%, los Gar\u00edfunas con un 17%, seguidos por los Lencas con un 5% y los Negros de Habla Inglesa con un 2%.<\/p><p>Atl\u00e1ntida, Col\u00f3n, Francisco Moraz\u00e1n, Gracias a Dios, Olancho y Valle, fueron los departamentos con la mayor concentraci\u00f3n de las quejas de personas ind\u00edgenas y afro hondure\u00f1as, en riesgo o v\u00edctimas del desplazamiento forzado.<\/p><p>El Coordinador de la Defensor\u00eda de Pueblos Ind\u00edgenas y Afro hondure\u00f1os, Frank Cruz explic\u00f3 que, en el 2023, al menos 23 hombres y 19 mujeres pertenecientes a los pueblos ind\u00edgenas y afrodescendientes denunciaron ser v\u00edctimas de esa modalidad violatorio de los derechos humanos.<\/p><p>El riesgo o desplazamiento forzado\u00a0 de personas ind\u00edgenas y afrohondure\u00f1as estuvo asociada a causas como las amenazas, asesinatos, extorsi\u00f3n y el despojo de tierras.<\/p><p>Entre los responsables de poner en riesgo la integridad f\u00edsica y la vida de miembros de los pueblos ind\u00edgenas y afrohondure\u00f1os figuran personas vinculadas a bandas criminales, pandillas y al crimen organizado.<\/p><p>Blanca Izaguirre, titular del CONADEH declar\u00f3 que las poblaciones ind\u00edgenas y afrohondure\u00f1as, adem\u00e1s de ser parte de las poblaciones y comunidades en situaci\u00f3n de vulnerabilidad, enfrentan grandes barreras estructurales hist\u00f3ricas, que se traducen en discriminaci\u00f3n y en afectaciones a sus derechos individuales y colectivos, que contribuyen a su exclusi\u00f3n social.<\/p><p>\u201cEs urgente que el Estado hondure\u00f1o tome las medidas de protecci\u00f3n necesarias para detener los desplazamientos de personas de pueblos ind\u00edgenas y afrohondure\u00f1os\u201d, recomend\u00f3.<\/p><p>De 138 quejas atendidas, por el CONADEH, de este sector vulnerable de la poblaci\u00f3n, en el 2023, alrededor de 30 est\u00e1n relacionadas con amenazas a muerte, el resto con la falta de acceso a la justicia y el debido proceso legal, abusos a la propiedad privada, omisi\u00f3n de respuesta a peticiones, ejercicio indebido del servidor p\u00fablico, entre otras.<\/p><p>Entre las instituciones m\u00e1s denunciadas por las personas ind\u00edgenas y afrohondure\u00f1as \u00a0figuran la Direcci\u00f3n Policial de Investigaciones (DPI), la Polic\u00eda Nacional Preventiva (PNP), los juzgados de paz, de letras, las \u00a0alcald\u00edas municipales y las Fuerzas Armadas.<\/p><p>Honduras cuenta con la presencia \u00a0de 9 pueblos ind\u00edgenas y afro hondure\u00f1os, los tolupanes, lencas, gar\u00edfunas, Maya-Chorti, Tawahkas, Pech, Miskitus, N\u00e1huatl y negros de habla inglesa o Creoles , que contin\u00faan siendo v\u00edctimas de patrones de violencia institucional o sistem\u00e1tica por parte del Estado de Honduras.<\/p>\t\t\t\t\t\t\t\t<\/div>\n\t\t\t\t<\/div>\n\t\t\t\t\t<\/div>\n\t\t\t\t<\/div>\n\t\t<div class=\"elementor-element elementor-element-3ba5ec0 e-flex e-con-boxed e-con e-parent\" data-id=\"3ba5ec0\" data-element_type=\"container\" data-e-type=\"container\">\n\t\t\t\t\t<div class=\"e-con-inner\">\n\t\t\t\t<div class=\"elementor-element elementor-element-655c74c elementor-widget elementor-widget-image\" data-id=\"655c74c\" data-element_type=\"widget\" data-e-type=\"widget\" data-widget_type=\"image.default\">\n\t\t\t\t<div class=\"elementor-widget-container\">\n\t\t\t\t\t\t\t\t\t\t\t\t\t\t\t<img fetchpriority=\"high\" decoding=\"async\" width=\"273\" height=\"185\" src=\"https:\/\/conadeh.hn\/wp-content\/uploads\/2024\/07\/pueblo-indigenas.jpg\" class=\"attachment-large size-large wp-image-3165\" alt=\"\" \/>\t\t\t\t\t\t\t\t\t\t\t\t\t\t\t<\/div>\n\t\t\t\t<\/div>\n\t\t\t\t\t<\/div>\n\t\t\t\t<\/div>\n\t\t\t\t<\/div>\n\t\t","protected":false},"excerpt":{"rendered":"<p>Desplazamiento forzado afecta a miembros de los pueblos ind\u00edgenas y afrohondure\u00f1os En los \u00faltimos ocho a\u00f1os, el desplazamiento forzado por violencia afect\u00f3 a miembros de los pueblos ind\u00edgenas y afro-hondure\u00f1os revel\u00f3 el Comisionado Nacional de los Derechos Humanos (CONADEH), ente estatal que, entre el 2016 y el 2023,\u00a0\u00a0 atendi\u00f3 alrededor [&hellip;]<\/p>\n","protected":false},"author":2,"featured_media":3165,"comment_status":"closed","ping_status":"closed","sticky":false,"template":"","format":"standard","meta":{"saved_in_kubio":false,"_themeisle_gutenberg_block_has_review":false,"_kadence_starter_templates_imported_post":false,"footnotes":""},"categories":[1],"tags":[],"class_list":["post-3164","post","type-post","status-publish","format-standard","has-post-thumbnail","hentry","category-uncategorized"],"_links":{"self":[{"href":"https:\/\/conadeh.hn\/index.php?rest_route=\/wp\/v2\/posts\/3164","targetHints":{"allow":["GET"]}}],"collection":[{"href":"https:\/\/conadeh.hn\/index.php?rest_route=\/wp\/v2\/posts"}],"about":[{"href":"https:\/\/conadeh.hn\/index.php?rest_route=\/wp\/v2\/types\/post"}],"author":[{"embeddable":true,"href":"https:\/\/conadeh.hn\/index.php?rest_route=\/wp\/v2\/users\/2"}],"replies":[{"embeddable":true,"href":"https:\/\/conadeh.hn\/index.php?rest_route=%2Fwp%2Fv2%2Fcomments&post=3164"}],"version-history":[{"count":4,"href":"https:\/\/conadeh.hn\/index.php?rest_route=\/wp\/v2\/posts\/3164\/revisions"}],"predecessor-version":[{"id":3169,"href":"https:\/\/conadeh.hn\/index.php?rest_route=\/wp\/v2\/posts\/3164\/revisions\/3169"}],"wp:featuredmedia":[{"embeddable":true,"href":"https:\/\/conadeh.hn\/index.php?rest_route=\/wp\/v2\/media\/3165"}],"wp:attachment":[{"href":"https:\/\/conadeh.hn\/index.php?rest_route=%2Fwp%2Fv2%2Fmedia&parent=3164"}],"wp:term":[{"taxonomy":"category","embeddable":true,"href":"https:\/\/conadeh.hn\/index.php?rest_route=%2Fwp%2Fv2%2Fcategories&post=3164"},{"taxonomy":"post_tag","embeddable":true,"href":"https:\/\/conadeh.hn\/index.php?rest_route=%2Fwp%2Fv2%2Ftags&post=3164"}],"curies":[{"name":"wp","href":"https:\/\/api.w.org\/{rel}","templated":true}]}}