{"id":3140,"date":"2024-07-23T19:14:53","date_gmt":"2024-07-23T19:14:53","guid":{"rendered":"https:\/\/conadeh.hn\/?p=3140"},"modified":"2024-07-23T19:27:25","modified_gmt":"2024-07-23T19:27:25","slug":"absurdo-y-descabellado-pensar-que-con-medidas-represivas-se-resolveran-problemas-de-seguridad","status":"publish","type":"post","link":"https:\/\/conadeh.hn\/?p=3140","title":{"rendered":"Absurdo y descabellado pensar que con medidas represivas se resolver\u00e1n problemas de seguridad"},"content":{"rendered":"\t\t<div data-elementor-type=\"wp-post\" data-elementor-id=\"3140\" class=\"elementor elementor-3140\">\n\t\t\t\t<div class=\"elementor-element elementor-element-41eb5a7 e-flex e-con-boxed e-con e-parent\" data-id=\"41eb5a7\" data-element_type=\"container\" data-e-type=\"container\">\n\t\t\t\t\t<div class=\"e-con-inner\">\n\t\t\t\t<div class=\"elementor-element elementor-element-d2cabc2 elementor-widget elementor-widget-text-editor\" data-id=\"d2cabc2\" data-element_type=\"widget\" data-e-type=\"widget\" data-widget_type=\"text-editor.default\">\n\t\t\t\t<div class=\"elementor-widget-container\">\n\t\t\t\t\t\t\t\t\t<p><strong>Absurdo y descabellado pensar que con medidas represivas se resolver\u00e1n problemas de seguridad <\/strong><\/p><ul><li><strong>Se estima que unos 116 ni\u00f1os, ni\u00f1as y adolescentes\u00a0 se encuentran cumpliendo medidas de privaci\u00f3n de libertad en los centros pedag\u00f3gicos y que hay, aproximadamente, 1,300 con medidas no privativas de libertad, dato que representa alrededor del 7% en comparaci\u00f3n con los 20 mil adultos que se encuentran privados de libertad en las c\u00e1rceles del pa\u00eds.<\/strong><\/li><\/ul><p>Absurdo y descabellado pensar que rebajando la edad punible y con medidas represivas que se va a resolver el problema de inseguridad en el pa\u00eds, reflexion\u00f3 hoy el Comisionado Nacional de los Derechos Humanos (CONADEH), ente que recomend\u00f3 al Estado hondure\u00f1o trabajar en la educaci\u00f3n, formaci\u00f3n, atenci\u00f3n y en la restituci\u00f3n de los derechos a los ni\u00f1os y adolescentes.<\/p><p>C\u00e1ndida Maradiaga, coordinadora de la Defensor\u00eda de la Ni\u00f1ez del CONADEH calific\u00f3 de \u201cparad\u00f3jico\u201d que sea el mismo Estado, responsable de generar las condiciones de protecci\u00f3n a la ni\u00f1ez en su primera infancia, el que hoy los est\u00e9 criminalizando.<\/p><p>En lo que hay que trabajar es en la educaci\u00f3n, la formaci\u00f3n, atenci\u00f3n y en la restituci\u00f3n de los derechos a estos ni\u00f1os y adolescentes que realmente el Estado les ha fallado, se\u00f1al\u00f3<\/p><p>Se estima que\u00a0 unos 116 ni\u00f1os, ni\u00f1as y adolescentes\u00a0 se encuentran cumpliendo medidas de privaci\u00f3n de libertad en los centros pedag\u00f3gicos y que hay, aproximadamente, 1,300 con medidas no privativas de libertad, dato que representa alrededor del 7% en comparaci\u00f3n con los 20 mil adultos que se encuentran privados de libertad.<\/p><p>Indic\u00f3 que, las autoridades penitenciarias, en lugar de estar pensando \u00a0en ese 7%\u00a0 de ni\u00f1os, ni\u00f1as y adolescentes en conflicto con la Ley, deber\u00edan atender \u00a0y estar m\u00e1s pendientes de los casi 20 mil privados de libertad que tienen en los centros de adultos y que no est\u00e1n desarrollando los procesos de rehabilitaci\u00f3n que manda la ley.<\/p><p>Maradiaga explic\u00f3 que los que ingresan a\u00a0 esos centros pedag\u00f3gicos son ni\u00f1os y ni\u00f1as que\u00a0 el mismo sistema les ha fallado\u00a0 en su primera infancia.<\/p><p>Son ni\u00f1os de 15 y 16 a\u00f1os\u00a0 que, hasta\u00a0 que llegan al INAMI, se le restituye el derecho a la educaci\u00f3n, porque\u00a0 muchos de ellos nunca estuvieron en un centro educativo, sus familiares migraron, nunca tuvieron la orientaci\u00f3n de sus padres, ni han tenido las condiciones para vivir dignamente.<\/p><p>Situaci\u00f3n de la que se aprovecha el crimen organizado,\u00a0 las maras y pandillas que los ven como un grupo vulnerable considerando que, el tratamiento penal que se le aplica a la ni\u00f1ez es diferente al del adulto.<\/p><p>Seg\u00fan Maradiaga, los ni\u00f1os, ni\u00f1as y adolescentes en conflicto con la ley, son parte de ese 1.1millones de ni\u00f1os que no est\u00e1n en el sistema educativo, tambi\u00e9n son parte de ese 1.6 millones de ni\u00f1os que reporta el INE que se ven obligados a trabajar porque sus familias no tienen las condiciones para poder sobrevivir y son parte de esos 20 mil adolescentes que se encuentran\u00a0 en situaci\u00f3n de calle.<\/p><p>No es cierto que son inimputables, dijo Maradiaga, y record\u00f3 que hay una Ley\u00a0 de Justicia Juvenil\u00a0 que atiende a los ni\u00f1os, ni\u00f1as y adolescentes de 12 a 18 a\u00f1os para poder deducir las responsabilidades que tienen cuando cometen infracciones.\u00a0<\/p><p>Se\u00f1al\u00f3 que los organismos internacionales no recomiendan a los polic\u00edas y los militares, que asuman responsabilidades de centros penitenciarios o de centros de internamiento\u00a0 de\u00a0 ni\u00f1os en conflicto con la Ley, porque m\u00e1s que plantear iniciativas preventivas sus propuestas\u00a0 son medidas \u00a0represivas para supuestamente resolver una problem\u00e1tica.<\/p><p>Los militares y los polic\u00edas\u00a0 tienen esa tendencia a criminalizar\u00a0 a la ni\u00f1ez que se encuentra en conflicto con la Ley y a plantear iniciativas\u00a0 que son m\u00e1s de tipo represivo, cuando lo que se debe pensar es en estrategias que vengan a proteger sus derechos y evitar que caigan en las redes de la violencia delincuencial.<\/p><p>Agreg\u00f3 que muchos adolescentes son reclutados por el crimen organizado, por maras y pandillas porque provienen de comunidades invadidas por personas que forman parte de esos grupos criminales y que, en la mayor\u00eda de los casos, los amenazan para que participen en actos delictivos<\/p><p>Detall\u00f3 que las infracciones de\u00a0 mayor incidencia por las que son remitidos estos j\u00f3venes a los centros pedag\u00f3gicos\u00a0 de privaci\u00f3n de libertad son por motivos\u00a0 de extorsi\u00f3n y\u00a0 por el tr\u00e1fico de drogas.<\/p><p>El problema no se va a resolver con privar\u00a0 a m\u00e1s ni\u00f1os de su libertad\u00a0 cuando sabemos que el Estado no tiene centros de privaci\u00f3n de libertad\u00a0 adecuados para atender incluso a la poblaci\u00f3n que ya est\u00e1\u00a0 recluida, concluy\u00f3.<\/p>\t\t\t\t\t\t\t\t<\/div>\n\t\t\t\t<\/div>\n\t\t\t\t\t<\/div>\n\t\t\t\t<\/div>\n\t\t<div class=\"elementor-element elementor-element-db00ae8 e-flex e-con-boxed e-con e-parent\" data-id=\"db00ae8\" data-element_type=\"container\" data-e-type=\"container\">\n\t\t\t\t\t<div class=\"e-con-inner\">\n\t\t\t\t<div class=\"elementor-element elementor-element-861f261 elementor-widget elementor-widget-image\" data-id=\"861f261\" data-element_type=\"widget\" data-e-type=\"widget\" data-widget_type=\"image.default\">\n\t\t\t\t<div class=\"elementor-widget-container\">\n\t\t\t\t\t\t\t\t\t\t\t\t\t\t\t<img fetchpriority=\"high\" decoding=\"async\" width=\"274\" height=\"184\" src=\"https:\/\/conadeh.hn\/wp-content\/uploads\/2024\/07\/ninos-privados-de-libertad.jpg\" class=\"attachment-large size-large wp-image-3142\" alt=\"\" \/>\t\t\t\t\t\t\t\t\t\t\t\t\t\t\t<\/div>\n\t\t\t\t<\/div>\n\t\t\t\t\t<\/div>\n\t\t\t\t<\/div>\n\t\t\t\t<\/div>\n\t\t","protected":false},"excerpt":{"rendered":"<p>Absurdo y descabellado pensar que con medidas represivas se resolver\u00e1n problemas de seguridad Se estima que unos 116 ni\u00f1os, ni\u00f1as y adolescentes\u00a0 se encuentran cumpliendo medidas de privaci\u00f3n de libertad en los centros pedag\u00f3gicos y que hay, aproximadamente, 1,300 con medidas no privativas de libertad, dato que representa alrededor del [&hellip;]<\/p>\n","protected":false},"author":2,"featured_media":3142,"comment_status":"closed","ping_status":"closed","sticky":false,"template":"","format":"standard","meta":{"saved_in_kubio":false,"_themeisle_gutenberg_block_has_review":false,"_kadence_starter_templates_imported_post":false,"footnotes":""},"categories":[1],"tags":[],"class_list":["post-3140","post","type-post","status-publish","format-standard","has-post-thumbnail","hentry","category-uncategorized"],"_links":{"self":[{"href":"https:\/\/conadeh.hn\/index.php?rest_route=\/wp\/v2\/posts\/3140","targetHints":{"allow":["GET"]}}],"collection":[{"href":"https:\/\/conadeh.hn\/index.php?rest_route=\/wp\/v2\/posts"}],"about":[{"href":"https:\/\/conadeh.hn\/index.php?rest_route=\/wp\/v2\/types\/post"}],"author":[{"embeddable":true,"href":"https:\/\/conadeh.hn\/index.php?rest_route=\/wp\/v2\/users\/2"}],"replies":[{"embeddable":true,"href":"https:\/\/conadeh.hn\/index.php?rest_route=%2Fwp%2Fv2%2Fcomments&post=3140"}],"version-history":[{"count":5,"href":"https:\/\/conadeh.hn\/index.php?rest_route=\/wp\/v2\/posts\/3140\/revisions"}],"predecessor-version":[{"id":3146,"href":"https:\/\/conadeh.hn\/index.php?rest_route=\/wp\/v2\/posts\/3140\/revisions\/3146"}],"wp:featuredmedia":[{"embeddable":true,"href":"https:\/\/conadeh.hn\/index.php?rest_route=\/wp\/v2\/media\/3142"}],"wp:attachment":[{"href":"https:\/\/conadeh.hn\/index.php?rest_route=%2Fwp%2Fv2%2Fmedia&parent=3140"}],"wp:term":[{"taxonomy":"category","embeddable":true,"href":"https:\/\/conadeh.hn\/index.php?rest_route=%2Fwp%2Fv2%2Fcategories&post=3140"},{"taxonomy":"post_tag","embeddable":true,"href":"https:\/\/conadeh.hn\/index.php?rest_route=%2Fwp%2Fv2%2Ftags&post=3140"}],"curies":[{"name":"wp","href":"https:\/\/api.w.org\/{rel}","templated":true}]}}