{"id":3126,"date":"2024-07-23T17:59:52","date_gmt":"2024-07-23T17:59:52","guid":{"rendered":"https:\/\/conadeh.hn\/?p=3126"},"modified":"2024-07-23T18:35:56","modified_gmt":"2024-07-23T18:35:56","slug":"alerta-temprana-del-conadeh-advierte-graves-violaciones-a-los-derechos-humanos-de-instalarse-carcel-en-islas-del-cisne","status":"publish","type":"post","link":"https:\/\/conadeh.hn\/?p=3126","title":{"rendered":"\u201cAlerta Temprana\u201d del CONADEH: Advierte graves violaciones a los derechos humanos de instalarse c\u00e1rcel en Islas del Cisne"},"content":{"rendered":"\t\t<div data-elementor-type=\"wp-post\" data-elementor-id=\"3126\" class=\"elementor elementor-3126\">\n\t\t\t\t<div class=\"elementor-element elementor-element-414e0845 e-flex e-con-boxed e-con e-parent\" data-id=\"414e0845\" data-element_type=\"container\" data-e-type=\"container\">\n\t\t\t\t\t<div class=\"e-con-inner\">\n\t\t\t\t<div class=\"elementor-element elementor-element-18c60313 elementor-widget elementor-widget-text-editor\" data-id=\"18c60313\" data-element_type=\"widget\" data-e-type=\"widget\" data-widget_type=\"text-editor.default\">\n\t\t\t\t<div class=\"elementor-widget-container\">\n\t\t\t\t\t\t\t\t\t\n<p><strong>Advierte graves violaciones a los derechos humanos de instalarse c\u00e1rcel en Islas del Cisne<\/strong><\/p>\n\t\t\t\t\t\t\t\t<\/div>\n\t\t\t\t<\/div>\n\t\t\t\t\t<\/div>\n\t\t\t\t<\/div>\n\t\t<div class=\"elementor-element elementor-element-bc7cc97 e-flex e-con-boxed e-con e-parent\" data-id=\"bc7cc97\" data-element_type=\"container\" data-e-type=\"container\">\n\t\t\t\t\t<div class=\"e-con-inner\">\n\t\t\t\t<div class=\"elementor-element elementor-element-e86b300 elementor-widget elementor-widget-text-editor\" data-id=\"e86b300\" data-element_type=\"widget\" data-e-type=\"widget\" data-widget_type=\"text-editor.default\">\n\t\t\t\t<div class=\"elementor-widget-container\">\n\t\t\t\t\t\t\t\t\t<p><strong><u>\u201cAlerta Temprana\u201d del CONADEH:<\/u><\/strong><\/p>\n<p><strong>Advierte graves violaciones a los derechos humanos de instalarse c\u00e1rcel en Islas del Cisne<\/strong><\/p>\n<p>El Comisionado Nacional de los Derechos Humanos (CONADEH) emiti\u00f3 una \u201cAlerta Temprana\u201d en la que advierte el potencial riesgo de graves violaciones de derechos humanos contra la poblaci\u00f3n penitenciaria por la programada instalaci\u00f3n de un centro de detenci\u00f3n en las Islas del Cisne.<\/p>\n<p>En el ejercicio de su mandato constitucional, el CONADEH hizo una serie de recomendaciones con el objetivo de impulsar acciones de prevenci\u00f3n desde una perspectiva humanitaria, de derechos humanos y con un enfoque de seguridad humana.<\/p>\n<p>En la \u201cAlerta\u201d, el CONADEH advierte a la comunidad internacional, a las autoridades estatales y a la poblaci\u00f3n en general sobre el potencial riesgo de graves violaciones de derechos humanos contra la poblaci\u00f3n penitenciaria por la programada instalaci\u00f3n de un centro de detenci\u00f3n en las Islas del Cisne.<\/p>\n<p>Su preocupaci\u00f3n por la instalaci\u00f3n de dicha c\u00e1rcel se centra, entre otras cosas, por la accesibilidad de los familiares para efectuar las visitas penitenciarias, as\u00ed como, de los jueces ejecutores y, en general, el impedimento para el ejercicio de los derechos vinculados al debido proceso.<\/p>\n<p>El CONADEH advierte que las Islas del Cisne se caracterizan por ecosistemas diversos, fr\u00e1giles y altamente vulnerables al cambio clim\u00e1tico, particularmente a huracanes. por lo que, la instalaci\u00f3n de cualquier tipo de asentamiento humano requiere un estudio sumamente profundo que determine la viabilidad del asentimiento que se pretende instalar.<\/p>\n<p>La titular del CONADEH, Blanca Izaguirre hizo \u00e9nfasis sobre las obligaciones estatales y los est\u00e1ndares internacionales de derechos humanos aplicables al tratamiento de las personas privadas de libertad y c\u00f3mo la instalaci\u00f3n de un centro de reclusi\u00f3n en las Islas del Cisne pone en riesgo a esta poblaci\u00f3n de ser v\u00edctimas de graves violaciones a derechos humanos.<\/p>\n<p>Dada la \u201calta actividad de huracanes\u201d y con un \u201cecosistema fr\u00e1gil\u201d, el CONADEH advierte que la instalaci\u00f3n de un centro penitenciario en esa zona constituye un elemento que pone en riesgo las condiciones de vida digna y la integridad personal de las personas privadas de libertad que pretendan ser recluidas en dicho centro.<\/p>\n<p>El Estado debe tomar en consideraci\u00f3n los estudios previamente realizados por las instituciones estatales y de cualquier otra naturaleza, mediante los cuales se abordan la vulnerabilidad del territorio frente a fen\u00f3menos naturales y el alto riesgo en el que pone a los privados de libertad de sufrir vulneraciones a sus derechos, se\u00f1al\u00f3 Izaguirre.<\/p>\n<p>\u201cEn consecuencia, el CONADEH reitera al Estado su recomendaci\u00f3n de abstenerse de instalar un centro penitenciario en las Islas del Cisne\u201d se indica en el documento.<\/p>\n<p>En la Alerta, recomienda, al Poder Ejecutivo, abstenerse de realizar la instalaci\u00f3n de un centro de privaci\u00f3n de libertad en las Islas del Cisne, en virtud que acentuar\u00eda los desaf\u00edos estructurales en el Sistema Penitenciario Nacional.<\/p>\n<p>Adem\u00e1s, le exhorta a adoptar una pol\u00edtica penitenciaria integral que brinde soluciones reales y duraderas a la crisis permanente que se vive al interior de los centros penales en el pa\u00eds.<\/p>\n<p>Le se\u00f1ala, al Ejecutivo, la necesidad de desmilitarizar los centros penitenciarios progresivamente y atribuir la custodia de \u00e9stos a agentes penitenciarios capacitados y debidamente entrenados para asumir las funciones que les competen en esa materia.<\/p>\n<p>Por su parte, a la Secretar\u00eda de Recursos Naturales y Ambiente le insta a hacer de p\u00fablico conocimiento el Estudio de Impacto Ambiental (EIA).<\/p>\n<p>Destaca la importancia de considerar la fragilidad del ecosistema y el impacto ambiental que sufrir\u00edan las Islas del Cisne producto de la instalaci\u00f3n de un establecimiento penitenciario en dicho lugar.<\/p>\n<p>Adem\u00e1s, que se someta a su consideraci\u00f3n, las valoraciones, estudios y pronunciamientos de instituciones p\u00fablicas o privadas que determinen la factibilidad de permitir asentamientos humanos en las Islas del Cisne.<\/p>\n<p>El 14 de junio de 2024, el pleno del Consejo Nacional de Defensa y Seguridad, en cadena nacional de radio y televisi\u00f3n, anunci\u00f3 una serie de \u201cacciones radicales del Plan de Soluci\u00f3n Contra el Crimen\u201d, dentro de las cuales destac\u00f3 la construcci\u00f3n de un centro de reclusi\u00f3n de emergencia para 20,000 privados de libertad entre los departamentos de Olancho y Gracias a Dios.<\/p>\n<p>Asimismo, enunci\u00f3 que, contando con la respectiva licencia de impacto ambiental, la Junta Interventora del Sistema Nacional Penitenciario, deber\u00e1 iniciar, en un plazo m\u00e1ximo de 2 semanas, el proceso de licitaci\u00f3n, adjudicaci\u00f3n y construcci\u00f3n de este centro de reclusi\u00f3n penitenciario.<\/p>\n<p>Las Islas del Cisne o de Santanilla se encuentran localizadas en la parte Noroeste del Mar Caribe, a unos 250 kil\u00f3metros de tierra firme de Honduras.<\/p>\t\t\t\t\t\t\t\t<\/div>\n\t\t\t\t<\/div>\n\t\t\t\t\t<\/div>\n\t\t\t\t<\/div>\n\t\t<div class=\"elementor-element elementor-element-7bfbbe6 e-flex e-con-boxed e-con e-parent\" data-id=\"7bfbbe6\" data-element_type=\"container\" data-e-type=\"container\">\n\t\t\t\t\t<div class=\"e-con-inner\">\n\t\t\t\t<div class=\"elementor-element elementor-element-e5b8a93 elementor-widget elementor-widget-image\" data-id=\"e5b8a93\" data-element_type=\"widget\" data-e-type=\"widget\" data-widget_type=\"image.default\">\n\t\t\t\t<div class=\"elementor-widget-container\">\n\t\t\t\t\t\t\t\t\t\t\t\t\t\t\t<img fetchpriority=\"high\" decoding=\"async\" width=\"314\" height=\"161\" src=\"https:\/\/conadeh.hn\/wp-content\/uploads\/2024\/07\/isla-del-cisne.jpg\" class=\"attachment-large size-large wp-image-3127\" alt=\"\" srcset=\"https:\/\/conadeh.hn\/wp-content\/uploads\/2024\/07\/isla-del-cisne.jpg 314w, https:\/\/conadeh.hn\/wp-content\/uploads\/2024\/07\/isla-del-cisne-300x154.jpg 300w\" sizes=\"(max-width: 314px) 100vw, 314px\" \/>\t\t\t\t\t\t\t\t\t\t\t\t\t\t\t<\/div>\n\t\t\t\t<\/div>\n\t\t\t\t\t<\/div>\n\t\t\t\t<\/div>\n\t\t\t\t<\/div>\n\t\t","protected":false},"excerpt":{"rendered":"<p>Advierte graves violaciones a los derechos humanos de instalarse c\u00e1rcel en Islas del Cisne \u201cAlerta Temprana\u201d del CONADEH: Advierte graves violaciones a los derechos humanos de instalarse c\u00e1rcel en Islas del Cisne El Comisionado Nacional de los Derechos Humanos (CONADEH) emiti\u00f3 una \u201cAlerta Temprana\u201d en la que advierte el potencial [&hellip;]<\/p>\n","protected":false},"author":2,"featured_media":3127,"comment_status":"closed","ping_status":"closed","sticky":false,"template":"","format":"standard","meta":{"saved_in_kubio":false,"_themeisle_gutenberg_block_has_review":false,"_kadence_starter_templates_imported_post":false,"footnotes":""},"categories":[1],"tags":[],"class_list":["post-3126","post","type-post","status-publish","format-standard","has-post-thumbnail","hentry","category-uncategorized"],"_links":{"self":[{"href":"https:\/\/conadeh.hn\/index.php?rest_route=\/wp\/v2\/posts\/3126","targetHints":{"allow":["GET"]}}],"collection":[{"href":"https:\/\/conadeh.hn\/index.php?rest_route=\/wp\/v2\/posts"}],"about":[{"href":"https:\/\/conadeh.hn\/index.php?rest_route=\/wp\/v2\/types\/post"}],"author":[{"embeddable":true,"href":"https:\/\/conadeh.hn\/index.php?rest_route=\/wp\/v2\/users\/2"}],"replies":[{"embeddable":true,"href":"https:\/\/conadeh.hn\/index.php?rest_route=%2Fwp%2Fv2%2Fcomments&post=3126"}],"version-history":[{"count":5,"href":"https:\/\/conadeh.hn\/index.php?rest_route=\/wp\/v2\/posts\/3126\/revisions"}],"predecessor-version":[{"id":3132,"href":"https:\/\/conadeh.hn\/index.php?rest_route=\/wp\/v2\/posts\/3126\/revisions\/3132"}],"wp:featuredmedia":[{"embeddable":true,"href":"https:\/\/conadeh.hn\/index.php?rest_route=\/wp\/v2\/media\/3127"}],"wp:attachment":[{"href":"https:\/\/conadeh.hn\/index.php?rest_route=%2Fwp%2Fv2%2Fmedia&parent=3126"}],"wp:term":[{"taxonomy":"category","embeddable":true,"href":"https:\/\/conadeh.hn\/index.php?rest_route=%2Fwp%2Fv2%2Fcategories&post=3126"},{"taxonomy":"post_tag","embeddable":true,"href":"https:\/\/conadeh.hn\/index.php?rest_route=%2Fwp%2Fv2%2Ftags&post=3126"}],"curies":[{"name":"wp","href":"https:\/\/api.w.org\/{rel}","templated":true}]}}