{"id":3077,"date":"2024-06-21T21:17:01","date_gmt":"2024-06-21T21:17:01","guid":{"rendered":"https:\/\/conadeh.hn\/?p=3077"},"modified":"2024-06-21T21:21:56","modified_gmt":"2024-06-21T21:21:56","slug":"en-materia-de-justicia-juvenil-centro-pedagogico-de-internamiento-nuevo-jalteva-no-reune-los-estandares-internacionales","status":"publish","type":"post","link":"https:\/\/conadeh.hn\/?p=3077","title":{"rendered":"En materia de justicia juvenil: Centro Pedag\u00f3gico de Internamiento \u201cNuevo Jalteva\u201d\u00a0 no re\u00fane los est\u00e1ndares internacionales"},"content":{"rendered":"\t\t<div data-elementor-type=\"wp-post\" data-elementor-id=\"3077\" class=\"elementor elementor-3077\">\n\t\t\t\t<div class=\"elementor-element elementor-element-88df853 e-flex e-con-boxed e-con e-parent\" data-id=\"88df853\" data-element_type=\"container\" data-e-type=\"container\">\n\t\t\t\t\t<div class=\"e-con-inner\">\n\t\t\t\t<div class=\"elementor-element elementor-element-562a1b0 elementor-widget elementor-widget-text-editor\" data-id=\"562a1b0\" data-element_type=\"widget\" data-e-type=\"widget\" data-widget_type=\"text-editor.default\">\n\t\t\t\t<div class=\"elementor-widget-container\">\n\t\t\t\t\t\t\t\t\t<p><strong><u>En materia de justicia juvenil:<\/u><\/strong><\/p><p><strong>Centro Pedag\u00f3gico de Internamiento \u201cNuevo Jalteva\u201d\u00a0 no re\u00fane los est\u00e1ndares internacionales <\/strong><\/p><ul><li><strong>Se estima que entre el 2010 y junio del 2024 alrededor de 24 ni\u00f1os y adolescentes han perdido la vida en circunstancias violentas en centros de privaci\u00f3n de libertad, bajo la custodia del Estado.<\/strong><\/li><\/ul><p>El Comisionado Nacional de los Derechos Humanos (CONADEH) se\u00f1al\u00f3 hoy que el Centro Pedag\u00f3gico de Internamiento \u201cNuevo Jalteva\u201d, donde perdi\u00f3 la vida un adolescente \u00a0de 13 a\u00f1os, no re\u00fane los est\u00e1ndares internacionales en materia de justicia juvenil, para que los ni\u00f1os y adolescentes privados de su libertad puedan reeducarse\u00a0 e insertarse en la sociedad.<\/p><p>Lamentamos profundamente que el\u00a0 adolescente, que cumpl\u00eda la medida privativa de libertad en ese Centro,\u00a0 bajo la custodia del Estado, haya perdido la vida, dijo C\u00e1ndida Maradiaga, coordinadora de la Defensor\u00eda de la Ni\u00f1ez del CONADEH.<\/p><p>Indic\u00f3 que es una gran responsabilidad que tiene el Instituto Nacional para la Atenci\u00f3n a Menores Infractores (<em>INAMI<\/em>) y el Estado hondure\u00f1o, en general, al tener adolescentes cumpliendo medidas\u00a0 centros de\u00a0 privaci\u00f3n de libertad, sin las condiciones necesarias para poder desarrollar un proceso de educaci\u00f3n integral y, consecuentemente, la inserci\u00f3n social, en condiciones que no son las id\u00f3neas.<\/p><p>Record\u00f3 que la Comisi\u00f3n Interamericana de los Derechos Humanos \u00a0(CIDH), en su reciente visita, recomend\u00f3 al Estado hondure\u00f1o acciones urgentes para que las condiciones de detenci\u00f3n de los centros pedag\u00f3gicos se ajusten a\u00a0 los est\u00e1ndares internaciones para desarrollar programas socioeducativos con los ni\u00f1os y adolescentes.<\/p><p>La recomendaci\u00f3n tambi\u00e9n iba encaminada para que el Estado adopte las medidas pertinentes\u00a0 para salvaguardar la integridad f\u00edsica y la vida de los adolescentes y que estos puedan cumplir las medidas privativas de libertad en condiciones \u00f3ptimas y adecuadas.<\/p><p>Para nosotros es altamente preocupante que se pierda la vida de un joven de 13 a\u00f1os, \u00a0que ten\u00eda posibilidades de reeducarse, de insertarse favorablemente, ya que ten\u00eda el apoyo de una familia.<\/p><p>Indic\u00f3 que, el hecho ocurrido en ese Centro Pedag\u00f3gico de Internamiento nos debe poner en alerta\u00a0 y, sobre todo, a las instituciones\u00a0 responsables de administrarlos, para \u00a0que se tomen medidas urgentes\u00a0 y \u00a0evitar que m\u00e1s j\u00f3venes sigan perdiendo la vida.<\/p><p>Se estima que entre el 2010 y junio del 2024, alrededor de 24 ni\u00f1os y adolescentes\u00a0 perdieron la vida en circunstancias violentas, en centros de privaci\u00f3n de libertad bajo la custodia del Estado.<\/p><p>\u00a0<\/p>\t\t\t\t\t\t\t\t<\/div>\n\t\t\t\t<\/div>\n\t\t\t\t\t<\/div>\n\t\t\t\t<\/div>\n\t\t<div class=\"elementor-element elementor-element-9eda730 e-flex e-con-boxed e-con e-parent\" data-id=\"9eda730\" data-element_type=\"container\" data-e-type=\"container\">\n\t\t\t\t\t<div class=\"e-con-inner\">\n\t\t\t\t<div class=\"elementor-element elementor-element-8610f62 elementor-widget elementor-widget-image\" data-id=\"8610f62\" data-element_type=\"widget\" data-e-type=\"widget\" data-widget_type=\"image.default\">\n\t\t\t\t<div class=\"elementor-widget-container\">\n\t\t\t\t\t\t\t\t\t\t\t\t\t\t\t<img fetchpriority=\"high\" decoding=\"async\" width=\"750\" height=\"384\" src=\"https:\/\/conadeh.hn\/wp-content\/uploads\/2024\/06\/JELTA.jpg\" class=\"attachment-large size-large wp-image-3079\" alt=\"\" srcset=\"https:\/\/conadeh.hn\/wp-content\/uploads\/2024\/06\/JELTA.jpg 996w, https:\/\/conadeh.hn\/wp-content\/uploads\/2024\/06\/JELTA-300x154.jpg 300w, https:\/\/conadeh.hn\/wp-content\/uploads\/2024\/06\/JELTA-768x393.jpg 768w\" sizes=\"(max-width: 750px) 100vw, 750px\" \/>\t\t\t\t\t\t\t\t\t\t\t\t\t\t\t<\/div>\n\t\t\t\t<\/div>\n\t\t\t\t\t<\/div>\n\t\t\t\t<\/div>\n\t\t\t\t<\/div>\n\t\t","protected":false},"excerpt":{"rendered":"<p>En materia de justicia juvenil: Centro Pedag\u00f3gico de Internamiento \u201cNuevo Jalteva\u201d\u00a0 no re\u00fane los est\u00e1ndares internacionales Se estima que entre el 2010 y junio del 2024 alrededor de 24 ni\u00f1os y adolescentes han perdido la vida en circunstancias violentas en centros de privaci\u00f3n de libertad, bajo la custodia del Estado. [&hellip;]<\/p>\n","protected":false},"author":2,"featured_media":3079,"comment_status":"closed","ping_status":"closed","sticky":false,"template":"","format":"standard","meta":{"saved_in_kubio":false,"_themeisle_gutenberg_block_has_review":false,"_kadence_starter_templates_imported_post":false,"footnotes":""},"categories":[1],"tags":[],"class_list":["post-3077","post","type-post","status-publish","format-standard","has-post-thumbnail","hentry","category-uncategorized"],"_links":{"self":[{"href":"https:\/\/conadeh.hn\/index.php?rest_route=\/wp\/v2\/posts\/3077","targetHints":{"allow":["GET"]}}],"collection":[{"href":"https:\/\/conadeh.hn\/index.php?rest_route=\/wp\/v2\/posts"}],"about":[{"href":"https:\/\/conadeh.hn\/index.php?rest_route=\/wp\/v2\/types\/post"}],"author":[{"embeddable":true,"href":"https:\/\/conadeh.hn\/index.php?rest_route=\/wp\/v2\/users\/2"}],"replies":[{"embeddable":true,"href":"https:\/\/conadeh.hn\/index.php?rest_route=%2Fwp%2Fv2%2Fcomments&post=3077"}],"version-history":[{"count":4,"href":"https:\/\/conadeh.hn\/index.php?rest_route=\/wp\/v2\/posts\/3077\/revisions"}],"predecessor-version":[{"id":3082,"href":"https:\/\/conadeh.hn\/index.php?rest_route=\/wp\/v2\/posts\/3077\/revisions\/3082"}],"wp:featuredmedia":[{"embeddable":true,"href":"https:\/\/conadeh.hn\/index.php?rest_route=\/wp\/v2\/media\/3079"}],"wp:attachment":[{"href":"https:\/\/conadeh.hn\/index.php?rest_route=%2Fwp%2Fv2%2Fmedia&parent=3077"}],"wp:term":[{"taxonomy":"category","embeddable":true,"href":"https:\/\/conadeh.hn\/index.php?rest_route=%2Fwp%2Fv2%2Fcategories&post=3077"},{"taxonomy":"post_tag","embeddable":true,"href":"https:\/\/conadeh.hn\/index.php?rest_route=%2Fwp%2Fv2%2Ftags&post=3077"}],"curies":[{"name":"wp","href":"https:\/\/api.w.org\/{rel}","templated":true}]}}