{"id":2884,"date":"2024-05-09T21:53:50","date_gmt":"2024-05-09T21:53:50","guid":{"rendered":"https:\/\/conadeh.hn\/?p=2884"},"modified":"2024-05-09T21:56:15","modified_gmt":"2024-05-09T21:56:15","slug":"conadeh-advierte-los-riesgos-que-representa-para-la-ninez-el-acoso-escolar-o-bullying","status":"publish","type":"post","link":"https:\/\/conadeh.hn\/?p=2884","title":{"rendered":"CONADEH advierte los riesgos que representa para la ni\u00f1ez el acoso escolar o bullying"},"content":{"rendered":"\t\t<div data-elementor-type=\"wp-post\" data-elementor-id=\"2884\" class=\"elementor elementor-2884\">\n\t\t\t\t<div class=\"elementor-element elementor-element-124e3b7 e-flex e-con-boxed e-con e-parent\" data-id=\"124e3b7\" data-element_type=\"container\" data-e-type=\"container\">\n\t\t\t\t\t<div class=\"e-con-inner\">\n\t\t\t\t<div class=\"elementor-element elementor-element-a2b39fa elementor-widget elementor-widget-text-editor\" data-id=\"a2b39fa\" data-element_type=\"widget\" data-e-type=\"widget\" data-widget_type=\"text-editor.default\">\n\t\t\t\t<div class=\"elementor-widget-container\">\n\t\t\t\t\t\t\t\t\t<p><strong>CONADEH advierte los riesgos que representa para la ni\u00f1ez el acoso escolar o bullying<\/strong><\/p><ul><li><strong>El 2 de mayo, se conmemora el D\u00eda Internacional contra el Bullying o el Acoso Escolar, para concientizar sobre el riesgo que representa este mal para los ni\u00f1os y j\u00f3venes, as\u00ed como para establecer los mecanismos para evitarlo. <\/strong><\/li><\/ul><p>El Comisionado Nacional de los Derechos Humanos (CONADEH) advirti\u00f3 hoy de los riesgos que representa para la ni\u00f1ez el acoso escolar o bullying y exhort\u00f3 a las autoridades hondure\u00f1as abordar con seriedad\u00a0 y responsabilidad este problema, para que los ni\u00f1os y ni\u00f1as puedan vivir en convivencia arm\u00f3nica y evitar hechos \u00a0que puedan desencadenar en situaciones irreparables.<\/p><p>La coordinadora de la Defensor\u00eda de la Ni\u00f1ez del CONADEH, C\u00e1ndida Maradiaga indic\u00f3 que las secretar\u00edas de Estado de Educaci\u00f3n y la de Ni\u00f1ez, Familia y Adolescencia tiene gran responsabilidad en el tema por lo que se vuelve indispensable su abordaje para tratar y resolver los casos de bullying en las escuelas.<\/p><p>Indic\u00f3 que para el CONADEH es motivo de preocupaci\u00f3n que ese tema se siga viendo con normalidad pese a los da\u00f1os que puedan enfrentar los ni\u00f1os en los centros educativos del pa\u00eds.<\/p><p>\u201cEs importante poner manos en el asunto y abordar esta tem\u00e1tica de una manera integral, dijo Maradiaga.<\/p><p>Mencion\u00f3 que en los \u00faltimos 27 meses (2002 \u2013 marzo del 2024) se han registrado, en el pa\u00eds, alrededor de 1,048 suicidios de personas con edades que oscilan entre los seis a\u00f1os y hasta personas mayores de 60 a\u00f1os.<\/p><p>Del total de suicidios, registrados a nivel nacional, \u00a0al menos 126 (12%)\u00a0 son ni\u00f1os menores de 18 a\u00f1os cuyas causas de muerte se desconocen. Al menos, 52 de ellos eran estudiantes.<\/p><p>Las causas por las que muchos ni\u00f1os toman la decisi\u00f3n de quitarse la vida son desconocidas, sin embargo, no se descarta que algunas tengan que ver con el acoso escolar o bullying.<\/p><p>Entre el 2023 y abril del 2024, el CONADEH atendi\u00f3 371 quejas de diferentes modalidades violatorios de los derechos de la ni\u00f1ez, de los cuales, 93 se registraron en los primeros cuatro meses del presente a\u00f1o.<\/p><p>De las 278 quejas atendidas en el 2023, al menos,\u00a0 43 estaban relaciones con maltratos ocasionados por personas particulares, 18 por miembros de la familia y 15 por deserci\u00f3n escolar.<\/p><p>En tanto que, de las 93 quejas registradas en el 2024, al menos 22 fueron por maltratos de particulares,\u00a0 cuatro de deserci\u00f3n escolar y cuatro por lesiones, entre otras modalidades violatorias de los derechos de la ni\u00f1ez.<\/p>\t\t\t\t\t\t\t\t<\/div>\n\t\t\t\t<\/div>\n\t\t\t\t\t<\/div>\n\t\t\t\t<\/div>\n\t\t<div class=\"elementor-element elementor-element-5372a5f e-flex e-con-boxed e-con e-parent\" data-id=\"5372a5f\" data-element_type=\"container\" data-e-type=\"container\">\n\t\t\t\t\t<div class=\"e-con-inner\">\n\t\t\t\t<div class=\"elementor-element elementor-element-b6e33d5 elementor-widget elementor-widget-image\" data-id=\"b6e33d5\" data-element_type=\"widget\" data-e-type=\"widget\" data-widget_type=\"image.default\">\n\t\t\t\t<div class=\"elementor-widget-container\">\n\t\t\t\t\t\t\t\t\t\t\t\t\t\t\t<img fetchpriority=\"high\" decoding=\"async\" width=\"750\" height=\"422\" src=\"https:\/\/conadeh.hn\/wp-content\/uploads\/2024\/05\/principal_conadeh_advierte_acoso_escolar_honduras_.jpg\" class=\"attachment-large size-large wp-image-2885\" alt=\"\" srcset=\"https:\/\/conadeh.hn\/wp-content\/uploads\/2024\/05\/principal_conadeh_advierte_acoso_escolar_honduras_.jpg 1280w, https:\/\/conadeh.hn\/wp-content\/uploads\/2024\/05\/principal_conadeh_advierte_acoso_escolar_honduras_-300x169.jpg 300w, https:\/\/conadeh.hn\/wp-content\/uploads\/2024\/05\/principal_conadeh_advierte_acoso_escolar_honduras_-768x432.jpg 768w\" sizes=\"(max-width: 750px) 100vw, 750px\" \/>\t\t\t\t\t\t\t\t\t\t\t\t\t\t\t<\/div>\n\t\t\t\t<\/div>\n\t\t\t\t\t<\/div>\n\t\t\t\t<\/div>\n\t\t\t\t<\/div>\n\t\t","protected":false},"excerpt":{"rendered":"<p>CONADEH advierte los riesgos que representa para la ni\u00f1ez el acoso escolar o bullying El 2 de mayo, se conmemora el D\u00eda Internacional contra el Bullying o el Acoso Escolar, para concientizar sobre el riesgo que representa este mal para los ni\u00f1os y j\u00f3venes, as\u00ed como para establecer los mecanismos [&hellip;]<\/p>\n","protected":false},"author":2,"featured_media":2885,"comment_status":"closed","ping_status":"closed","sticky":false,"template":"","format":"standard","meta":{"saved_in_kubio":false,"_themeisle_gutenberg_block_has_review":false,"_kadence_starter_templates_imported_post":false,"footnotes":""},"categories":[1],"tags":[],"class_list":["post-2884","post","type-post","status-publish","format-standard","has-post-thumbnail","hentry","category-uncategorized"],"_links":{"self":[{"href":"https:\/\/conadeh.hn\/index.php?rest_route=\/wp\/v2\/posts\/2884","targetHints":{"allow":["GET"]}}],"collection":[{"href":"https:\/\/conadeh.hn\/index.php?rest_route=\/wp\/v2\/posts"}],"about":[{"href":"https:\/\/conadeh.hn\/index.php?rest_route=\/wp\/v2\/types\/post"}],"author":[{"embeddable":true,"href":"https:\/\/conadeh.hn\/index.php?rest_route=\/wp\/v2\/users\/2"}],"replies":[{"embeddable":true,"href":"https:\/\/conadeh.hn\/index.php?rest_route=%2Fwp%2Fv2%2Fcomments&post=2884"}],"version-history":[{"count":3,"href":"https:\/\/conadeh.hn\/index.php?rest_route=\/wp\/v2\/posts\/2884\/revisions"}],"predecessor-version":[{"id":2888,"href":"https:\/\/conadeh.hn\/index.php?rest_route=\/wp\/v2\/posts\/2884\/revisions\/2888"}],"wp:featuredmedia":[{"embeddable":true,"href":"https:\/\/conadeh.hn\/index.php?rest_route=\/wp\/v2\/media\/2885"}],"wp:attachment":[{"href":"https:\/\/conadeh.hn\/index.php?rest_route=%2Fwp%2Fv2%2Fmedia&parent=2884"}],"wp:term":[{"taxonomy":"category","embeddable":true,"href":"https:\/\/conadeh.hn\/index.php?rest_route=%2Fwp%2Fv2%2Fcategories&post=2884"},{"taxonomy":"post_tag","embeddable":true,"href":"https:\/\/conadeh.hn\/index.php?rest_route=%2Fwp%2Fv2%2Ftags&post=2884"}],"curies":[{"name":"wp","href":"https:\/\/api.w.org\/{rel}","templated":true}]}}