{"id":2685,"date":"2024-04-26T20:04:01","date_gmt":"2024-04-26T20:04:01","guid":{"rendered":"https:\/\/conadeh.hn\/?p=2685"},"modified":"2024-04-29T21:33:18","modified_gmt":"2024-04-29T21:33:18","slug":"entre-el-2022-y-el-20223-unos-30-defensores-de-ambiente-la-tierra-y-del-territorio-perdieron-la-vida-violentamente","status":"publish","type":"post","link":"https:\/\/conadeh.hn\/?p=2685","title":{"rendered":"Entre el 2022 y el 20223: Unos 30 defensores de ambiente, la tierra y del territorio perdieron la vida violentamente"},"content":{"rendered":"\t\t<div data-elementor-type=\"wp-post\" data-elementor-id=\"2685\" class=\"elementor elementor-2685\">\n\t\t\t\t<div class=\"elementor-element elementor-element-4c6396b e-flex e-con-boxed e-con e-parent\" data-id=\"4c6396b\" data-element_type=\"container\" data-e-type=\"container\">\n\t\t\t\t\t<div class=\"e-con-inner\">\n\t\t\t\t<div class=\"elementor-element elementor-element-b8ff3f9 elementor-widget elementor-widget-text-editor\" data-id=\"b8ff3f9\" data-element_type=\"widget\" data-e-type=\"widget\" data-widget_type=\"text-editor.default\">\n\t\t\t\t<div class=\"elementor-widget-container\">\n\t\t\t\t\t\t\t\t\t<p><strong><u>Entre el 2022 y el 20223 <\/u><\/strong><\/p><p><strong>Unos 30 defensores de ambiente, la tierra y del territorio perdieron la vida violentamente<\/strong><\/p><ul><li><strong>En los \u00faltimos dos a\u00f1os (2022\/ 2023) siete departamentos del pa\u00eds fueron escenario de la muerte violenta de, al menos, 30 defensores de la tierra, de los territorios y del medio ambiente<\/strong><\/li><\/ul><p>Alrededor de 30 defensores del ambiente, la tierra y del territorio perdieron la vida violentamente, entre los a\u00f1os 2022 y el 2023, la mayor\u00eda de ellos en circunstancias impunes revel\u00f3 hoy el Comisionado Nacional de los Derechos Humanos (CONADEH).<\/p><p>En el marco del D\u00eda Mundial de la Tierra, el coordinador de la Defensor\u00eda de los Pueblos\u00a0 Ind\u00edgenas, Afrohondure\u00f1os y del Ambiente del CONADEH, Frank Cruz declar\u00f3 que, en esta fecha especial, es importante reconocer la labor que realizan\u00a0 los lideres de los pueblos originarios y los campesinos en la defensa de la tierra, los territorios y el medio ambiente.<\/p><p>Indic\u00f3 que, en los \u00faltimos a\u00f1os, la criminalizaci\u00f3n hacia los defensores que buscan proteger la tierra, los ecosistemas y sus territorios, se ha convertido en un peligro tanto para ellos como para sus familiares.<\/p><p>Muchos defensores de la tierra, los territorios y del ambiente en Honduras son tambi\u00e9n objeto de amenazas a muerte, persecuci\u00f3n, intimidaci\u00f3n, judicializaci\u00f3n, atentados, detenciones, y hostigamiento.<\/p><p>Cruz hizo referencia al monitoreo que realiza el CONADEH en las diferentes\u00a0 delegaciones y de las quejas que atiende a nivel nacional y que, tanto las poblaciones ind\u00edgenas, afrohondure\u00f1as, campesinas y los defensores del ambiente, realizan una labor de alto riesgo ya que se ven expuestos a situaciones de violencia por la labor que realizan.<\/p><p>Indic\u00f3 que, en estos 24 meses, siete departamentos del pa\u00eds fueron escenario de la muerte violenta de, al menos, 30 defensores de la tierra, de los territorios y del medio ambiente<\/p><p>Alrededor de 15 perdieron la vida violentamente en el departamento de Col\u00f3n, 7 en Yoro, 3 en Atl\u00e1ntida, 2 en Olancho, 1 en Lempira, 1 en Choluteca y 1 en Intibuca.<\/p><p>Del total de v\u00edctimas, 15 eran campesinos, 9 de los pueblos ind\u00edgenas, 2 gar\u00edfunas y 4 defensores del ambiente.<\/p><p>El defensor de los derechos humanos considera que es deber del Estado hondure\u00f1o garantizar espacios seguros en la defensa y la promoci\u00f3n de la tierra, el territorio y el medio ambiente y proteger la integridad y la vida de los defensores\u00a0 y miembros de su familia.<\/p><p><strong>Urge una investigaci\u00f3n exhaustiva<\/strong><\/p><p>Blanca Izaguirre, titular del CONADEH, exhort\u00f3 al Estado hondure\u00f1o a realizar una investigaci\u00f3n exhaustiva, bajo los est\u00e1ndares del debido proceso y la debida diligencia, para evitar la impunidad de estos hechos que atentan contra la integridad y la vida de las personas defensoras de la tierra, del territorio y del ambiente.<\/p><p>Preocupa, al CONADEH, la impunidad de estos hechos, ya que es un problema estructural, en Honduras, que impacta negativamente en el goce efectivo de los derechos humanos y la vigencia del Estado de Derecho.<\/p><p>Honduras urge de una pol\u00edtica p\u00fablica integral de protecci\u00f3n para los\u00a0defensores y defensoras de la tierra, los territorios, del ambiente ya que el pa\u00eds contin\u00faa siendo de los m\u00e1s peligrosos del continente para la defensa de los derechos humanos.<\/p><p>Entre los a\u00f1os 2016 y 2022, la Unidad de Desplazamiento Forzado Interno del CONADEH identific\u00f3 107 quejas de las cuales 39 fueron presentadas por personas de la comunidad gar\u00edfuna, 23 por lencas, 19 miskitos, 12 Pech, 10 tolupanes, 2 tawahkas y 2 del pueblo Maya Chort\u00ed.<\/p><p>Estas poblaciones, han estado en situaci\u00f3n de riesgo o han sido v\u00edctimas de desplazamiento forzado, por causas asociadas al despojo de tierras, usurpaci\u00f3n de propiedad, lesiones, amenazas y asesinatos.<\/p>\t\t\t\t\t\t\t\t<\/div>\n\t\t\t\t<\/div>\n\t\t\t\t\t<\/div>\n\t\t\t\t<\/div>\n\t\t<div class=\"elementor-element elementor-element-e648aef e-flex e-con-boxed e-con e-parent\" data-id=\"e648aef\" data-element_type=\"container\" data-e-type=\"container\">\n\t\t\t\t\t<div class=\"e-con-inner\">\n\t\t\t\t<div class=\"elementor-element elementor-element-258acbf elementor-widget elementor-widget-image\" data-id=\"258acbf\" data-element_type=\"widget\" data-e-type=\"widget\" data-widget_type=\"image.default\">\n\t\t\t\t<div class=\"elementor-widget-container\">\n\t\t\t\t\t\t\t\t\t\t\t\t\t\t\t<img fetchpriority=\"high\" decoding=\"async\" width=\"750\" height=\"384\" src=\"https:\/\/conadeh.hn\/wp-content\/uploads\/2024\/04\/LUCHA-TIERRA-1.jpg\" class=\"attachment-large size-large wp-image-2687\" alt=\"\" srcset=\"https:\/\/conadeh.hn\/wp-content\/uploads\/2024\/04\/LUCHA-TIERRA-1.jpg 996w, https:\/\/conadeh.hn\/wp-content\/uploads\/2024\/04\/LUCHA-TIERRA-1-300x154.jpg 300w, https:\/\/conadeh.hn\/wp-content\/uploads\/2024\/04\/LUCHA-TIERRA-1-768x393.jpg 768w\" sizes=\"(max-width: 750px) 100vw, 750px\" \/>\t\t\t\t\t\t\t\t\t\t\t\t\t\t\t<\/div>\n\t\t\t\t<\/div>\n\t\t\t\t\t<\/div>\n\t\t\t\t<\/div>\n\t\t\t\t<\/div>\n\t\t","protected":false},"excerpt":{"rendered":"<p>Entre el 2022 y el 20223 Unos 30 defensores de ambiente, la tierra y del territorio perdieron la vida violentamente En los \u00faltimos dos a\u00f1os (2022\/ 2023) siete departamentos del pa\u00eds fueron escenario de la muerte violenta de, al menos, 30 defensores de la tierra, de los territorios y del [&hellip;]<\/p>\n","protected":false},"author":2,"featured_media":2687,"comment_status":"closed","ping_status":"closed","sticky":false,"template":"","format":"standard","meta":{"saved_in_kubio":false,"_themeisle_gutenberg_block_has_review":false,"_kadence_starter_templates_imported_post":false,"footnotes":""},"categories":[1],"tags":[],"class_list":["post-2685","post","type-post","status-publish","format-standard","has-post-thumbnail","hentry","category-uncategorized"],"_links":{"self":[{"href":"https:\/\/conadeh.hn\/index.php?rest_route=\/wp\/v2\/posts\/2685","targetHints":{"allow":["GET"]}}],"collection":[{"href":"https:\/\/conadeh.hn\/index.php?rest_route=\/wp\/v2\/posts"}],"about":[{"href":"https:\/\/conadeh.hn\/index.php?rest_route=\/wp\/v2\/types\/post"}],"author":[{"embeddable":true,"href":"https:\/\/conadeh.hn\/index.php?rest_route=\/wp\/v2\/users\/2"}],"replies":[{"embeddable":true,"href":"https:\/\/conadeh.hn\/index.php?rest_route=%2Fwp%2Fv2%2Fcomments&post=2685"}],"version-history":[{"count":4,"href":"https:\/\/conadeh.hn\/index.php?rest_route=\/wp\/v2\/posts\/2685\/revisions"}],"predecessor-version":[{"id":2690,"href":"https:\/\/conadeh.hn\/index.php?rest_route=\/wp\/v2\/posts\/2685\/revisions\/2690"}],"wp:featuredmedia":[{"embeddable":true,"href":"https:\/\/conadeh.hn\/index.php?rest_route=\/wp\/v2\/media\/2687"}],"wp:attachment":[{"href":"https:\/\/conadeh.hn\/index.php?rest_route=%2Fwp%2Fv2%2Fmedia&parent=2685"}],"wp:term":[{"taxonomy":"category","embeddable":true,"href":"https:\/\/conadeh.hn\/index.php?rest_route=%2Fwp%2Fv2%2Fcategories&post=2685"},{"taxonomy":"post_tag","embeddable":true,"href":"https:\/\/conadeh.hn\/index.php?rest_route=%2Fwp%2Fv2%2Ftags&post=2685"}],"curies":[{"name":"wp","href":"https:\/\/api.w.org\/{rel}","templated":true}]}}