{"id":2658,"date":"2024-04-24T21:56:13","date_gmt":"2024-04-24T21:56:13","guid":{"rendered":"https:\/\/conadeh.hn\/?p=2658"},"modified":"2024-04-24T21:58:06","modified_gmt":"2024-04-24T21:58:06","slug":"campesinos-e-indigenas-se-quejan-de-la-injusticia-y-la-opresion-que-sufren-en-el-campo","status":"publish","type":"post","link":"https:\/\/conadeh.hn\/?p=2658","title":{"rendered":"Campesinos e ind\u00edgenas se quejan de la injusticia y la opresi\u00f3n que sufren en el campo"},"content":{"rendered":"\t\t<div data-elementor-type=\"wp-post\" data-elementor-id=\"2658\" class=\"elementor elementor-2658\">\n\t\t\t\t<div class=\"elementor-element elementor-element-6b93f92 e-flex e-con-boxed e-con e-parent\" data-id=\"6b93f92\" data-element_type=\"container\" data-e-type=\"container\">\n\t\t\t\t\t<div class=\"e-con-inner\">\n\t\t\t\t<div class=\"elementor-element elementor-element-b215588 elementor-widget elementor-widget-text-editor\" data-id=\"b215588\" data-element_type=\"widget\" data-e-type=\"widget\" data-widget_type=\"text-editor.default\">\n\t\t\t\t<div class=\"elementor-widget-container\">\n\t\t\t\t\t\t\t\t\t<p><strong>Campesinos e ind\u00edgenas se quejan de la injusticia y la opresi\u00f3n que sufren en el campo<\/strong><\/p><ul><li><strong>Seg\u00fan el CONADEH, los desalojos figuran entre las principales afectaciones que sufren los campesinos y los pueblos ind\u00edgenas y afrohondure\u00f1os.<\/strong><\/li><\/ul><p>El Comisionado Nacional de los Derechos Humanos (CONADEH) acompa\u00f1\u00f3 hoy la manifestaci\u00f3n realizada por organizaciones campesinas e ind\u00edgenas que denunciaron la injusticia y la opresi\u00f3n que sufren en el campo.<\/p><p>Adem\u00e1s, los integrantes de esas organizaciones exigieron a la Corte Suprema de Justicia que resuelvan los recursos interpuestos en la Sala de lo Constitucional para que se garantice el derecho de acceso a la tierra.<\/p><p>El CONADEH considera que se deben adoptar acciones concretas encaminadas a investigar las muertes violentas como parte del conflicto agrario que se vive en el pa\u00eds.<\/p><p>Se estima que m\u00e1s de un centenar de personas han muerto violentamente como parte del conflicto agrario.<\/p><p>Los campesinos denunciaron, en el marco de la manifestaci\u00f3n, que por d\u00e9cadas se han enfrentado a desalojos sistem\u00e1ticos\u00a0 de sus tierras y que, algunas comunidades, han sido objeto de desplazamiento forzado.<\/p><p>Tambi\u00e9n se quejaron del abandono institucional, situaci\u00f3n que los coloca en una situaci\u00f3n de vulnerabilidad extrema donde la lucha por la tierra y\u00a0 la dignidad se convierten en una batalla diaria por la supervivencia y la justicia.<\/p><p>Los campesinos exigieron a las autoridades hondure\u00f1as que se deroguen disposiciones como las establecidas en el \u00a0decreto Legislativo 93-2021, que agrava el delito de la usurpaci\u00f3n y reprime la reivindicaci\u00f3n de los derechos por parte de sectores populares y organizaciones de derechos humanos.<\/p><p>En la manifestaci\u00f3n, de este mi\u00e9rcoles, exhortaron a la Sala de lo Constitucional de la Corte Suprema de Justicia que emita sentencia favorable sobre las acciones de inconstitucionalidad interpuestas desde el a\u00f1o 2021 en contra de ese decreto.<\/p><p>Los manifestantes tambi\u00e9n condenaron los asesinatos, amenazas, el desplazamiento forzado y \u00a0y otros actos de violencia cometidos en contra miembros del movimiento campesino e ind\u00edgena.<\/p><p>En la lucha contra la impunidad, exigieron una investigaci\u00f3n exhaustiva para identificar a los responsables de esos cr\u00edmenes y se garantice el acceso a la justicia y la no repetici\u00f3n de esos hechos.<\/p><p>El Conadeh considera que la aplicaci\u00f3n del Decreto 93- 2021, que habilita la pr\u00e1ctica de desalojos preventivos e inmediatos, sin control jurisdiccional, ha agravado la conflictividad vinculada a la tierra y territorio de estas poblaciones.<\/p>\t\t\t\t\t\t\t\t<\/div>\n\t\t\t\t<\/div>\n\t\t\t\t\t<\/div>\n\t\t\t\t<\/div>\n\t\t<div class=\"elementor-element elementor-element-2bc6d43 e-flex e-con-boxed e-con e-parent\" data-id=\"2bc6d43\" data-element_type=\"container\" data-e-type=\"container\">\n\t\t\t\t\t<div class=\"e-con-inner\">\n\t\t\t\t<div class=\"elementor-element elementor-element-4c91091 elementor-widget elementor-widget-image\" data-id=\"4c91091\" data-element_type=\"widget\" data-e-type=\"widget\" data-widget_type=\"image.default\">\n\t\t\t\t<div class=\"elementor-widget-container\">\n\t\t\t\t\t\t\t\t\t\t\t\t\t\t\t<img fetchpriority=\"high\" decoding=\"async\" width=\"750\" height=\"450\" src=\"https:\/\/conadeh.hn\/wp-content\/uploads\/2024\/04\/escazu111.png\" class=\"attachment-large size-large wp-image-2659\" alt=\"\" srcset=\"https:\/\/conadeh.hn\/wp-content\/uploads\/2024\/04\/escazu111.png 1200w, https:\/\/conadeh.hn\/wp-content\/uploads\/2024\/04\/escazu111-300x180.png 300w, https:\/\/conadeh.hn\/wp-content\/uploads\/2024\/04\/escazu111-768x461.png 768w\" sizes=\"(max-width: 750px) 100vw, 750px\" \/>\t\t\t\t\t\t\t\t\t\t\t\t\t\t\t<\/div>\n\t\t\t\t<\/div>\n\t\t\t\t\t<\/div>\n\t\t\t\t<\/div>\n\t\t\t\t<\/div>\n\t\t","protected":false},"excerpt":{"rendered":"<p>Campesinos e ind\u00edgenas se quejan de la injusticia y la opresi\u00f3n que sufren en el campo Seg\u00fan el CONADEH, los desalojos figuran entre las principales afectaciones que sufren los campesinos y los pueblos ind\u00edgenas y afrohondure\u00f1os. El Comisionado Nacional de los Derechos Humanos (CONADEH) acompa\u00f1\u00f3 hoy la manifestaci\u00f3n realizada por [&hellip;]<\/p>\n","protected":false},"author":2,"featured_media":2659,"comment_status":"closed","ping_status":"closed","sticky":false,"template":"","format":"standard","meta":{"saved_in_kubio":false,"_themeisle_gutenberg_block_has_review":false,"_kadence_starter_templates_imported_post":false,"footnotes":""},"categories":[1],"tags":[],"class_list":["post-2658","post","type-post","status-publish","format-standard","has-post-thumbnail","hentry","category-uncategorized"],"_links":{"self":[{"href":"https:\/\/conadeh.hn\/index.php?rest_route=\/wp\/v2\/posts\/2658","targetHints":{"allow":["GET"]}}],"collection":[{"href":"https:\/\/conadeh.hn\/index.php?rest_route=\/wp\/v2\/posts"}],"about":[{"href":"https:\/\/conadeh.hn\/index.php?rest_route=\/wp\/v2\/types\/post"}],"author":[{"embeddable":true,"href":"https:\/\/conadeh.hn\/index.php?rest_route=\/wp\/v2\/users\/2"}],"replies":[{"embeddable":true,"href":"https:\/\/conadeh.hn\/index.php?rest_route=%2Fwp%2Fv2%2Fcomments&post=2658"}],"version-history":[{"count":3,"href":"https:\/\/conadeh.hn\/index.php?rest_route=\/wp\/v2\/posts\/2658\/revisions"}],"predecessor-version":[{"id":2662,"href":"https:\/\/conadeh.hn\/index.php?rest_route=\/wp\/v2\/posts\/2658\/revisions\/2662"}],"wp:featuredmedia":[{"embeddable":true,"href":"https:\/\/conadeh.hn\/index.php?rest_route=\/wp\/v2\/media\/2659"}],"wp:attachment":[{"href":"https:\/\/conadeh.hn\/index.php?rest_route=%2Fwp%2Fv2%2Fmedia&parent=2658"}],"wp:term":[{"taxonomy":"category","embeddable":true,"href":"https:\/\/conadeh.hn\/index.php?rest_route=%2Fwp%2Fv2%2Fcategories&post=2658"},{"taxonomy":"post_tag","embeddable":true,"href":"https:\/\/conadeh.hn\/index.php?rest_route=%2Fwp%2Fv2%2Ftags&post=2658"}],"curies":[{"name":"wp","href":"https:\/\/api.w.org\/{rel}","templated":true}]}}