{"id":2569,"date":"2024-04-03T16:04:45","date_gmt":"2024-04-03T16:04:45","guid":{"rendered":"https:\/\/conadeh.hn\/?p=2569"},"modified":"2024-04-03T16:18:03","modified_gmt":"2024-04-03T16:18:03","slug":"al-menos-19-sentencias-dictadas-por-la-corte-idh-contra-el-estado-de-honduras-desde-1988","status":"publish","type":"post","link":"https:\/\/conadeh.hn\/?p=2569","title":{"rendered":"Al menos 19 sentencias dictadas por la Corte IDH contra el Estado de Honduras desde 1988"},"content":{"rendered":"\t\t<div data-elementor-type=\"wp-post\" data-elementor-id=\"2569\" class=\"elementor elementor-2569\">\n\t\t\t\t<div class=\"elementor-element elementor-element-6684b06 e-flex e-con-boxed e-con e-parent\" data-id=\"6684b06\" data-element_type=\"container\" data-e-type=\"container\">\n\t\t\t\t\t<div class=\"e-con-inner\">\n\t\t\t\t<div class=\"elementor-element elementor-element-ed68633 elementor-widget elementor-widget-text-editor\" data-id=\"ed68633\" data-element_type=\"widget\" data-e-type=\"widget\" data-widget_type=\"text-editor.default\">\n\t\t\t\t<div class=\"elementor-widget-container\">\n\t\t\t\t\t\t\t\t\t<p><strong>Al menos 19 sentencias dictadas por la Corte IDH contra el Estado de Honduras desde 1988<\/strong><\/p><ul><li><strong>Las 19 sentencias contra el Estado de Honduras han tocado temas profundos y estructurales que van desde violaciones del derecho a la vida de defensores del ambiente, inseguridad jur\u00eddica sobre la propiedad territorial de las comunidades gar\u00edfunas, el sistema penitenciario y casos de ejecuciones extrajudiciales.<\/strong><\/li><\/ul><p>El Comisionado Nacional de los Derechos Humanos (CONADEH) tom\u00f3 nota hoy de una nueva sentencia emitida por la Corte Interamericana de los Derechos Humanos (CORTE IDH) contra el Estado de Honduras por la destituci\u00f3n arbitraria e ilegal de 4 magistrados de la Sala de lo Constitucional de la Corte Suprema de Justicia ocurrida el 12 de diciembre del 2012.<\/p><p>Con la nueva sentencia, emitida este lunes, por la Corte IDH suman, al menos, 19 contra el Estado de Honduras desde que se emitiera la primera en julio de 1988.<\/p><p>Ricardo L\u00f3pez, Delegado Adjunto II del CONADEH, declar\u00f3 que la sentencia de la Corte IDH ratifica las violaciones a los derechos humanos que se cometieron contra los magistrados y que fueran denunciadas oportunamente por este ente estatal.<\/p><p>Desde el momento que se suscit\u00f3 el hecho, el CONADEH atendi\u00f3, orient\u00f3 y brind\u00f3 un espacio para que los magistrados destituidos se reunieran para presentar la denuncia ante la Comisi\u00f3n Interamericana de los Derechos Humanos.<\/p><p>El 12 de diciembre del 2012, el Congreso Nacional decidi\u00f3, por mayor\u00eda de 97 votos de los 128 diputados, la remoci\u00f3n de cuatro de los cinco magistrados integrantes de la Sala de lo Constitucional, los abogados Rosa Linda Cruz Sequeira, Jos\u00e9 Antonio Guti\u00e9rrez Navas, Gustavo Enrique Bustillo Palma y Jos\u00e9 Francisco Ruiz Gaekel.<\/p><p>El 13 de diciembre del 2012, el CONADEH solicit\u00f3 a la Comisi\u00f3n Interamericana de Derechos Humanos el otorgamiento y aplicaci\u00f3n de medidas cautelares para los cuatro abogados y para sus familias.<\/p><p>De acuerdo al fallo emitido por la Corte IDH, el Estado hondure\u00f1o no garantiz\u00f3 el acceso a un recurso efectivo de defensa e incumpli\u00f3 el deber de investigar las amenazas y hostigamiento que recibieron las v\u00edctimas de este caso, as\u00ed como el deber de establecer medidas de protecci\u00f3n.<\/p><p>Adem\u00e1s, que el Estado es responsable por la violaci\u00f3n al derecho a las garant\u00edas judiciales, al principio de legalidad, a los derechos pol\u00edticos, a la protecci\u00f3n judicial, al derecho al trabajo y a la integridad personal.<\/p><p>L\u00f3pez explic\u00f3 que el Estado es el garante de los derechos humanos y tiene el deber de respetarlos.<\/p><p>Agrego que la Corte IDH da nuevamente la raz\u00f3n a las personas que les han sido vulnerados sus derechos, demandando al Estado de Honduras el cumplimiento de lo que establece la sentencia en cuanto a las violaciones a los derechos humanos que fueron objeto los magistrados sustituidos<\/p><p>L\u00f3pez declar\u00f3 que algunas de las alegaciones fueron votadas por unanimidad por la Corte IDH y otra fue de cinco votos a favor y dos en contra en lo que respecta el derecho al trabajo, porque cada integrante de este tribunal internacional tom\u00f3 sus valoraciones al respecto<\/p><p>En 1981, Honduras acept\u00f3 la jurisdicci\u00f3n contenciosa de la Corte IDH. La primera sentencia contra el Estado de Honduras se emiti\u00f3 el 9 de julio de 1988 en el caso <em>Vel\u00e1squez Rodr\u00edguez<\/em>, posteriormente se emitieron otras 18 sentencias.<\/p><p>El CONADEH ha exhortado al Estado hondure\u00f1o a cumplir sin dilaciones las sentencias de la Corte Interamericana de los Derechos Humanos (Corte IDH), muchas de ellas pendientes de cumplimiento en lo que respecta a la obligaci\u00f3n de investigar los hechos.<\/p><p>Seg\u00fan el ente estatal cuando se incumplen las sentencias de la Corte IDH se evaden las expectativas de justicia de las v\u00edctimas de violaciones a los derechos humanos.<\/p><p><strong>CORTE INTERAMERICANA DE LOS DERECHOS HUMANOS (CORTE IDH)<\/strong><\/p><p><strong>SENTENCIAS CONTRA EL ESTADO DE HONDURAS<\/strong><\/p><table width=\"534\"><tbody><tr><td width=\"30\"><p><strong>N\u00b0<\/strong><\/p><\/td><td width=\"188\"><p><strong>Nombre del Caso<\/strong><\/p><\/td><td width=\"96\"><p><strong>SENTENCIA DE<\/strong> <strong>Fondo<\/strong><\/p><\/td><td width=\"116\"><p><strong>Interpretaci\u00f3n<\/strong><\/p><\/td><td width=\"104\"><p><strong>E<\/strong>stado<strong> actual<\/strong><\/p><\/td><\/tr><tr><td width=\"30\"><p><strong>1<\/strong><\/p><\/td><td width=\"188\"><p>Caso Vel\u00e1squez Rodr\u00edguez<\/p><\/td><td width=\"96\"><p>9 de julio de 1988<\/p><\/td><td width=\"116\"><p>17 de agosto de 1990<\/p><\/td><td width=\"104\"><p>Archivado<\/p><\/td><\/tr><tr><td width=\"30\"><p><strong>2<\/strong><\/p><\/td><td width=\"188\"><p>Caso Fair\u00e9n Garbi y Sol\u00eds Corrales<\/p><\/td><td width=\"96\"><p>15 de marzo de 1989<\/p><\/td><td width=\"116\"><p>N\/A<\/p><\/td><td width=\"104\"><p>Archivado<\/p><\/td><\/tr><tr><td width=\"30\"><p><strong>3<\/strong><\/p><\/td><td width=\"188\"><p>Caso God\u00ednez Cruz<\/p><\/td><td width=\"96\"><p>20 de enero de 1989<\/p><\/td><td width=\"116\"><p>17 de agosto de 1990<\/p><\/td><td width=\"104\"><p>Archivado<\/p><\/td><\/tr><tr><td width=\"30\"><p><strong>4<\/strong><\/p><\/td><td width=\"188\"><p>Caso Juan Humberto S\u00e1nchez<\/p><\/td><td width=\"96\"><p>7 de junio de 2003<\/p><\/td><td width=\"116\"><p>26 de noviembre de 2003<\/p><\/td><td width=\"104\"><p>Supervisi\u00f3n de cumplimiento<\/p><\/td><\/tr><tr><td width=\"30\"><p><strong>5<\/strong><\/p><\/td><td width=\"188\"><p>Caso L\u00f3pez \u00c1lvarez<\/p><\/td><td width=\"96\"><p>1 de febrero de 2006<\/p><\/td><td width=\"116\"><p>N\/A<\/p><\/td><td width=\"104\"><p>Supervisi\u00f3n de cumplimiento<\/p><\/td><\/tr><tr><td width=\"30\"><p><strong>6<\/strong><\/p><\/td><td width=\"188\"><p>Caso Servell\u00f3n Garc\u00eda y otros<\/p><\/td><td width=\"96\"><p>21 de septiembre de 2006<\/p><\/td><td width=\"116\"><p>N\/A<\/p><\/td><td width=\"104\"><p>Supervisi\u00f3n de cumplimiento<\/p><\/td><\/tr><tr><td width=\"30\"><p><strong>7<\/strong><\/p><\/td><td width=\"188\"><p>Caso Kawas Fern\u00e1ndez<\/p><\/td><td width=\"96\"><p>3 de abril de 2009<\/p><\/td><td width=\"116\"><p>N\/A<\/p><\/td><td width=\"104\"><p>Supervisi\u00f3n de cumplimiento<\/p><\/td><\/tr><tr><td width=\"30\"><p><strong>8<\/strong><\/p><\/td><td width=\"188\"><p>Caso Pacheco Teruel y otros<\/p><\/td><td width=\"96\"><p>27 de abril de 2012<\/p><\/td><td width=\"116\"><p>N\/A<\/p><\/td><td width=\"104\"><p>Supervisi\u00f3n de cumplimiento<\/p><\/td><\/tr><tr><td width=\"30\"><p><strong>9<\/strong><\/p><\/td><td width=\"188\"><p>Caso Luna L\u00f3pez<\/p><\/td><td width=\"96\"><p>10 de octubre de 2013<\/p><\/td><td width=\"116\"><p>N\/A<\/p><\/td><td width=\"104\"><p>Supervisi\u00f3n de cumplimiento<\/p><\/td><\/tr><tr><td width=\"30\"><p><strong>10<\/strong><\/p><\/td><td width=\"188\"><p>Caso L\u00f3pez Lone<\/p><\/td><td width=\"96\"><p>5 de octubre de 2015<\/p><\/td><td width=\"116\"><p>2 de septiembre de 2016<\/p><\/td><td width=\"104\"><p>Supervisi\u00f3n de cumplimiento<\/p><\/td><\/tr><tr><td width=\"30\"><p><strong>11<\/strong><\/p><\/td><td width=\"188\"><p>Caso Comunidad Gar\u00edfuna de Punta Piedra y sus miembros<\/p><\/td><td width=\"96\"><p>8 de octubre de 2015<\/p><\/td><td width=\"116\"><p>N\/A<\/p><\/td><td width=\"104\"><p>Supervisi\u00f3n de cumplimiento<\/p><\/td><\/tr><tr><td width=\"30\"><p><strong>12<\/strong><\/p><\/td><td width=\"188\"><p>Caso Comunidad Gar\u00edfuna Triunfo de la Cruz y sus miembros<\/p><\/td><td width=\"96\"><p>8 de octubre de 2015<\/p><\/td><td width=\"116\"><p>N\/A<\/p><\/td><td width=\"104\"><p>Supervisi\u00f3n de cumplimiento<\/p><\/td><\/tr><tr><td width=\"30\"><p><strong>13<\/strong><\/p><\/td><td width=\"188\"><p>Caso Pacheco Le\u00f3n y otros<\/p><\/td><td width=\"96\"><p>15 de noviembre 2017<\/p><\/td><td width=\"116\"><p>N\/A<\/p><\/td><td width=\"104\"><p>Supervisi\u00f3n de cumplimiento<\/p><\/td><\/tr><tr><td width=\"30\"><p><strong>14<\/strong><\/p><\/td><td width=\"188\"><p>Caso Escaleras Mej\u00eda y otros 361.<\/p><\/td><td width=\"96\"><p>26 de septiembre de 2018<\/p><\/td><td width=\"116\"><p>N\/A<\/p><\/td><td width=\"104\"><p>Supervisi\u00f3n de cumplimiento<\/p><\/td><\/tr><tr><td width=\"30\"><p><strong>15<\/strong><\/p><\/td><td width=\"188\"><p>Caso Vicky Hern\u00e1ndez y otras<\/p><\/td><td width=\"96\"><p>26 de marzo de 2021<\/p><\/td><td width=\"116\"><p>N\/A<\/p><\/td><td width=\"104\"><p>Supervisi\u00f3n de cumplimiento<\/p><\/td><\/tr><tr><td width=\"30\"><p><strong>16<\/strong><\/p><\/td><td width=\"188\"><p>Caso de los Buzos Miskitos (Lemoth Morris y otros)<\/p><\/td><td width=\"96\"><p>31 de agosto de 2021<\/p><\/td><td width=\"116\"><p>N\/A<\/p><\/td><td width=\"104\"><p>Supervisi\u00f3n de cumplimiento<\/p><\/td><\/tr><\/tbody><\/table><p>\u00a0\u00a0\u00a0\u00a0\u00a0 17 Caso Deras Garc\u00eda y otros\u00a0\u00a0\u00a0\u00a0\u00a0\u00a0\u00a0\u00a0 \u00a0\u00a0\u00a0\u00a0\u00a0 \u00a0\u00a0\u00a0\u00a0\u00a0\u00a0\u00a0\u00a0\u00a0\u00a0\u00a0\u00a0\u00a0\u00a0\u00a0 03 de octubre de<\/p><p>2022<\/p><ol start=\"18\"><li>Caso comunidad gar\u00edfuna de San Juan\u00a0\u00a0\u00a0\u00a0\u00a0\u00a0\u00a0\u00a0\u00a0 14 de diciembre<\/li><\/ol><p>2023<\/p><ol start=\"19\"><li>Caso Guti\u00e9rrez Navas y Otros Vrs. Honduras 01 de abril de<\/li><\/ol><p>2024<\/p><p><em>Fuente: CONADEH\/\/ Defensor\u00eda de los Pueblos Ind\u00edgenas; Afrohondure\u00f1os y Medio Ambiente del CONADEH. <\/em><\/p><p>\u00a0<\/p>\t\t\t\t\t\t\t\t<\/div>\n\t\t\t\t<\/div>\n\t\t\t\t\t<\/div>\n\t\t\t\t<\/div>\n\t\t<div class=\"elementor-element elementor-element-dedcef7 e-flex e-con-boxed e-con e-parent\" data-id=\"dedcef7\" data-element_type=\"container\" data-e-type=\"container\">\n\t\t\t\t\t<div class=\"e-con-inner\">\n\t\t\t\t<div class=\"elementor-element elementor-element-1d23fd4 elementor-widget elementor-widget-image\" data-id=\"1d23fd4\" data-element_type=\"widget\" data-e-type=\"widget\" data-widget_type=\"image.default\">\n\t\t\t\t<div class=\"elementor-widget-container\">\n\t\t\t\t\t\t\t\t\t\t\t\t\t\t\t<img fetchpriority=\"high\" decoding=\"async\" width=\"696\" height=\"378\" src=\"https:\/\/conadeh.hn\/wp-content\/uploads\/2024\/04\/corte.webp\" class=\"attachment-large size-large wp-image-2571\" alt=\"\" srcset=\"https:\/\/conadeh.hn\/wp-content\/uploads\/2024\/04\/corte.webp 696w, https:\/\/conadeh.hn\/wp-content\/uploads\/2024\/04\/corte-300x163.webp 300w\" sizes=\"(max-width: 696px) 100vw, 696px\" \/>\t\t\t\t\t\t\t\t\t\t\t\t\t\t\t<\/div>\n\t\t\t\t<\/div>\n\t\t\t\t\t<\/div>\n\t\t\t\t<\/div>\n\t\t\t\t<\/div>\n\t\t","protected":false},"excerpt":{"rendered":"<p>Al menos 19 sentencias dictadas por la Corte IDH contra el Estado de Honduras desde 1988 Las 19 sentencias contra el Estado de Honduras han tocado temas profundos y estructurales que van desde violaciones del derecho a la vida de defensores del ambiente, inseguridad jur\u00eddica sobre la propiedad territorial de [&hellip;]<\/p>\n","protected":false},"author":2,"featured_media":2571,"comment_status":"closed","ping_status":"closed","sticky":false,"template":"","format":"standard","meta":{"saved_in_kubio":false,"_themeisle_gutenberg_block_has_review":false,"_kadence_starter_templates_imported_post":false,"footnotes":""},"categories":[1],"tags":[],"class_list":["post-2569","post","type-post","status-publish","format-standard","has-post-thumbnail","hentry","category-uncategorized"],"_links":{"self":[{"href":"https:\/\/conadeh.hn\/index.php?rest_route=\/wp\/v2\/posts\/2569","targetHints":{"allow":["GET"]}}],"collection":[{"href":"https:\/\/conadeh.hn\/index.php?rest_route=\/wp\/v2\/posts"}],"about":[{"href":"https:\/\/conadeh.hn\/index.php?rest_route=\/wp\/v2\/types\/post"}],"author":[{"embeddable":true,"href":"https:\/\/conadeh.hn\/index.php?rest_route=\/wp\/v2\/users\/2"}],"replies":[{"embeddable":true,"href":"https:\/\/conadeh.hn\/index.php?rest_route=%2Fwp%2Fv2%2Fcomments&post=2569"}],"version-history":[{"count":5,"href":"https:\/\/conadeh.hn\/index.php?rest_route=\/wp\/v2\/posts\/2569\/revisions"}],"predecessor-version":[{"id":2575,"href":"https:\/\/conadeh.hn\/index.php?rest_route=\/wp\/v2\/posts\/2569\/revisions\/2575"}],"wp:featuredmedia":[{"embeddable":true,"href":"https:\/\/conadeh.hn\/index.php?rest_route=\/wp\/v2\/media\/2571"}],"wp:attachment":[{"href":"https:\/\/conadeh.hn\/index.php?rest_route=%2Fwp%2Fv2%2Fmedia&parent=2569"}],"wp:term":[{"taxonomy":"category","embeddable":true,"href":"https:\/\/conadeh.hn\/index.php?rest_route=%2Fwp%2Fv2%2Fcategories&post=2569"},{"taxonomy":"post_tag","embeddable":true,"href":"https:\/\/conadeh.hn\/index.php?rest_route=%2Fwp%2Fv2%2Ftags&post=2569"}],"curies":[{"name":"wp","href":"https:\/\/api.w.org\/{rel}","templated":true}]}}