{"id":2561,"date":"2024-03-26T18:41:49","date_gmt":"2024-03-26T18:41:49","guid":{"rendered":"https:\/\/conadeh.hn\/?p=2561"},"modified":"2024-03-26T18:43:00","modified_gmt":"2024-03-26T18:43:00","slug":"recomienda-conadeh-prevencion-y-control-de-incendios-forestales-debe-ser-prioridad-en-la-agenda-nacional","status":"publish","type":"post","link":"https:\/\/conadeh.hn\/?p=2561","title":{"rendered":"Recomienda CONADEH: Prevenci\u00f3n y control de incendios forestales debe ser prioridad en la agenda nacional"},"content":{"rendered":"\t\t<div data-elementor-type=\"wp-post\" data-elementor-id=\"2561\" class=\"elementor elementor-2561\">\n\t\t\t\t<div class=\"elementor-element elementor-element-ec8887a e-flex e-con-boxed e-con e-parent\" data-id=\"ec8887a\" data-element_type=\"container\" data-e-type=\"container\">\n\t\t\t\t\t<div class=\"e-con-inner\">\n\t\t\t\t<div class=\"elementor-element elementor-element-30af2c8 elementor-widget elementor-widget-text-editor\" data-id=\"30af2c8\" data-element_type=\"widget\" data-e-type=\"widget\" data-widget_type=\"text-editor.default\">\n\t\t\t\t<div class=\"elementor-widget-container\">\n\t\t\t\t\t\t\t\t\t<p><strong><u>Recomienda CONADEH:<\/u><\/strong><\/p><p><strong>Prevenci\u00f3n y control de incendios forestales debe ser prioridad en la agenda nacional<\/strong><\/p><p>\u00a0<\/p><ul><li><strong>Advierte que, la <\/strong><strong>creciente incidencia de incendios forestales afecta los derechos humanos de los habitantes al ocasionar da\u00f1os que vulneran derechos fundamentales como el de la salud, al agua y a tener una vida digna. <\/strong><\/li><\/ul><p>El Comisionado Nacional de los Derechos Humanos (CONADEH) advirti\u00f3 hoy el impacto negativo de los incendios forestales, en el pa\u00eds, por los graves da\u00f1os que ocasiona tanto a los bosques, las fuentes de agua, al aire, la econom\u00eda y la salud de los hondure\u00f1os.<\/p><p>En el marco del D\u00eda Internacional de los\u00a0 Bosques, que se conmemora el 21 de marzo de cada a\u00f1o, la titular del CONADEH, Blanca Izaguirre declar\u00f3 que la prevenci\u00f3n de los incendios forestales y su control debe ser prioridad de inter\u00e9s nacional del Estado, principal responsable de proteger, respetar y promover los derechos humanos.<\/p><p>Indic\u00f3 que la creciente incidencia de incendios forestales, en el pa\u00eds, ocasiona incalculables p\u00e9rdidas en la econom\u00eda nacional y afecta los derechos humanos de los habitantes al ocasionar da\u00f1os que\u00a0 vulneran derechos fundamentales como el de la salud, al agua, a un ambiente sano y a una vida digna.<\/p><p>Conden\u00f3 el incendio provocado en \u201cLa Tigra\u201d y exhort\u00f3 al Ministerio P\u00fablico y a los tribunales de justicia a que ejerzan sus competencias\u00a0 para investigar, juzgar y sancionar, con todo el peso de la ley, al o los responsables\u00a0 de provocar los incendios que, con sus acciones, ponen en riesgo la vida de personas.<\/p><p>Castigar a los incendiarios del bosque, con sanciones fuertes y ejemplares, es una necesidad impostergable porque sus acciones\u00a0 inciden gravemente en la situaci\u00f3n de \u201cemergencia\u201d que se vive en el pa\u00eds.<\/p><p>La Tigra, es un \u00e1rea protegida establecida legalmente en Honduras y la m\u00e1s importante en la regi\u00f3n central, caracterizada como fuente de abastecimiento de agua, en donde hay tambi\u00e9n protecci\u00f3n de bosque, \u00e1reas silvestres, flora y fauna. Sirve a cuatro municipios (Distrito Central, Santa Luc\u00eda, Valle de \u00c1ngeles, Cantarranas) y a alrededor de noventa comunidades.<\/p><p>La contaminaci\u00f3n atmosf\u00e9rica constituye una amenaza para la salud de las personas al exponerlas al humo que afecta los ojos, irrita el sistema respiratorio y agrava afecciones de quienes padecen de enfermedades cardiacas y pulmonares cr\u00f3nicas.<\/p><p>Los incendios forestales y la tala ilegal est\u00e1n destruyendo los\u00a0 bosques y causando deforestaci\u00f3n, sequ\u00eda y\u00a0 erosi\u00f3n del suelo, afectando las cuencas o microcuencas y la consiguiente captaci\u00f3n del agua para uso dom\u00e9stico de los pobladores<\/p><p>La defensora de los derechos humanos considera que es indispensable sensibilizar sobre la importancia de prevenir y evitar los da\u00f1os que se derivan como consecuencia de los incendios forestales.<\/p><p>Record\u00f3 que Honduras tiene compromisos internacionales como el de la agenda 2030 de las Naciones Unidas que lo obligan a proteger sus bosques y desarrollar una gesti\u00f3n sostenible que permita que sus recursos naturales sean esmeradamente cuidados en beneficio del desarrollo sostenible del pa\u00eds.<\/p><p>El objetivo 15 de la Agenda 2030 establece la necesidad de proteger y cuidar de la tierra, incluyendo lugares especiales como los bosques.<\/p><p><strong>Desde el 2023: Cerca de 3,800 incendios y miles de hect\u00e1reas afectadas<\/strong><\/p><p>En el 2023, 17 departamentos del pa\u00eds fueron escenario de m\u00e1s de 3,000 incendios, de los cuales 756 se registraron en Francisco Moraz\u00e1n, 724 en Olancho,\u00a0 380 en Yoro, 344 en Comayagua, 150 en Santa Barbara, 147 en Gracias a Dios y 121 en El Para\u00edso.<\/p><p>Los municipios m\u00e1s afectados, durante ese a\u00f1o fueron, el Distrito Central (Francisco Moraz\u00e1n) con 319 incendios que afectaron un \u00e1rea de 11,177 hect\u00e1reas (Ha), Yoro (Yoro) 170 incendios y un \u00e1rea afectada de 13,179 Ha, Dulce Nombre de Culmi (Olancho) 170 incendios y un \u00e1rea de 2,705 ha y Puerto Lempira (Gracias a Dios) con 145 incendios y 27,463 Ha da\u00f1adas.<\/p><p>En abril del 2023, se registr\u00f3 el mayor n\u00famero de incendios con 1,521,\u00a0 en marzo de ese mismo a\u00f1o 765 y en mayo 454.<\/p><p>La principal zona afectada fue la de tenencia privada con 1,639 incendios\u00a0 y un \u00e1rea afectada de 137,247 hect\u00e1reas<\/p><p>En lo que va del 2024, se han registrado 685 incendios y se han afectado alrededor de 85 microcuencas, 77 \u00e1reas protegidas.<\/p><p>Francisco Moraz\u00e1n ha sido escenario de 193 incendios que afectaron cerca de 5,100 hect\u00e1reas, en Olancho los 98 incendios da\u00f1aron 4,707 hect\u00e1reas, mientras que, en Gracias a Dios, 79 incendios que afectaron al menos 11,179 hect\u00e1reas.<\/p><p>La \u00e9poca de mayor riesgo de incendios forestales se presenta entre los meses de febrero a mayo de cada a\u00f1o.<\/p><p>Los incendios forestales afectan anualmente alrededor m\u00e1s de 62,000 hect\u00e1reas de bosque, y, adem\u00e1s, se pierde, por a\u00f1o, entre 34,000 y 58,000 hect\u00e1reas por deforestaci\u00f3n producto de la tala ilegal y otras pr\u00e1cticas inadecuadas de manejo del bosque.<\/p><p>Honduras cuenta con una superficie de 5.4 millones de hect\u00e1reas de bosque que c\u00edclicamente son afectados por los efectos adversos del cambio clim\u00e1tico y da\u00f1os directos ocasionados impunemente por los pir\u00f3manos.<\/p>\t\t\t\t\t\t\t\t<\/div>\n\t\t\t\t<\/div>\n\t\t\t\t\t<\/div>\n\t\t\t\t<\/div>\n\t\t<div class=\"elementor-element elementor-element-7c52c23 e-flex e-con-boxed e-con e-parent\" data-id=\"7c52c23\" data-element_type=\"container\" data-e-type=\"container\">\n\t\t\t\t\t<div class=\"e-con-inner\">\n\t\t\t\t<div class=\"elementor-element elementor-element-dd43023 elementor-widget elementor-widget-image\" data-id=\"dd43023\" data-element_type=\"widget\" data-e-type=\"widget\" data-widget_type=\"image.default\">\n\t\t\t\t<div class=\"elementor-widget-container\">\n\t\t\t\t\t\t\t\t\t\t\t\t\t\t\t<img fetchpriority=\"high\" decoding=\"async\" width=\"750\" height=\"534\" src=\"https:\/\/conadeh.hn\/wp-content\/uploads\/2024\/03\/incendios.jpg\" class=\"attachment-large size-large wp-image-2563\" alt=\"\" srcset=\"https:\/\/conadeh.hn\/wp-content\/uploads\/2024\/03\/incendios.jpg 1200w, https:\/\/conadeh.hn\/wp-content\/uploads\/2024\/03\/incendios-300x214.jpg 300w, https:\/\/conadeh.hn\/wp-content\/uploads\/2024\/03\/incendios-768x547.jpg 768w\" sizes=\"(max-width: 750px) 100vw, 750px\" \/>\t\t\t\t\t\t\t\t\t\t\t\t\t\t\t<\/div>\n\t\t\t\t<\/div>\n\t\t\t\t\t<\/div>\n\t\t\t\t<\/div>\n\t\t\t\t<\/div>\n\t\t","protected":false},"excerpt":{"rendered":"<p>Recomienda CONADEH: Prevenci\u00f3n y control de incendios forestales debe ser prioridad en la agenda nacional \u00a0 Advierte que, la creciente incidencia de incendios forestales afecta los derechos humanos de los habitantes al ocasionar da\u00f1os que vulneran derechos fundamentales como el de la salud, al agua y a tener una vida [&hellip;]<\/p>\n","protected":false},"author":2,"featured_media":2563,"comment_status":"closed","ping_status":"closed","sticky":false,"template":"","format":"standard","meta":{"saved_in_kubio":false,"_themeisle_gutenberg_block_has_review":false,"_kadence_starter_templates_imported_post":false,"footnotes":""},"categories":[1],"tags":[],"class_list":["post-2561","post","type-post","status-publish","format-standard","has-post-thumbnail","hentry","category-uncategorized"],"_links":{"self":[{"href":"https:\/\/conadeh.hn\/index.php?rest_route=\/wp\/v2\/posts\/2561","targetHints":{"allow":["GET"]}}],"collection":[{"href":"https:\/\/conadeh.hn\/index.php?rest_route=\/wp\/v2\/posts"}],"about":[{"href":"https:\/\/conadeh.hn\/index.php?rest_route=\/wp\/v2\/types\/post"}],"author":[{"embeddable":true,"href":"https:\/\/conadeh.hn\/index.php?rest_route=\/wp\/v2\/users\/2"}],"replies":[{"embeddable":true,"href":"https:\/\/conadeh.hn\/index.php?rest_route=%2Fwp%2Fv2%2Fcomments&post=2561"}],"version-history":[{"count":4,"href":"https:\/\/conadeh.hn\/index.php?rest_route=\/wp\/v2\/posts\/2561\/revisions"}],"predecessor-version":[{"id":2566,"href":"https:\/\/conadeh.hn\/index.php?rest_route=\/wp\/v2\/posts\/2561\/revisions\/2566"}],"wp:featuredmedia":[{"embeddable":true,"href":"https:\/\/conadeh.hn\/index.php?rest_route=\/wp\/v2\/media\/2563"}],"wp:attachment":[{"href":"https:\/\/conadeh.hn\/index.php?rest_route=%2Fwp%2Fv2%2Fmedia&parent=2561"}],"wp:term":[{"taxonomy":"category","embeddable":true,"href":"https:\/\/conadeh.hn\/index.php?rest_route=%2Fwp%2Fv2%2Fcategories&post=2561"},{"taxonomy":"post_tag","embeddable":true,"href":"https:\/\/conadeh.hn\/index.php?rest_route=%2Fwp%2Fv2%2Ftags&post=2561"}],"curies":[{"name":"wp","href":"https:\/\/api.w.org\/{rel}","templated":true}]}}