{"id":2531,"date":"2024-03-26T17:46:38","date_gmt":"2024-03-26T17:46:38","guid":{"rendered":"https:\/\/conadeh.hn\/?p=2531"},"modified":"2024-03-26T17:47:35","modified_gmt":"2024-03-26T17:47:35","slug":"denuncian-ante-el-conadeh-unas-5000-familias-de-colon-serian-afectadas-con-decreto-que-crea-parque-naciona","status":"publish","type":"post","link":"https:\/\/conadeh.hn\/?p=2531","title":{"rendered":"Denuncian ante el CONADEH: Unas 5,000 familias de Col\u00f3n ser\u00edan afectadas con decreto que crea Parque Naciona"},"content":{"rendered":"\t\t<div data-elementor-type=\"wp-post\" data-elementor-id=\"2531\" class=\"elementor elementor-2531\">\n\t\t\t\t<div class=\"elementor-element elementor-element-cb18042 e-flex e-con-boxed e-con e-parent\" data-id=\"cb18042\" data-element_type=\"container\" data-e-type=\"container\">\n\t\t\t\t\t<div class=\"e-con-inner\">\n\t\t\t\t<div class=\"elementor-element elementor-element-792662e elementor-widget elementor-widget-text-editor\" data-id=\"792662e\" data-element_type=\"widget\" data-e-type=\"widget\" data-widget_type=\"text-editor.default\">\n\t\t\t\t<div class=\"elementor-widget-container\">\n\t\t\t\t\t\t\t\t\t<p><strong>Jueves 14 de marzo de 2024<\/strong><\/p><p>\u00a0<\/p><p><strong><u>Denuncian ante el CONADEH:<\/u><\/strong><\/p><p><strong>Unas 5,000 familias de Col\u00f3n ser\u00edan afectadas con decreto que crea Parque Nacional <\/strong><\/p><ul><li><strong>Portando pancartas, m\u00e1s de medio centenar de personas exigieron justicia, que se investiguen las muertas violentas, que se respete el derecho de propiedad, a la tierra, el derecho a ser consultados, exigieron salud, educaci\u00f3n y una vida digna para los ni\u00f1os de esa zona y que el decreto que da vida al Parque Nacional sea derogado.<\/strong><\/li><\/ul><p>Unas 5,000 familias que residen en 21 comunidades del departamento de Col\u00f3n denunciaron hoy, ante el Comisionado Nacional de los Derechos Humanos (CONADEH), que se les est\u00e1 violentando su derecho a la vivienda ya que los est\u00e1n expropiando de sus tierras, luego de la emisi\u00f3n del decreto que declara \u00c1rea Protegida el Parque Nacional Monta\u00f1a de Botaderos \u201cCarlos Escaleras Mej\u00eda\u201d.<\/p><p>Los vecinos de las 21\u00a0 comunidades, supuestamente afectadas, expresaron que residen en la zona n\u00facleo desde 1975 y el decreto que le da vida al Parque Nacional\u00a0 fue aprobado en el 2012 por el Congreso Nacional.<\/p><p>Heriberto Alem\u00e1n representante de la Organizaci\u00f3n para la Defensa del Ambiente , Derechos Humanos y Justicia del departamento de Col\u00f3n declar\u00f3 que a los pobladores se les esta violentando el derecho a la consulta y al de informaci\u00f3n.<\/p><p>Relat\u00f3 que el malestar\u00a0 de los pobladores es que nunca fueron visitados ni consultados por ninguno de los miembros del Congreso que aprobaron ese decreto.<\/p><p>Esa zona est\u00e1 poblada, desde mediados de la d\u00e9cada del 70 del siglo pasado, por personas que se dedican a trabajar la agricultura y la ganader\u00eda expres\u00f3.<\/p><p>Indic\u00f3 que, si el Congreso Nacional fue el que emiti\u00f3 ese decreto, es ese mismo Poder del Estado el que tiene que hacer la rectificaci\u00f3n para evitar conflictos en la zona.<\/p><p>Record\u00f3 que, por no consultarle previamente a la poblaci\u00f3n, el Estado de Honduras ha sido condenado por la Corte Interamericana de los Derechos Humanos.<\/p><p>Otro de los vecinos afectados identificado como Juan \u00c1ngel Ram\u00edrez declar\u00f3 que lo declarado como zona protegida no son monta\u00f1as, lo que hay son propiedades privadas y personas que trabajan y viven de la ganader\u00eda y de la agricultura.<\/p><p>\u201cNo es posible que, sin antes consultar con nosotros,\u00a0 con los pobladores, quieran montar un Parque Nacional solo porque a ellos se les antoje\u201d, se quej\u00f3.<\/p><p>Exigimos que se detenga ese Parque Nacional\u00a0 porque est\u00e1 afectando a 21 comunidades y unas 5,000 familias en esa zona, reiter\u00f3.<\/p><p>Los afectados denunciaron que debido a ese conflicto de oposici\u00f3n se han registrado, al menos, unas diez muertes de personas, en esa zona, cuyos cr\u00edmenes se mantienen impunes ya que no han sido investigados.<\/p><p>A ra\u00edz de esta situaci\u00f3n que pone en riesgo la integridad y la vida de las personas solicitaron medidas de seguridad para los pobladores de la zona.<\/p>\t\t\t\t\t\t\t\t<\/div>\n\t\t\t\t<\/div>\n\t\t\t\t\t<\/div>\n\t\t\t\t<\/div>\n\t\t<div class=\"elementor-element elementor-element-79753d5 e-flex e-con-boxed e-con e-parent\" data-id=\"79753d5\" data-element_type=\"container\" data-e-type=\"container\">\n\t\t\t\t\t<div class=\"e-con-inner\">\n\t\t\t\t<div class=\"elementor-element elementor-element-79a1613 elementor-widget elementor-widget-image\" data-id=\"79a1613\" data-element_type=\"widget\" data-e-type=\"widget\" data-widget_type=\"image.default\">\n\t\t\t\t<div class=\"elementor-widget-container\">\n\t\t\t\t\t\t\t\t\t\t\t\t\t\t\t<img fetchpriority=\"high\" decoding=\"async\" width=\"750\" height=\"458\" src=\"https:\/\/conadeh.hn\/wp-content\/uploads\/2024\/03\/Colon.jpg\" class=\"attachment-large size-large wp-image-2533\" alt=\"\" srcset=\"https:\/\/conadeh.hn\/wp-content\/uploads\/2024\/03\/Colon.jpg 770w, https:\/\/conadeh.hn\/wp-content\/uploads\/2024\/03\/Colon-300x183.jpg 300w, https:\/\/conadeh.hn\/wp-content\/uploads\/2024\/03\/Colon-768x469.jpg 768w\" sizes=\"(max-width: 750px) 100vw, 750px\" \/>\t\t\t\t\t\t\t\t\t\t\t\t\t\t\t<\/div>\n\t\t\t\t<\/div>\n\t\t\t\t\t<\/div>\n\t\t\t\t<\/div>\n\t\t\t\t<\/div>\n\t\t","protected":false},"excerpt":{"rendered":"<p>Jueves 14 de marzo de 2024 \u00a0 Denuncian ante el CONADEH: Unas 5,000 familias de Col\u00f3n ser\u00edan afectadas con decreto que crea Parque Nacional Portando pancartas, m\u00e1s de medio centenar de personas exigieron justicia, que se investiguen las muertas violentas, que se respete el derecho de propiedad, a la tierra, [&hellip;]<\/p>\n","protected":false},"author":2,"featured_media":2533,"comment_status":"closed","ping_status":"closed","sticky":false,"template":"","format":"standard","meta":{"saved_in_kubio":false,"_themeisle_gutenberg_block_has_review":false,"_kadence_starter_templates_imported_post":false,"footnotes":""},"categories":[1],"tags":[],"class_list":["post-2531","post","type-post","status-publish","format-standard","has-post-thumbnail","hentry","category-uncategorized"],"_links":{"self":[{"href":"https:\/\/conadeh.hn\/index.php?rest_route=\/wp\/v2\/posts\/2531","targetHints":{"allow":["GET"]}}],"collection":[{"href":"https:\/\/conadeh.hn\/index.php?rest_route=\/wp\/v2\/posts"}],"about":[{"href":"https:\/\/conadeh.hn\/index.php?rest_route=\/wp\/v2\/types\/post"}],"author":[{"embeddable":true,"href":"https:\/\/conadeh.hn\/index.php?rest_route=\/wp\/v2\/users\/2"}],"replies":[{"embeddable":true,"href":"https:\/\/conadeh.hn\/index.php?rest_route=%2Fwp%2Fv2%2Fcomments&post=2531"}],"version-history":[{"count":4,"href":"https:\/\/conadeh.hn\/index.php?rest_route=\/wp\/v2\/posts\/2531\/revisions"}],"predecessor-version":[{"id":2536,"href":"https:\/\/conadeh.hn\/index.php?rest_route=\/wp\/v2\/posts\/2531\/revisions\/2536"}],"wp:featuredmedia":[{"embeddable":true,"href":"https:\/\/conadeh.hn\/index.php?rest_route=\/wp\/v2\/media\/2533"}],"wp:attachment":[{"href":"https:\/\/conadeh.hn\/index.php?rest_route=%2Fwp%2Fv2%2Fmedia&parent=2531"}],"wp:term":[{"taxonomy":"category","embeddable":true,"href":"https:\/\/conadeh.hn\/index.php?rest_route=%2Fwp%2Fv2%2Fcategories&post=2531"},{"taxonomy":"post_tag","embeddable":true,"href":"https:\/\/conadeh.hn\/index.php?rest_route=%2Fwp%2Fv2%2Ftags&post=2531"}],"curies":[{"name":"wp","href":"https:\/\/api.w.org\/{rel}","templated":true}]}}