{"id":2495,"date":"2024-03-26T16:49:55","date_gmt":"2024-03-26T16:49:55","guid":{"rendered":"https:\/\/conadeh.hn\/?p=2495"},"modified":"2024-03-26T16:51:35","modified_gmt":"2024-03-26T16:51:35","slug":"instan-al-estado-hondureno-proteger-la-vida-e-integridad-de-defensora-de-los-derechos-de-la-mujer","status":"publish","type":"post","link":"https:\/\/conadeh.hn\/?p=2495","title":{"rendered":"Instan al Estado hondure\u00f1o proteger la vida e integridad de defensora de los derechos de la mujer"},"content":{"rendered":"\t\t<div data-elementor-type=\"wp-post\" data-elementor-id=\"2495\" class=\"elementor elementor-2495\">\n\t\t\t\t<div class=\"elementor-element elementor-element-a661db5 e-flex e-con-boxed e-con e-parent\" data-id=\"a661db5\" data-element_type=\"container\" data-e-type=\"container\">\n\t\t\t\t\t<div class=\"e-con-inner\">\n\t\t\t\t<div class=\"elementor-element elementor-element-655f17d elementor-widget elementor-widget-text-editor\" data-id=\"655f17d\" data-element_type=\"widget\" data-e-type=\"widget\" data-widget_type=\"text-editor.default\">\n\t\t\t\t<div class=\"elementor-widget-container\">\n\t\t\t\t\t\t\t\t\t<p><strong>Martes 05 de marzo de 2024<\/strong><\/p><p><strong>Instan al Estado hondure\u00f1o proteger la vida e integridad de defensora de los derechos de la mujer<\/strong><\/p><p><strong>PRONUNCIAMIENTO ANTE CAMPA\u00d1A DE DESPRESTIGIO EN CONTRA DE, ORGANIZACI\u00d3N \u201cCALIDAD DE VIDA\u201d <\/strong><\/p><p><strong>COMUNICADO No. 02.03.2024<\/strong><\/p><p>El Comisionado Nacional de los Derechos Humanos (CONADEH), en el ejercicio de nuestro \u00a0mandato de velar por la prevenci\u00f3n, promoci\u00f3n, protecci\u00f3n y la defensa de los derechos humanos y libertades fundamentales de las y los habitantes y, en especial, de las personas en situaci\u00f3n de vulnerabilidad, consagrados en la Constituci\u00f3n de la Rep\u00fablica, tratados y convenios internacionales, comunica lo siguiente:<\/p><p>El CONADEH expresa su preocupaci\u00f3n por la campa\u00f1a de desprestigio y desinformaci\u00f3n montada en contra de la licenciada Ana Lizzet Cruz, coordinadora de la organizaci\u00f3n de sociedad civil \u201c<strong>CALIDAD DE VIDA\u201d<\/strong> la que, desde su fundaci\u00f3n, en 1996, previene, atiende y busca erradicar la violencia en contra de las mujeres.<\/p><p>Expresamos nuestro apoyo a la licenciada Ana Lizzet Cruz y a la organizaci\u00f3n que dirige, en ese sentido, exhortamos a la Direcci\u00f3n General del Sistema de Protecci\u00f3n a realizar los an\u00e1lisis de riesgo a trav\u00e9s del Mecanismo de Protecci\u00f3n a Personas Defensoras, Periodistas, Comunicadores y Operadores de Justicia, con un plan de seguridad y medidas de protecci\u00f3n personales y colectivas.\u00a0<\/p><p>Asimismo, al Ministerio P\u00fablico a responder con la debida diligencia en el proceso de investigaci\u00f3n que corresponde.<\/p><p>Recordamos que la Comisi\u00f3n Interamericana de Derechos Humanos (CIDH), ha expresado su preocupaci\u00f3n ante la violencia, intimidaci\u00f3n y criminalizaci\u00f3n de personas defensoras en el pa\u00eds, poniendo en relieve que es obligaci\u00f3n de <strong><em>los Estados proteger integralmente el derecho a defender los derechos.<\/em><\/strong><\/p><p>Por tanto, es indispensable y urgente que se adopten medidas positivas que fomenten una cultura de derechos y un ambiente libre de violencia y amenazas; reconociendo el valor y la importancia del trabajo de las personas defensoras y se investiguen de forma seria y efectiva cualquier violaci\u00f3n de derechos humanos en su contra.<\/p><p><strong>Tegucigalpa, Honduras. 05 de marzo de 2024<\/strong><\/p><p>\u00a0<\/p>\t\t\t\t\t\t\t\t<\/div>\n\t\t\t\t<\/div>\n\t\t\t\t\t<\/div>\n\t\t\t\t<\/div>\n\t\t<div class=\"elementor-element elementor-element-2f4e95d e-flex e-con-boxed e-con e-parent\" data-id=\"2f4e95d\" data-element_type=\"container\" data-e-type=\"container\">\n\t\t\t\t\t<div class=\"e-con-inner\">\n\t\t\t\t<div class=\"elementor-element elementor-element-aeca616 elementor-widget elementor-widget-image\" data-id=\"aeca616\" data-element_type=\"widget\" data-e-type=\"widget\" data-widget_type=\"image.default\">\n\t\t\t\t<div class=\"elementor-widget-container\">\n\t\t\t\t\t\t\t\t\t\t\t\t\t\t\t<img fetchpriority=\"high\" decoding=\"async\" width=\"750\" height=\"394\" src=\"https:\/\/conadeh.hn\/wp-content\/uploads\/2024\/03\/defensores-de-ambiente.jpg\" class=\"attachment-large size-large wp-image-2497\" alt=\"\" srcset=\"https:\/\/conadeh.hn\/wp-content\/uploads\/2024\/03\/defensores-de-ambiente.jpg 1200w, https:\/\/conadeh.hn\/wp-content\/uploads\/2024\/03\/defensores-de-ambiente-300x158.jpg 300w, https:\/\/conadeh.hn\/wp-content\/uploads\/2024\/03\/defensores-de-ambiente-768x403.jpg 768w\" sizes=\"(max-width: 750px) 100vw, 750px\" \/>\t\t\t\t\t\t\t\t\t\t\t\t\t\t\t<\/div>\n\t\t\t\t<\/div>\n\t\t\t\t\t<\/div>\n\t\t\t\t<\/div>\n\t\t\t\t<\/div>\n\t\t","protected":false},"excerpt":{"rendered":"<p>Martes 05 de marzo de 2024 Instan al Estado hondure\u00f1o proteger la vida e integridad de defensora de los derechos de la mujer PRONUNCIAMIENTO ANTE CAMPA\u00d1A DE DESPRESTIGIO EN CONTRA DE, ORGANIZACI\u00d3N \u201cCALIDAD DE VIDA\u201d COMUNICADO No. 02.03.2024 El Comisionado Nacional de los Derechos Humanos (CONADEH), en el ejercicio de [&hellip;]<\/p>\n","protected":false},"author":2,"featured_media":2497,"comment_status":"closed","ping_status":"closed","sticky":false,"template":"","format":"standard","meta":{"saved_in_kubio":false,"_themeisle_gutenberg_block_has_review":false,"_kadence_starter_templates_imported_post":false,"footnotes":""},"categories":[1],"tags":[],"class_list":["post-2495","post","type-post","status-publish","format-standard","has-post-thumbnail","hentry","category-uncategorized"],"_links":{"self":[{"href":"https:\/\/conadeh.hn\/index.php?rest_route=\/wp\/v2\/posts\/2495","targetHints":{"allow":["GET"]}}],"collection":[{"href":"https:\/\/conadeh.hn\/index.php?rest_route=\/wp\/v2\/posts"}],"about":[{"href":"https:\/\/conadeh.hn\/index.php?rest_route=\/wp\/v2\/types\/post"}],"author":[{"embeddable":true,"href":"https:\/\/conadeh.hn\/index.php?rest_route=\/wp\/v2\/users\/2"}],"replies":[{"embeddable":true,"href":"https:\/\/conadeh.hn\/index.php?rest_route=%2Fwp%2Fv2%2Fcomments&post=2495"}],"version-history":[{"count":4,"href":"https:\/\/conadeh.hn\/index.php?rest_route=\/wp\/v2\/posts\/2495\/revisions"}],"predecessor-version":[{"id":2500,"href":"https:\/\/conadeh.hn\/index.php?rest_route=\/wp\/v2\/posts\/2495\/revisions\/2500"}],"wp:featuredmedia":[{"embeddable":true,"href":"https:\/\/conadeh.hn\/index.php?rest_route=\/wp\/v2\/media\/2497"}],"wp:attachment":[{"href":"https:\/\/conadeh.hn\/index.php?rest_route=%2Fwp%2Fv2%2Fmedia&parent=2495"}],"wp:term":[{"taxonomy":"category","embeddable":true,"href":"https:\/\/conadeh.hn\/index.php?rest_route=%2Fwp%2Fv2%2Fcategories&post=2495"},{"taxonomy":"post_tag","embeddable":true,"href":"https:\/\/conadeh.hn\/index.php?rest_route=%2Fwp%2Fv2%2Ftags&post=2495"}],"curies":[{"name":"wp","href":"https:\/\/api.w.org\/{rel}","templated":true}]}}