{"id":2479,"date":"2024-03-26T15:55:00","date_gmt":"2024-03-26T15:55:00","guid":{"rendered":"https:\/\/conadeh.hn\/?p=2479"},"modified":"2024-03-26T15:58:10","modified_gmt":"2024-03-26T15:58:10","slug":"este-lunes-26-de-febrero","status":"publish","type":"post","link":"https:\/\/conadeh.hn\/?p=2479","title":{"rendered":"Este lunes 26 de febrero:  OEI y CONADEH lanzar\u00e1n V edici\u00f3n de Premio Iberoamericano de Educaci\u00f3n en DD. HH"},"content":{"rendered":"\t\t<div data-elementor-type=\"wp-post\" data-elementor-id=\"2479\" class=\"elementor elementor-2479\">\n\t\t\t\t<div class=\"elementor-element elementor-element-475ca24 e-flex e-con-boxed e-con e-parent\" data-id=\"475ca24\" data-element_type=\"container\" data-e-type=\"container\">\n\t\t\t\t\t<div class=\"e-con-inner\">\n\t\t\t\t<div class=\"elementor-element elementor-element-26eeebe elementor-widget elementor-widget-text-editor\" data-id=\"26eeebe\" data-element_type=\"widget\" data-e-type=\"widget\" data-widget_type=\"text-editor.default\">\n\t\t\t\t<div class=\"elementor-widget-container\">\n\t\t\t\t\t\t\t\t\t<p><strong>Domingo 25 de febrero de 2024<\/strong><\/p><p>\u00a0<\/p><p><strong><u>Este lunes 26 de febrero:<\/u><\/strong><\/p><p><strong>OEI y CONADEH lanzar\u00e1n V edici\u00f3n de Premio Iberoamericano de Educaci\u00f3n en DD. HH <\/strong><\/p><ul><li><strong>El lanzamiento tendr\u00e1 lugar este lunes 26 de febrero en la sede del CONADEH, en Tegucigalpa, y contar\u00e1 con la presencia de m\u00e1s de medio centenar de personas representantes de organizaciones de la sociedad civil, del gobierno e instituciones del Estado, as\u00ed como de miembros de la comunidad internacional que trabajan en la promoci\u00f3n y defensa de los derechos humanos en el pa\u00eds.<\/strong><\/li><\/ul><p>La Organizaci\u00f3n de Estados Iberoamericanos para la Educaci\u00f3n, la Ciencia y la Cultura (OEI), en colaboraci\u00f3n con el Comisionado Nacional de los Derechos Humanos (CONADEH), lanzar\u00e1n este lunes, la quinta edici\u00f3n del <a href=\"https:\/\/oei.int\/oficinas\/secretaria-general\/premio-derechos-humanos\/quinta-edicion\">\u00a0Premio Iberoamericano de Educaci\u00f3n en Derechos Humanos \u201c\u00d3scar Arnulfo Romero<\/a>\u201d.<\/p><p>Ana Luisa N\u00fa\u00f1ez, coordinadora de la Unidad de Promoci\u00f3n y Educaci\u00f3n del CONADEH explic\u00f3 que el objeto del premio es reconocer y destacar el trabajo realizado por instituciones, organizaciones y empresas que promueven y defienden los derechos humanos a trav\u00e9s de la educaci\u00f3n no formal.<\/p><p>Adem\u00e1s, consolidar la educaci\u00f3n en derechos humanos como la herramienta fundamental para una verdadera transformaci\u00f3n social que propicie la construcci\u00f3n de una sociedad m\u00e1s justa e igualitaria.<\/p><p>En esta quinta edici\u00f3n, se dar\u00e1 especial atenci\u00f3n a proyectos que promuevan los derechos humanos en \u00e1reas como la convivencia democr\u00e1tica, el pluralismo, la igualdad racial, \u00e9tnica o de g\u00e9nero.\u00a0<\/p><p>Adem\u00e1s, el empoderamiento de mujeres y ni\u00f1as, la defensa de los derechos de la poblaci\u00f3n migrante, la sostenibilidad ambiental o la promoci\u00f3n de los derechos humanos en el contexto de la transformaci\u00f3n digital y las redes sociales.<\/p><p>El premio constar\u00e1 de dos fases, una nacional, en la que se reconocer\u00e1n las mejores iniciativas de cada pa\u00eds, y otra iberoamericana, en la que se premiar\u00e1n los tres mejores proyectos con montos <strong>de 8.000 d\u00f3lares para el primer lugar, 4.000 para el segundo y 2.000 para el tercero. <\/strong><\/p><p>\u00a0<\/p><p>Desde su implementaci\u00f3n en el 2015, el premio ha sido una plataforma para proyectos que han dejado un impacto significativo en sus comunidades.<\/p><p>El premio Iberoamericano lleva el nombre de \u201c\u00d3scar Arnulfo Romero\u201d, sacerdote de origen salvadore\u00f1o, canonizado en el 2018, por el Papa Francisco, debido a su destacada labor en la defensa de los derechos humanos de los m\u00e1s vulnerables.<\/p><p>\u00a0<\/p><p>La Organizaci\u00f3n de Estados Iberoamericanos para la Educaci\u00f3n, la Ciencia y la Cultura (<a href=\"https:\/\/oei.int\/\">OEI<\/a>) es, desde 1949, el primer organismo intergubernamental de cooperaci\u00f3n Sur-Sur del espacio iberoamericano. En la actualidad, forman parte del organismo 23 Estados miembros y cuenta con 19 oficinas nacionales, adem\u00e1s de su Secretar\u00eda General en Madrid.<\/p><p>Entre sus resultados, la organizaci\u00f3n ha contribuido a la dr\u00e1stica reducci\u00f3n del analfabetismo en Iberoam\u00e9rica, con m\u00e1s de 21 millones de personas beneficiarias de su acci\u00f3n cooperadora.<\/p>\t\t\t\t\t\t\t\t<\/div>\n\t\t\t\t<\/div>\n\t\t\t\t\t<\/div>\n\t\t\t\t<\/div>\n\t\t<div class=\"elementor-element elementor-element-8d5f7e3 e-flex e-con-boxed e-con e-parent\" data-id=\"8d5f7e3\" data-element_type=\"container\" data-e-type=\"container\">\n\t\t\t\t\t<div class=\"e-con-inner\">\n\t\t\t\t<div class=\"elementor-element elementor-element-de346cd elementor-widget elementor-widget-image\" data-id=\"de346cd\" data-element_type=\"widget\" data-e-type=\"widget\" data-widget_type=\"image.default\">\n\t\t\t\t<div class=\"elementor-widget-container\">\n\t\t\t\t\t\t\t\t\t\t\t\t\t\t\t<img fetchpriority=\"high\" decoding=\"async\" width=\"750\" height=\"375\" src=\"https:\/\/conadeh.hn\/wp-content\/uploads\/2024\/03\/educacion.png\" class=\"attachment-large size-large wp-image-2480\" alt=\"\" srcset=\"https:\/\/conadeh.hn\/wp-content\/uploads\/2024\/03\/educacion.png 1200w, https:\/\/conadeh.hn\/wp-content\/uploads\/2024\/03\/educacion-300x150.png 300w, https:\/\/conadeh.hn\/wp-content\/uploads\/2024\/03\/educacion-768x384.png 768w\" sizes=\"(max-width: 750px) 100vw, 750px\" \/>\t\t\t\t\t\t\t\t\t\t\t\t\t\t\t<\/div>\n\t\t\t\t<\/div>\n\t\t\t\t\t<\/div>\n\t\t\t\t<\/div>\n\t\t\t\t<\/div>\n\t\t","protected":false},"excerpt":{"rendered":"<p>Domingo 25 de febrero de 2024 \u00a0 Este lunes 26 de febrero: OEI y CONADEH lanzar\u00e1n V edici\u00f3n de Premio Iberoamericano de Educaci\u00f3n en DD. HH El lanzamiento tendr\u00e1 lugar este lunes 26 de febrero en la sede del CONADEH, en Tegucigalpa, y contar\u00e1 con la presencia de m\u00e1s de [&hellip;]<\/p>\n","protected":false},"author":2,"featured_media":2480,"comment_status":"closed","ping_status":"closed","sticky":false,"template":"","format":"standard","meta":{"saved_in_kubio":false,"_themeisle_gutenberg_block_has_review":false,"_kadence_starter_templates_imported_post":false,"footnotes":""},"categories":[1],"tags":[],"class_list":["post-2479","post","type-post","status-publish","format-standard","has-post-thumbnail","hentry","category-uncategorized"],"_links":{"self":[{"href":"https:\/\/conadeh.hn\/index.php?rest_route=\/wp\/v2\/posts\/2479","targetHints":{"allow":["GET"]}}],"collection":[{"href":"https:\/\/conadeh.hn\/index.php?rest_route=\/wp\/v2\/posts"}],"about":[{"href":"https:\/\/conadeh.hn\/index.php?rest_route=\/wp\/v2\/types\/post"}],"author":[{"embeddable":true,"href":"https:\/\/conadeh.hn\/index.php?rest_route=\/wp\/v2\/users\/2"}],"replies":[{"embeddable":true,"href":"https:\/\/conadeh.hn\/index.php?rest_route=%2Fwp%2Fv2%2Fcomments&post=2479"}],"version-history":[{"count":4,"href":"https:\/\/conadeh.hn\/index.php?rest_route=\/wp\/v2\/posts\/2479\/revisions"}],"predecessor-version":[{"id":2484,"href":"https:\/\/conadeh.hn\/index.php?rest_route=\/wp\/v2\/posts\/2479\/revisions\/2484"}],"wp:featuredmedia":[{"embeddable":true,"href":"https:\/\/conadeh.hn\/index.php?rest_route=\/wp\/v2\/media\/2480"}],"wp:attachment":[{"href":"https:\/\/conadeh.hn\/index.php?rest_route=%2Fwp%2Fv2%2Fmedia&parent=2479"}],"wp:term":[{"taxonomy":"category","embeddable":true,"href":"https:\/\/conadeh.hn\/index.php?rest_route=%2Fwp%2Fv2%2Fcategories&post=2479"},{"taxonomy":"post_tag","embeddable":true,"href":"https:\/\/conadeh.hn\/index.php?rest_route=%2Fwp%2Fv2%2Ftags&post=2479"}],"curies":[{"name":"wp","href":"https:\/\/api.w.org\/{rel}","templated":true}]}}