{"id":2473,"date":"2024-03-25T21:28:34","date_gmt":"2024-03-25T21:28:34","guid":{"rendered":"https:\/\/conadeh.hn\/?p=2473"},"modified":"2024-03-25T21:33:08","modified_gmt":"2024-03-25T21:33:08","slug":"desplazamiento-forzado","status":"publish","type":"post","link":"https:\/\/conadeh.hn\/?p=2473","title":{"rendered":"Desplazamiento forzado: Centenares de hondure\u00f1os huyen de la violencia y abandonan sus hogares"},"content":{"rendered":"\t\t<div data-elementor-type=\"wp-post\" data-elementor-id=\"2473\" class=\"elementor elementor-2473\">\n\t\t\t\t<div class=\"elementor-element elementor-element-22f6d43 e-flex e-con-boxed e-con e-parent\" data-id=\"22f6d43\" data-element_type=\"container\" data-e-type=\"container\">\n\t\t\t\t\t<div class=\"e-con-inner\">\n\t\t\t\t<div class=\"elementor-element elementor-element-996ae7d elementor-widget elementor-widget-text-editor\" data-id=\"996ae7d\" data-element_type=\"widget\" data-e-type=\"widget\" data-widget_type=\"text-editor.default\">\n\t\t\t\t<div class=\"elementor-widget-container\">\n\t\t\t\t\t\t\t\t\t<p><strong>Viernes 23 de febrero de 2024<\/strong><\/p><p>\u00a0<\/p><p><strong><u>Desplazamiento forzado:<\/u><\/strong><\/p><p><strong>Centenares de hondure\u00f1os huyen de la violencia y abandonan sus hogares<\/strong><\/p><ul><li><strong>Entre el 2016 y el 2023, la Unidad de Desplazamiento Forzado Interno del CONADEH (UDFI) identific\u00f3 cerca de 8,200 <\/strong><strong>\u00a0casos <\/strong><strong>relacionados al desplazamiento forzado, de los cuales\u00a0 3,116 <\/strong><strong>(38%)<\/strong> <strong>estaban en situaci\u00f3n de<\/strong> <strong>desplazamiento<\/strong> <strong>y 5,084<\/strong> <strong>(62%)<\/strong><strong> en <\/strong><\/li><\/ul><p>La violencia que se vive en el pa\u00eds es uno de los factores que est\u00e1 generando el desplazamiento forzado de centenares de personas en el pa\u00eds, principalmente en los departamentos de Francisco Moraz\u00e1n\u00a0 y Cort\u00e9s revel\u00f3 hoy el Comisionado Nacional de los Derechos Humanos (CONADEH).<\/p><p>La coordinadora de la Defensor\u00eda de Movilidad Humana del CONADEH, Elsy Reyes declar\u00f3 que al\u00a0 realizar un an\u00e1lisis de los hechos que se registran, diariamente, a nivel nacional, se identific\u00f3 que los casos de desplazamiento forzado por violencia se incrementaron en el 2023 y que las proyecciones, en el 2024, indican que van al alza.<\/p><p>Revel\u00f3 que uno de los factores que est\u00e1\u00a0 generando desplazamiento forzado es la violencia, principalmente en las grandes ciudades.<\/p><p>Entre m\u00e1s grande son las ciudades y entre m\u00e1s violencia se reporta, estamos viendo que m\u00e1s gente\u00a0 est\u00e1 siendo desplazada y\u00a0 huyendo de su casa por amenazas, extorsiones, asesinatos y \u00a0despojo de sus propiedades.<\/p><p>El reclutamiento forzado de ni\u00f1os y ni\u00f1as, por parte de estructuras criminales, es otra de las causas que est\u00e1 afectando y generando que n\u00facleos familiares tengan que movilizarse y salir huyendo pr\u00e1cticamente de sus colonias y de sus municipios.<\/p><p><strong>Unas 8,200 personas denunciaron que su integridad y su vida estaba en riesgo<\/strong><\/p><p>Entre el 2016 y el 2023, la Unidad de Desplazamiento Forzado Interno del CONADEH (UDFI)\u00a0 identific\u00f3 cerca de 8,200 \u00a0casos relacionados al desplazamiento forzado, de los cuales \u00a03,116 (38%) estaban en situaci\u00f3n de desplazamiento y 5,084 (62%) en riesgo de desplazamiento.<\/p><p>En el 2022, el n\u00famero de quejas presentadas, ante el CONADEH, por personas en riesgo o v\u00edctimas de desplazamiento forzado sumaron\u00a0 1,417, cantidad que ascendi\u00f3 a 1,699, en el 2023, es decir una diferencia superior a los 280 casos.<\/p><p>Reyes destac\u00f3 que, al igual que en los a\u00f1os anteriores, las<strong> quejas relacionadas con el desplazamiento forzado interno de personas por violencia\u00a0 se concentraron, mayoritariamente, en los departamentos de Francisco Moraz\u00e1n y Cort\u00e9s. <\/strong><\/p><p><strong>Mencion\u00f3 como ejemplo que, e<\/strong>l departamento de Francisco Moraz\u00e1n pas\u00f3 de registrar 617 quejas en el 2022 a 841 en el \u00a02023, seguido por el departamento de Cort\u00e9s que de 315 quejas en el 2022 pas\u00f3 a 364 un a\u00f1o despu\u00e9s.<\/p><p>Explic\u00f3 que el CONADEH atendi\u00f3 casos de desplazamiento forzado en el que el afectado era una sola persona, pero tambi\u00e9n casos que afectaban a 17 o m\u00e1s v\u00edctimas.<\/p><p>El desplazamiento forzado no solo afecta a un n\u00facleo familiar tambi\u00e9n puede afectar otros n\u00facleos familiares de hermanos, padres, expres\u00f3.<\/p><p>Hemos visto casos donde los afectados son varios n\u00facleos de una misma familia, son grupos inmensos y es lamentable porque\u00a0 todos tienen que salir huyendo de la comunidad, de sus municipios y empezar una nueva vida\u00a0 sin medios para subsistir.<\/p><p><strong>Desplazados por violencia urgen del apoyo Estatal <\/strong><\/p><p><strong>La Comisionada Nacional de los Derechos Humanos, Blanca Izaguirre identific\u00f3 que <\/strong>los\u00a0 grupos poblacionales m\u00e1s afectados por el desplazamiento forzado, en el 2023, seg\u00fan su profesi\u00f3n u oficio, son los comerciantes que interpusieron\u00a0 266 quejas, seguidas por las amas de casa con 250.<\/p><p>Otros sectores v\u00edctimas y en riesgo de desplazamiento forzado son los maestros, profesionales del derecho, periodistas, comunicadores sociales, defensores de derechos humanos, taxistas, y buseros entre otros.<\/p><p>Entre las causas del desplazamiento forzado figuran las amenazas, extorsi\u00f3n, la muerte violenta de miembros de la familia, la tentativa de homicidio, el abuso sexual, la violencia intrafamiliar, el reclutamiento forzado de ni\u00f1os, ni\u00f1as, adolescentes y j\u00f3venes, la usurpaci\u00f3n, despojo o destrucci\u00f3n de viviendas, tierras y propiedades.<\/p><p>Las personas desplazadas que huyen de la\u00a0 violencia,\u00a0 en sus comunidades, urgen de alimentaci\u00f3n, alojamiento temporal, asistencia m\u00e9dica, medidas de seguridad y protecci\u00f3n para su integridad y su vida, protecci\u00f3n de sus bienes, acceso a la justicia, acceso a la educaci\u00f3n para los ni\u00f1os y adolescentes\u00a0 y la reintegraci\u00f3n familiar, necesidades que deben ser satisfechas por el Estado, concluy\u00f3.<\/p>\t\t\t\t\t\t\t\t<\/div>\n\t\t\t\t<\/div>\n\t\t\t\t\t<\/div>\n\t\t\t\t<\/div>\n\t\t<div class=\"elementor-element elementor-element-f1a3c96 e-flex e-con-boxed e-con e-parent\" data-id=\"f1a3c96\" data-element_type=\"container\" data-e-type=\"container\">\n\t\t\t\t\t<div class=\"e-con-inner\">\n\t\t\t\t<div class=\"elementor-element elementor-element-a50c25e elementor-widget elementor-widget-image\" data-id=\"a50c25e\" data-element_type=\"widget\" data-e-type=\"widget\" data-widget_type=\"image.default\">\n\t\t\t\t<div class=\"elementor-widget-container\">\n\t\t\t\t\t\t\t\t\t\t\t\t\t\t\t<img fetchpriority=\"high\" decoding=\"async\" width=\"750\" height=\"515\" src=\"https:\/\/conadeh.hn\/wp-content\/uploads\/2024\/03\/migra.jpg\" class=\"attachment-large size-large wp-image-2474\" alt=\"\" srcset=\"https:\/\/conadeh.hn\/wp-content\/uploads\/2024\/03\/migra.jpg 1440w, https:\/\/conadeh.hn\/wp-content\/uploads\/2024\/03\/migra-300x206.jpg 300w, https:\/\/conadeh.hn\/wp-content\/uploads\/2024\/03\/migra-768x527.jpg 768w\" sizes=\"(max-width: 750px) 100vw, 750px\" \/>\t\t\t\t\t\t\t\t\t\t\t\t\t\t\t<\/div>\n\t\t\t\t<\/div>\n\t\t\t\t\t<\/div>\n\t\t\t\t<\/div>\n\t\t\t\t<\/div>\n\t\t","protected":false},"excerpt":{"rendered":"","protected":false},"author":2,"featured_media":2474,"comment_status":"closed","ping_status":"closed","sticky":false,"template":"","format":"standard","meta":{"saved_in_kubio":false,"_themeisle_gutenberg_block_has_review":false,"_kadence_starter_templates_imported_post":false,"footnotes":""},"categories":[1],"tags":[],"class_list":["post-2473","post","type-post","status-publish","format-standard","has-post-thumbnail","hentry","category-uncategorized"],"_links":{"self":[{"href":"https:\/\/conadeh.hn\/index.php?rest_route=\/wp\/v2\/posts\/2473","targetHints":{"allow":["GET"]}}],"collection":[{"href":"https:\/\/conadeh.hn\/index.php?rest_route=\/wp\/v2\/posts"}],"about":[{"href":"https:\/\/conadeh.hn\/index.php?rest_route=\/wp\/v2\/types\/post"}],"author":[{"embeddable":true,"href":"https:\/\/conadeh.hn\/index.php?rest_route=\/wp\/v2\/users\/2"}],"replies":[{"embeddable":true,"href":"https:\/\/conadeh.hn\/index.php?rest_route=%2Fwp%2Fv2%2Fcomments&post=2473"}],"version-history":[{"count":4,"href":"https:\/\/conadeh.hn\/index.php?rest_route=\/wp\/v2\/posts\/2473\/revisions"}],"predecessor-version":[{"id":2478,"href":"https:\/\/conadeh.hn\/index.php?rest_route=\/wp\/v2\/posts\/2473\/revisions\/2478"}],"wp:featuredmedia":[{"embeddable":true,"href":"https:\/\/conadeh.hn\/index.php?rest_route=\/wp\/v2\/media\/2474"}],"wp:attachment":[{"href":"https:\/\/conadeh.hn\/index.php?rest_route=%2Fwp%2Fv2%2Fmedia&parent=2473"}],"wp:term":[{"taxonomy":"category","embeddable":true,"href":"https:\/\/conadeh.hn\/index.php?rest_route=%2Fwp%2Fv2%2Fcategories&post=2473"},{"taxonomy":"post_tag","embeddable":true,"href":"https:\/\/conadeh.hn\/index.php?rest_route=%2Fwp%2Fv2%2Ftags&post=2473"}],"curies":[{"name":"wp","href":"https:\/\/api.w.org\/{rel}","templated":true}]}}