{"id":2461,"date":"2024-03-25T21:10:07","date_gmt":"2024-03-25T21:10:07","guid":{"rendered":"https:\/\/conadeh.hn\/?p=2461"},"modified":"2024-03-25T21:10:56","modified_gmt":"2024-03-25T21:10:56","slug":"aumenta-el-desplazamiento-forzado-de-personas","status":"publish","type":"post","link":"https:\/\/conadeh.hn\/?p=2461","title":{"rendered":"Aumenta el desplazamiento forzado de personas: 1,699 quejas de personas en riesgo y v\u00edctimas de desplazamiento forzado atendi\u00f3 CONADEH"},"content":{"rendered":"\t\t<div data-elementor-type=\"wp-post\" data-elementor-id=\"2461\" class=\"elementor elementor-2461\">\n\t\t\t\t<div class=\"elementor-element elementor-element-0dd2179 e-flex e-con-boxed e-con e-parent\" data-id=\"0dd2179\" data-element_type=\"container\" data-e-type=\"container\">\n\t\t\t\t\t<div class=\"e-con-inner\">\n\t\t\t\t<div class=\"elementor-element elementor-element-e456b9b elementor-widget elementor-widget-text-editor\" data-id=\"e456b9b\" data-element_type=\"widget\" data-e-type=\"widget\" data-widget_type=\"text-editor.default\">\n\t\t\t\t<div class=\"elementor-widget-container\">\n\t\t\t\t\t\t\t\t\t<p><strong>Lunes 19 de febrero de 2024<\/strong><\/p><p>\u00a0<\/p><p><strong><u>Aumenta el desplazamiento forzado de personas:<\/u><\/strong><\/p><p><strong>1,699 quejas de personas en riesgo y v\u00edctimas de desplazamiento forzado atendi\u00f3 CONADEH en 2023<\/strong><\/p><ul><li><strong>Entre los grupos poblacionales m\u00e1s afectados por el desplazamiento forzado, seg\u00fan su profesi\u00f3n u oficio, figuran los comerciantes con 266 quejas y las amas de casa con 250.<\/strong><\/li><\/ul><p>La violencia delincuencial que enfrenta este pa\u00eds centroamericano provoc\u00f3 que, en el a\u00f1o 2023, cerca de 1,700 personas denunciaran, ante el Comisionado Nacional de los Derechos Humanos (CONADEH), estar en riesgo y ser v\u00edctimas de desplazamiento forzado, un fen\u00f3meno que se incrementa cada a\u00f1o por\u00a0 causas asociadas a la extorsi\u00f3n, las amenazas y la muerte violenta de personas.<\/p><p>En el 2022, el n\u00famero de quejas presentadas, ante el CONADEH, por personas en riesgo o v\u00edctimas de desplazamiento forzado sumaron\u00a0 1,417, cantidad que ascendi\u00f3 a 1,699, en el 2023, es decir una diferencia superior a los 280 casos.<\/p><p>El CONADEH a trav\u00e9s de su Unidad Especializada de Desplazamiento Forzado Interno (UDFI) realiza, desde el 2016, una labor preventiva de identificaci\u00f3n de casos en riesgo de desplazamiento.<\/p><p>De los casi 1,700 casos de desplazamiento forzado, atendidos por el CONADEH, en el 2023, el 62% de las personas, v\u00edctimas de esta modalidad violatoria de los derechos humanos, revelaron estar en riesgo pero que, a\u00fan no hab\u00edan abandonado sus hogares, aunque su integridad y su vida est\u00e1 en peligro, mientras que el 38% admiti\u00f3 que son personas v\u00edctimas de desplazamiento forzado.<\/p><p><strong>Francisco Moraz\u00e1n y Cort\u00e9s los m\u00e1s afectados<\/strong><\/p><p>Al igual que en los a\u00f1os anteriores, las<strong> quejas relacionadas con el desplazamiento forzado interno de personas por violencia \u00a0se concentraron mayoritariamente en los departamentos de Francisco Moraz\u00e1n y Cort\u00e9s. <\/strong><\/p><p>El departamento de Francisco Moraz\u00e1n pas\u00f3 de registrar 617 quejas en el 2022 a 841 al cierre de 2023, seguido por el departamento de Cort\u00e9s que de 315 quejas en el 2022 pas\u00f3 a 364 un a\u00f1o despu\u00e9s.<\/p><p><strong>La titular del CONADEH, Blanca Izaguirre indic\u00f3 que, se han evidenciado cambios en la din\u00e1mica del desplazamiento forzado \u00a0como ocurri\u00f3 con el departamento de Lempira, que entre los a\u00f1os 2021 y el 2022 no se atendi\u00f3 ninguna queja pero que, sin embargo, ya en el 2023, se conocieron los primeros 7 casos.<\/strong><\/p><p>El CONADEH tambi\u00e9n identific\u00f3 a los \u00a0grupos poblacionales m\u00e1s afectados por el desplazamiento forzado, seg\u00fan su profesi\u00f3n u oficio, report\u00e1ndose un total de 266 quejas interpuestas por comerciantes y 250 por amas de casa.<\/p><p>Entre Los principales hechos violentos que generaron desplazamiento forzado o riesgo de desplazamiento, en el 2023, figuran las amenazas, la extorsi\u00f3n, los asesinatos de miembros de la familia y la \u00a0tentativa de homicidio.<\/p><p>Entre los principales perpetradores de los hechos que generaron desplazamiento fueron las maras y pandillas, personas conocidas por las v\u00edctimas, as\u00ed como personas desconocidas.<\/p><p><strong>Desplazados por violencia urgen de asistencia humanitaria<\/strong><\/p><p>La Defensora del Pueblo declar\u00f3 que las personas en situaciones de desplazamiento forzado y posterior a ello,\u00a0 contin\u00faan enfrentando una serie de desaf\u00edos que requieren de distintas formas de apoyo.<\/p><p>Entre estas mencion\u00f3 que urgen de asistencia humanitaria como alimentaci\u00f3n, el traslado de un lugar del pa\u00eds a otro y el alojamiento temporal.<\/p><p>A eso se suma la asistencia m\u00e9dica, medidas de seguridad y Protecci\u00f3n, acceso a sus documentos de identificaci\u00f3n personal de manera inmediata y gratuita, protecci\u00f3n a sus bienes, acceso a la justicia, acceso a la educaci\u00f3n para los ni\u00f1os y adolescentes desplazados y la reintegraci\u00f3n familiar.<\/p><p>Necesidades que deber\u00e1n ser satisfechas por el Estado hasta el efectivo establecimiento de soluciones duraderas para cada caso en concreto, es decir, que las personas desplazadas forzadamente, ya no necesitan de la asistencia o protecci\u00f3n por motivo de su situaci\u00f3n y que pueden disfrutar plenamente de sus derechos.<\/p><p>Tambi\u00e9n hizo referencia que la nueva Ley para la Prevenci\u00f3n, Atenci\u00f3n y Protecci\u00f3n de las Personas Desplazadas Internamente, vigente desde abril del 2023, establece medidas preventivas como el dise\u00f1o de programas, planes y proyectos de prevenci\u00f3n, la implementaci\u00f3n de un sistema de alertas tempranas y la obligaci\u00f3n de dise\u00f1ar una Pol\u00edtica Nacional de Prevenci\u00f3n del Desplazamiento Forzado.<\/p>\t\t\t\t\t\t\t\t<\/div>\n\t\t\t\t<\/div>\n\t\t\t\t\t<\/div>\n\t\t\t\t<\/div>\n\t\t<div class=\"elementor-element elementor-element-410da51 e-flex e-con-boxed e-con e-parent\" data-id=\"410da51\" data-element_type=\"container\" data-e-type=\"container\">\n\t\t\t\t\t<div class=\"e-con-inner\">\n\t\t\t\t<div class=\"elementor-element elementor-element-d1659bf elementor-widget elementor-widget-image\" data-id=\"d1659bf\" data-element_type=\"widget\" data-e-type=\"widget\" data-widget_type=\"image.default\">\n\t\t\t\t<div class=\"elementor-widget-container\">\n\t\t\t\t\t\t\t\t\t\t\t\t\t\t\t<img fetchpriority=\"high\" decoding=\"async\" width=\"750\" height=\"527\" src=\"https:\/\/conadeh.hn\/wp-content\/uploads\/2024\/03\/mifrantes.png\" class=\"attachment-large size-large wp-image-2462\" alt=\"\" srcset=\"https:\/\/conadeh.hn\/wp-content\/uploads\/2024\/03\/mifrantes.png 813w, https:\/\/conadeh.hn\/wp-content\/uploads\/2024\/03\/mifrantes-300x211.png 300w, https:\/\/conadeh.hn\/wp-content\/uploads\/2024\/03\/mifrantes-768x539.png 768w\" sizes=\"(max-width: 750px) 100vw, 750px\" \/>\t\t\t\t\t\t\t\t\t\t\t\t\t\t\t<\/div>\n\t\t\t\t<\/div>\n\t\t\t\t\t<\/div>\n\t\t\t\t<\/div>\n\t\t\t\t<\/div>\n\t\t","protected":false},"excerpt":{"rendered":"","protected":false},"author":2,"featured_media":2462,"comment_status":"closed","ping_status":"closed","sticky":false,"template":"","format":"standard","meta":{"saved_in_kubio":false,"_themeisle_gutenberg_block_has_review":false,"_kadence_starter_templates_imported_post":false,"footnotes":""},"categories":[1],"tags":[],"class_list":["post-2461","post","type-post","status-publish","format-standard","has-post-thumbnail","hentry","category-uncategorized"],"_links":{"self":[{"href":"https:\/\/conadeh.hn\/index.php?rest_route=\/wp\/v2\/posts\/2461","targetHints":{"allow":["GET"]}}],"collection":[{"href":"https:\/\/conadeh.hn\/index.php?rest_route=\/wp\/v2\/posts"}],"about":[{"href":"https:\/\/conadeh.hn\/index.php?rest_route=\/wp\/v2\/types\/post"}],"author":[{"embeddable":true,"href":"https:\/\/conadeh.hn\/index.php?rest_route=\/wp\/v2\/users\/2"}],"replies":[{"embeddable":true,"href":"https:\/\/conadeh.hn\/index.php?rest_route=%2Fwp%2Fv2%2Fcomments&post=2461"}],"version-history":[{"count":4,"href":"https:\/\/conadeh.hn\/index.php?rest_route=\/wp\/v2\/posts\/2461\/revisions"}],"predecessor-version":[{"id":2466,"href":"https:\/\/conadeh.hn\/index.php?rest_route=\/wp\/v2\/posts\/2461\/revisions\/2466"}],"wp:featuredmedia":[{"embeddable":true,"href":"https:\/\/conadeh.hn\/index.php?rest_route=\/wp\/v2\/media\/2462"}],"wp:attachment":[{"href":"https:\/\/conadeh.hn\/index.php?rest_route=%2Fwp%2Fv2%2Fmedia&parent=2461"}],"wp:term":[{"taxonomy":"category","embeddable":true,"href":"https:\/\/conadeh.hn\/index.php?rest_route=%2Fwp%2Fv2%2Fcategories&post=2461"},{"taxonomy":"post_tag","embeddable":true,"href":"https:\/\/conadeh.hn\/index.php?rest_route=%2Fwp%2Fv2%2Ftags&post=2461"}],"curies":[{"name":"wp","href":"https:\/\/api.w.org\/{rel}","templated":true}]}}