{"id":2449,"date":"2024-03-25T20:54:56","date_gmt":"2024-03-25T20:54:56","guid":{"rendered":"https:\/\/conadeh.hn\/?p=2449"},"modified":"2024-03-25T20:57:55","modified_gmt":"2024-03-25T20:57:55","slug":"oei-conadeh","status":"publish","type":"post","link":"https:\/\/conadeh.hn\/?p=2449","title":{"rendered":"OEI\/ CONADEH: Convocan a Premio Iberoamericano de Educaci\u00f3n en DD. HH \u201c\u00d3scar A. Romero\u201d"},"content":{"rendered":"\t\t<div data-elementor-type=\"wp-post\" data-elementor-id=\"2449\" class=\"elementor elementor-2449\">\n\t\t\t\t<div class=\"elementor-element elementor-element-ea75392 e-flex e-con-boxed e-con e-parent\" data-id=\"ea75392\" data-element_type=\"container\" data-e-type=\"container\">\n\t\t\t\t\t<div class=\"e-con-inner\">\n\t\t\t\t<div class=\"elementor-element elementor-element-c20adce elementor-widget elementor-widget-text-editor\" data-id=\"c20adce\" data-element_type=\"widget\" data-e-type=\"widget\" data-widget_type=\"text-editor.default\">\n\t\t\t\t<div class=\"elementor-widget-container\">\n\t\t\t\t\t\t\t\t\t<p><strong>Viernes 16 de febrero de 2024<\/strong><\/p><p>\u00a0<\/p><p><strong><u>OEI\/ CONADEH:<\/u><\/strong><\/p><p><strong>Convocan a Premio Iberoamericano de Educaci\u00f3n en DD. HH \u201c\u00d3scar A. Romero\u201d<\/strong><\/p><ul><li><strong>Los ganadores de la fase nacional <\/strong><strong>tendr\u00e1n la oportunidad de competir por un premio de hasta 8 mil d\u00f3lares en la fase iberoamericana, destinado para reinvertir en el proyecto y participar\u00e1n en una ceremonia que se llevar\u00e1 a cabo en septiembre en R\u00edo de Janeiro. <\/strong><\/li><\/ul><p>La Organizaci\u00f3n de Estados Iberoamericanos para la Educaci\u00f3n, la Ciencia y la Cultura (OEI), en colaboraci\u00f3n con el Comisionado Nacional de los Derechos Humanos (CONADEH), anunciaron la apertura de la convocatoria para el <a href=\"https:\/\/oei.int\/oficinas\/secretaria-general\/premio-derechos-humanos\/quinta-edicion\">V Premio Iberoamericano de Educaci\u00f3n en Derechos Humanos \u201c\u00d3scar Arnulfo Romero<\/a>\u201d.<\/p><p>El objetivo de este prestigioso galard\u00f3n es reconocer y destacar el trabajo realizado por instituciones, organizaciones y empresas que promueven y defienden los derechos humanos a trav\u00e9s de la educaci\u00f3n no formal.<\/p><p>Podr\u00e1n participar, en esta convocatoria, organizaciones sociales, empresas, fundaciones e instituciones educativas que desarrollen iniciativas de educaci\u00f3n no formal. El plazo para la presentaci\u00f3n de proyectos estar\u00e1 abierto hasta el 22 de abril del 2024. (<a href=\"https:\/\/forms.office.com\/pages\/responsepage.aspx?id=RCDnxlDvVUG4M1R-c13LgtjHaR_N3qlHu_AD4AuwITNUQkQyMVYxTzRBWDlLTEQ2VU5XQ1JUU1ZPWS4u\">este link de inscripci\u00f3n<\/a>).<\/p><p>\u00a0<\/p><p>En esta quinta edici\u00f3n, se dar\u00e1 especial atenci\u00f3n a proyectos que promuevan los derechos humanos en \u00e1reas como la convivencia democr\u00e1tica, el pluralismo, la igualdad racial, \u00e9tnica o de g\u00e9nero.\u00a0<\/p><p>Adem\u00e1s, el empoderamiento de mujeres y ni\u00f1as, la defensa de los derechos de la poblaci\u00f3n migrante, la sostenibilidad ambiental o la promoci\u00f3n de los derechos humanos en el contexto de la transformaci\u00f3n digital y las redes sociales.<\/p><p>El premio constar\u00e1 de dos fases, una nacional, en la que se reconocer\u00e1n las mejores iniciativas de cada pa\u00eds, y otra iberoamericana, en la que se premiar\u00e1n los tres mejores proyectos con montos <strong>de 8.000 d\u00f3lares para el primer lugar, 4.000 para el segundo y 2.000 para el tercero. <\/strong><\/p><p>La ceremonia de premiaci\u00f3n se llevar\u00e1 a cabo en la ciudad de R\u00edo de Janeiro, Brasil, como parte del V Encuentro Iberoamericano de Educaci\u00f3n en Derechos Humanos organizado por la OEI.<\/p><p>Asimismo, los ganadores recibir\u00e1n diplomas acreditativos y ser\u00e1n nombrados como embajadores de la Red Iberoamericana de Educaci\u00f3n en Derechos Humanos y para la Ciudadan\u00eda Democr\u00e1tica, impulsada por la OEI, lo que les permitir\u00e1 ser invitados por la organizaci\u00f3n a presentar sus iniciativas en otros eventos y programas a lo largo del a\u00f1o.<\/p><p><strong>Un galard\u00f3n con alto impacto en la regi\u00f3n <\/strong><\/p><p>El premio Iberoamericano lleva el nombre de San \u00d3scar Romero, sacerdote de origen salvadore\u00f1o, canonizado en el 2018, por el Papa Francisco, debido a su destacada labor en la defensa de los derechos humanos de los m\u00e1s vulnerables.<\/p><p>El premio tambi\u00e9n ha sido una plataforma para proyectos que han dejado un impacto significativo en sus comunidades desde su creaci\u00f3n en el 2015.<\/p><p>Esta iniciativa emblem\u00e1tica de la OEI ha recibido m\u00e1s de 1.500 candidaturas de buenas pr\u00e1cticas en educaci\u00f3n en derechos humanos en toda Iberoam\u00e9rica.<\/p><p>En la tercera edici\u00f3n del premio, el Instituto Gubernamental H\u00e9ctor Pineda Ugarte, ubicado en la Colonia Hato de Enmedio en la Ciudad de Tegucigalpa, Francisco Moraz\u00e1n, fue reconocido a nivel nacional por su proyecto \u00abEducaci\u00f3n Inclusiva y Adecuaciones Curriculares en \u00c1rea Art\u00edstica\u00bb, que implementa una metodolog\u00eda hol\u00edstica para reducir la discriminaci\u00f3n hacia estudiantes con necesidades educativas especiales.<\/p><p>En la cuarta edici\u00f3n, el Instituto Gubernamental Polivalente Roberto Micheletti Ba\u00edn, situado en la Aldea Agua Blanca Sur en la Ciudad de El Progreso, Yoro, recibi\u00f3 el premio a nivel nacional y una menci\u00f3n honor\u00edfica a nivel iberoamericano por su proyecto \u00abTodos somos migrantes, todos somos humanos\u00bb, que busca concienciar sobre los riesgos de la migraci\u00f3n irregular y promover soluciones para mitigar este fen\u00f3meno en Honduras.<\/p><p>La Organizaci\u00f3n de Estados Iberoamericanos para la Educaci\u00f3n, la Ciencia y la Cultura (<a href=\"https:\/\/oei.int\/\">OEI<\/a>) es, desde 1949, el primer organismo intergubernamental de cooperaci\u00f3n Sur-Sur del espacio iberoamericano.<\/p><p>\u00a0<\/p><p>En la actualidad, forman parte del organismo 23 Estados miembros y cuenta con 19 oficinas nacionales, adem\u00e1s de su Secretar\u00eda General en Madrid.<\/p><p>Con m\u00e1s de 300 proyectos en curso y 600 convenios activos de cooperaci\u00f3n, junto a entidades p\u00fablicas, banca multilateral, universidades, organizaciones de la sociedad civil, empresas y otros organismos internacionales, la OEI representa una de las mayores redes de cooperaci\u00f3n de Iberoam\u00e9rica.<\/p><p>Entre sus resultados, la organizaci\u00f3n ha contribuido a la dr\u00e1stica reducci\u00f3n del analfabetismo en Iberoam\u00e9rica, con m\u00e1s de 21 millones de personas beneficiarias de su acci\u00f3n cooperadora.<\/p>\t\t\t\t\t\t\t\t<\/div>\n\t\t\t\t<\/div>\n\t\t\t\t\t<\/div>\n\t\t\t\t<\/div>\n\t\t<div class=\"elementor-element elementor-element-b5aa404 e-flex e-con-boxed e-con e-parent\" data-id=\"b5aa404\" data-element_type=\"container\" data-e-type=\"container\">\n\t\t\t\t\t<div class=\"e-con-inner\">\n\t\t\t\t<div class=\"elementor-element elementor-element-11651b8 elementor-widget elementor-widget-image\" data-id=\"11651b8\" data-element_type=\"widget\" data-e-type=\"widget\" data-widget_type=\"image.default\">\n\t\t\t\t<div class=\"elementor-widget-container\">\n\t\t\t\t\t\t\t\t\t\t\t\t\t\t\t<img fetchpriority=\"high\" decoding=\"async\" width=\"610\" height=\"370\" src=\"https:\/\/conadeh.hn\/wp-content\/uploads\/2024\/03\/arnulfo-romero.jpg\" class=\"attachment-large size-large wp-image-2450\" alt=\"\" srcset=\"https:\/\/conadeh.hn\/wp-content\/uploads\/2024\/03\/arnulfo-romero.jpg 610w, https:\/\/conadeh.hn\/wp-content\/uploads\/2024\/03\/arnulfo-romero-300x182.jpg 300w\" sizes=\"(max-width: 610px) 100vw, 610px\" \/>\t\t\t\t\t\t\t\t\t\t\t\t\t\t\t<\/div>\n\t\t\t\t<\/div>\n\t\t\t\t\t<\/div>\n\t\t\t\t<\/div>\n\t\t\t\t<\/div>\n\t\t","protected":false},"excerpt":{"rendered":"","protected":false},"author":2,"featured_media":2450,"comment_status":"closed","ping_status":"closed","sticky":false,"template":"","format":"standard","meta":{"saved_in_kubio":false,"_themeisle_gutenberg_block_has_review":false,"_kadence_starter_templates_imported_post":false,"footnotes":""},"categories":[1],"tags":[],"class_list":["post-2449","post","type-post","status-publish","format-standard","has-post-thumbnail","hentry","category-uncategorized"],"_links":{"self":[{"href":"https:\/\/conadeh.hn\/index.php?rest_route=\/wp\/v2\/posts\/2449","targetHints":{"allow":["GET"]}}],"collection":[{"href":"https:\/\/conadeh.hn\/index.php?rest_route=\/wp\/v2\/posts"}],"about":[{"href":"https:\/\/conadeh.hn\/index.php?rest_route=\/wp\/v2\/types\/post"}],"author":[{"embeddable":true,"href":"https:\/\/conadeh.hn\/index.php?rest_route=\/wp\/v2\/users\/2"}],"replies":[{"embeddable":true,"href":"https:\/\/conadeh.hn\/index.php?rest_route=%2Fwp%2Fv2%2Fcomments&post=2449"}],"version-history":[{"count":4,"href":"https:\/\/conadeh.hn\/index.php?rest_route=\/wp\/v2\/posts\/2449\/revisions"}],"predecessor-version":[{"id":2454,"href":"https:\/\/conadeh.hn\/index.php?rest_route=\/wp\/v2\/posts\/2449\/revisions\/2454"}],"wp:featuredmedia":[{"embeddable":true,"href":"https:\/\/conadeh.hn\/index.php?rest_route=\/wp\/v2\/media\/2450"}],"wp:attachment":[{"href":"https:\/\/conadeh.hn\/index.php?rest_route=%2Fwp%2Fv2%2Fmedia&parent=2449"}],"wp:term":[{"taxonomy":"category","embeddable":true,"href":"https:\/\/conadeh.hn\/index.php?rest_route=%2Fwp%2Fv2%2Fcategories&post=2449"},{"taxonomy":"post_tag","embeddable":true,"href":"https:\/\/conadeh.hn\/index.php?rest_route=%2Fwp%2Fv2%2Ftags&post=2449"}],"curies":[{"name":"wp","href":"https:\/\/api.w.org\/{rel}","templated":true}]}}