{"id":2443,"date":"2024-03-25T20:27:03","date_gmt":"2024-03-25T20:27:03","guid":{"rendered":"https:\/\/conadeh.hn\/?p=2443"},"modified":"2024-03-25T20:35:25","modified_gmt":"2024-03-25T20:35:25","slug":"segun-el-conadeh","status":"publish","type":"post","link":"https:\/\/conadeh.hn\/?p=2443","title":{"rendered":"Seg\u00fan el CONADEH: Impunes el 95% de los cr\u00edmenes cometidos contra personas que laboraban en medios radiales"},"content":{"rendered":"\t\t<div data-elementor-type=\"wp-post\" data-elementor-id=\"2443\" class=\"elementor elementor-2443\">\n\t\t\t\t<div class=\"elementor-element elementor-element-5d89318 e-flex e-con-boxed e-con e-parent\" data-id=\"5d89318\" data-element_type=\"container\" data-e-type=\"container\">\n\t\t\t\t\t<div class=\"e-con-inner\">\n\t\t\t\t<div class=\"elementor-element elementor-element-6471955 elementor-widget elementor-widget-text-editor\" data-id=\"6471955\" data-element_type=\"widget\" data-e-type=\"widget\" data-widget_type=\"text-editor.default\">\n\t\t\t\t<div class=\"elementor-widget-container\">\n\t\t\t\t\t\t\t\t\t<p><strong>Martes 13 de febrero de 2024<\/strong><\/p><p>\u00a0<\/p><p><strong><u>Seg\u00fan el CONADEH:<\/u><\/strong><\/p><p><strong>Impunes el 95% de los cr\u00edmenes cometidos contra personas que laboraban en medios radiales<\/strong><\/p><ul><li><strong>Datos del CONADEH revelan que el 92% de las personas que laboraban en medios de comunicaci\u00f3n radial fueron v\u00edctimas de las armas de fuego.<\/strong><\/li><\/ul><p>Alrededor de 37 personas que laboraban en medios radiales del pa\u00eds perdieron la vida violentamente, en Honduras, desde que se registr\u00f3 el primer caso en el 2005 y, cuyos cr\u00edmenes, en un 95% de los casos se mantienen impunes seg\u00fan datos revelados por el Comisionado Nacional de los Derechos Humanos (CONADEH).<\/p><p>Entre las v\u00edctimas figuran directores de noticias, cronistas deportivos, publicistas, reporteros, locutores, humoristas,\u00a0 operadores, corresponsales y propietarios.<\/p><p>Alrededor del 37% de las 99 personas que laboraban en medios de comunicaci\u00f3n y que perdieron la vida violentamente en el pa\u00eds, prestaban sus servicios profesionales en medios radiales.<\/p><p>13 departamentos del pa\u00eds fueron escenario\u00a0 de la muerte violenta de personas que laboraban en \u00a0radio. Al menos ocho perdieron la vida violentamente en Cort\u00e9s, seis en Olancho, cinco en Francisco Moraz\u00e1n, cuatro en Lempira, tres en Atl\u00e1ntida, tres en Col\u00f3n, tres en Yoro, uno en Santa Barbara, uno en Choluteca, uno en El Para\u00edso, uno en Intibuca, uno en Cop\u00e1n y uno en Valle.<\/p><p>Entre las v\u00edctimas figuran Carlos Salgado tambi\u00e9n conocido como \u201cFrijol el Terrible\u201d de Radio Cadena Voces, Gabriel Fino Noriega (corresponsal de Radio Am\u00e9rica), David Meza (corresponsal de Radio Am\u00e9rica), Rafael Mungu\u00eda (Radio Cadena Voces),\u00a0 Israel D\u00edaz Zelaya (radio Internacional),\u00a0 Henry Suazo (corresponsal de HRN) y \u00c1ngel Alfredo Villatoro director de noticias de HRN.<\/p><p>En el marco del D\u00eda Internacional de la Radio, una de las preocupaciones del ente estatal de derechos humanos es el nivel de impunidad que abarca el 95% de los casos de personas que perdieron la vida violentamente y que laboraban en radio.<\/p><p>Datos del CONADEH revelan que el 92% de las personas que laboraban en medios de comunicaci\u00f3n radial fueron v\u00edctimas de las armas de fuego.<\/p><p>Cerca\u00a0 de 90 medios de comunicaci\u00f3n en Honduras han sufrido la perdida de uno de m\u00e1s de sus empleados.<\/p><p>Desde el a\u00f1o 2001 a febrero del 2024 han muerto violentamente 99 personas que laboraban en medios de comunicaci\u00f3n en Honduras.<\/p><p><strong>ALGUNAS DE LAS PERSONAS QUE LABORABAN EN RADIO Y MURIERON VIOLENTAMENTE<\/strong><\/p><table width=\"644\"><tbody><tr><td colspan=\"3\" width=\"41\"><p>No<\/p><\/td><td width=\"65\"><p>FECHA<\/p><\/td><td width=\"132\"><p>NOMBRE<\/p><\/td><td width=\"217\"><p>MEDIO<\/p><\/td><td width=\"189\"><p>DEPARTAMENTO<\/p><\/td><\/tr><tr><td colspan=\"2\" width=\"40\"><p>1<\/p><\/td><td colspan=\"2\" width=\"65\"><p>18.10.2007<\/p><\/td><td width=\"132\"><p>Carlos Salgado<\/p><\/td><td width=\"217\"><p>Radio Cadena Voces<\/p><\/td><td width=\"189\"><p>Francisco Moraz\u00e1n<\/p><\/td><\/tr><tr><td colspan=\"2\" width=\"40\"><p><strong>2<\/strong><\/p><\/td><td colspan=\"2\" width=\"65\"><p>01.01.2008<\/p><\/td><td width=\"132\"><p>Fernando Gonz\u00e1lez<\/p><\/td><td width=\"217\"><p>Radio Mega FM. 92.7<\/p><\/td><td width=\"189\"><p>Santa B\u00e1rbara<\/p><\/td><\/tr><tr><td colspan=\"2\" width=\"40\"><p><strong>3<\/strong><\/p><\/td><td colspan=\"2\" width=\"65\"><p>01.04.2009<\/p><\/td><td width=\"132\"><p>Rafael Mungu\u00eda<\/p><\/td><td width=\"217\"><p>Radio Cadena Voces<\/p><\/td><td width=\"189\"><p>Cort\u00e9s<\/p><\/td><\/tr><tr><td colspan=\"2\" width=\"40\"><p><strong>4<\/strong><\/p><\/td><td colspan=\"2\" width=\"65\"><p>03.07.2009<\/p><\/td><td width=\"132\"><p>Gabriel Fino Noriega<\/p><\/td><td width=\"217\"><p>Corresponsal de Radio Am\u00e9rica<\/p><\/td><td width=\"189\"><p>Atl\u00e1ntida<\/p><\/td><\/tr><tr><td colspan=\"2\" width=\"40\"><p><strong>5<\/strong><\/p><\/td><td colspan=\"2\" width=\"65\"><p>11.03.2010<\/p><\/td><td width=\"132\"><p>David Meza<\/p><\/td><td width=\"217\"><p>Corresponsal de Radio Am\u00e9rica<\/p><\/td><td width=\"189\"><p>Atl\u00e1ntida<\/p><\/td><\/tr><tr><td colspan=\"2\" width=\"40\"><p><strong>6<\/strong><\/p><\/td><td colspan=\"2\" width=\"65\"><p>09.04.2010<\/p><\/td><td width=\"132\"><p>Luis Ch\u00e9vez Hern\u00e1ndez<\/p><\/td><td width=\"217\"><p>Locutor de W105<\/p><\/td><td width=\"189\"><p>Cort\u00e9s<\/p><\/td><\/tr><tr><td colspan=\"2\" width=\"40\"><p><strong>7<\/strong><\/p><\/td><td colspan=\"2\" width=\"65\"><p>24.08.2010<\/p><\/td><td width=\"132\"><p>Israel D\u00edaz Zelaya<\/p><\/td><td width=\"217\"><p>Radio Internacional<\/p><\/td><td width=\"189\"><p>Cort\u00e9s<\/p><\/td><\/tr><tr><td colspan=\"2\" width=\"40\"><p><strong>8<\/strong><\/p><\/td><td colspan=\"2\" width=\"65\"><p>28.12.2010<\/p><\/td><td width=\"132\"><p>Henry Orlando Suazo<\/p><\/td><td width=\"217\"><p>Corresponsal de HRN<\/p><\/td><td width=\"189\"><p>Atl\u00e1ntida<\/p><\/td><\/tr><tr><td colspan=\"2\" width=\"40\"><p><strong>9<\/strong><\/p><\/td><td colspan=\"2\" width=\"65\"><p>09.09.2011<\/p><\/td><td width=\"132\"><p>Medardo Flores<\/p><\/td><td width=\"217\"><p>Radio Uno<\/p><\/td><td width=\"189\"><p>Cort\u00e9s<\/p><\/td><\/tr><tr><td colspan=\"2\" width=\"40\"><p><strong>10<\/strong><\/p><\/td><td colspan=\"2\" width=\"65\"><p>11.03.2012<\/p><\/td><td width=\"132\"><p>Fausto Elio Valle<\/p><\/td><td width=\"217\"><p>Noticiero \u201cLa Voz de la Noticia\u201d, Radio Alegre<\/p><\/td><td width=\"189\"><p>Col\u00f3n<\/p><\/td><\/tr><tr><td colspan=\"2\" width=\"40\"><p><strong>11<\/strong><\/p><\/td><td colspan=\"2\" width=\"65\"><p><strong>15.05.2012<\/strong><\/p><\/td><td width=\"132\"><p><strong>\u00c1ngel Alfredo Villatoro<\/strong><\/p><\/td><td width=\"217\"><p><strong>Director de noticias HRN<\/strong><\/p><\/td><td width=\"189\"><p><strong>Francisco Moraz\u00e1n<\/strong><\/p><\/td><\/tr><tr><td colspan=\"2\" width=\"40\"><p><strong>12<\/strong><\/p><\/td><td colspan=\"2\" width=\"65\"><p>10.02.2013<\/p><\/td><td width=\"132\"><p>Jos\u00e9 Alfredo Osorto<\/p><\/td><td width=\"217\"><p>Locutor, Furia 101.5 FM<\/p><\/td><td width=\"189\"><p>Choluteca<\/p><\/td><\/tr><tr><td colspan=\"2\" width=\"40\"><p><strong>13<\/strong><\/p><\/td><td colspan=\"2\" width=\"65\"><p>11.04.2014<\/p><\/td><td width=\"132\"><p>Carlos Mej\u00eda Orellana<\/p><\/td><td width=\"217\"><p>Radio Progreso.<\/p><\/td><td width=\"189\"><p>Progreso, Yoro<\/p><\/td><\/tr><tr><td colspan=\"2\" width=\"40\"><p><strong>14<\/strong><\/p><\/td><td colspan=\"2\" width=\"65\"><p>28.05.2014<\/p><\/td><td width=\"132\"><p>Hern\u00e1n Cruz B\u00e1rnica<\/p><\/td><td width=\"217\"><p>Comunicador social, Radio Opoa,<\/p><\/td><td width=\"189\"><p>Santa Rosa de Cop\u00e1n<\/p><\/td><\/tr><tr><td colspan=\"2\" width=\"40\"><p><strong>15<\/strong><\/p><\/td><td colspan=\"2\" width=\"65\"><p>01.06.2014<\/p><\/td><td width=\"132\"><p>Oscar Antony Torres<\/p><\/td><td width=\"217\"><p>Locutor de Radio Patuca Stereo,<\/p><\/td><td width=\"189\"><p>Palestina, Patuca, Olancho<\/p><\/td><\/tr><tr><td colspan=\"2\" width=\"40\"><p><strong>16<\/strong><\/p><\/td><td colspan=\"2\" width=\"65\"><p>23.06.2014<\/p><\/td><td width=\"132\"><p>Luis Alonso F\u00fanez<\/p><\/td><td width=\"217\"><p>Locutor de la emisora S\u00faper 10<\/p><\/td><td width=\"189\"><p>Barrio La Hoya de Catacamas, Olancho<\/p><\/td><\/tr><tr><td colspan=\"2\" width=\"40\"><p><strong>17<\/strong><\/p><\/td><td colspan=\"2\" width=\"65\"><p>23.02.2015<\/p><\/td><td width=\"132\"><p>Erick Geovany Arriaga<\/p><\/td><td width=\"217\"><p>\u00a0Operador de Radio Globo<\/p><\/td><td width=\"189\"><p>Col. 21 de febrero de Comayaguela, Francisco Moraz\u00e1n<\/p><\/td><\/tr><tr><td colspan=\"2\" width=\"40\"><p><strong>18<\/strong><\/p><\/td><td colspan=\"2\" width=\"65\"><p>24.04.2015<\/p><\/td><td width=\"132\"><p>Artemio Deras Orellana,<\/p><\/td><td width=\"217\"><p>Locutor, dirig\u00eda un programa evangelizador en la radio 94.1, La Voz de los Profetas<\/p><\/td><td width=\"189\"><p>El Cerr\u00f3n, Valladolid, Lempira<\/p><\/td><\/tr><tr><td colspan=\"2\" width=\"40\"><p><strong>19<\/strong><\/p><\/td><td colspan=\"2\" width=\"65\"><p>13.05.2015<\/p><\/td><td width=\"132\"><p>Franklin Johan Dub\u00f3n<\/p><\/td><td width=\"217\"><p>Locutor, radio Sulaco<\/p><\/td><td width=\"189\"><p>A la orilla de un r\u00edo, Sulaco, Yoro<\/p><\/td><\/tr><tr><td colspan=\"2\" width=\"40\"><p><strong>20<\/strong><\/p><\/td><td colspan=\"2\" width=\"65\"><p>22.07.2015<\/p><\/td><td width=\"132\"><p>Adelmo Cortez (42)<\/p><\/td><td width=\"217\"><p>Locutor de Radio Congol\u00f3n y Galaxia<\/p><\/td><td width=\"189\"><p>Gracias, Lempira<\/p><\/td><\/tr><tr><td colspan=\"2\" width=\"40\"><p><strong>21<\/strong><\/p><\/td><td colspan=\"2\" width=\"65\"><p>06.02.2016<\/p><\/td><td width=\"132\"><p>Marlon David Mart\u00ednez<\/p><\/td><td width=\"217\"><p>Director y locutor de la radioemisora Top Music, del Grupo Invosa propietarios de RCV<\/p><\/td><td width=\"189\"><p>Barrio R\u00edo de Piedras, San Pedro Sula<\/p><\/td><\/tr><tr><td colspan=\"2\" width=\"40\"><p><strong>22<\/strong><\/p><\/td><td colspan=\"2\" width=\"65\"><p>05.07.2016<\/p><\/td><td width=\"132\"><p>Henry Roberto Reyes<\/p><\/td><td width=\"217\"><p>Locutor de la radio\u00a0 Est\u00e9reo Control 100.7 FM<\/p><\/td><td width=\"189\"><p>\u00a0Jes\u00fas de Otoro, Intibuca<\/p><\/td><\/tr><tr><td width=\"39\"><p><strong>23<\/strong><\/p><\/td><td colspan=\"3\" width=\"66\"><p>09.01.2022<\/p><\/td><td width=\"132\"><p>Pablo Isabel Hern\u00e1ndez<\/p><\/td><td width=\"217\"><p>Director de la Radio Comunitaria Ten\u00e1n<\/p><\/td><td width=\"189\"><p>en San Marcos de\u00a0 Caiqu\u00edn, Lempira<\/p><\/td><\/tr><tr><td width=\"39\">\u00a0<\/td><td width=\"1\">\u00a0<\/td><td width=\"1\">\u00a0<\/td><td width=\"65\">\u00a0<\/td><td width=\"132\">\u00a0<\/td><td width=\"217\">\u00a0<\/td><td width=\"189\">\u00a0<\/td><\/tr><\/tbody><\/table><p>\u00a0<\/p><p>\u00a0<\/p>\t\t\t\t\t\t\t\t<\/div>\n\t\t\t\t<\/div>\n\t\t\t\t\t<\/div>\n\t\t\t\t<\/div>\n\t\t<div class=\"elementor-element elementor-element-0af9107 e-flex e-con-boxed e-con e-parent\" data-id=\"0af9107\" data-element_type=\"container\" data-e-type=\"container\">\n\t\t\t\t\t<div class=\"e-con-inner\">\n\t\t\t\t<div class=\"elementor-element elementor-element-a51de48 elementor-widget elementor-widget-image\" data-id=\"a51de48\" data-element_type=\"widget\" data-e-type=\"widget\" data-widget_type=\"image.default\">\n\t\t\t\t<div class=\"elementor-widget-container\">\n\t\t\t\t\t\t\t\t\t\t\t\t\t\t\t<img fetchpriority=\"high\" decoding=\"async\" width=\"696\" height=\"421\" src=\"https:\/\/conadeh.hn\/wp-content\/uploads\/2024\/03\/libertar-de-expresion.jpg\" class=\"attachment-large size-large wp-image-2444\" alt=\"\" srcset=\"https:\/\/conadeh.hn\/wp-content\/uploads\/2024\/03\/libertar-de-expresion.jpg 696w, https:\/\/conadeh.hn\/wp-content\/uploads\/2024\/03\/libertar-de-expresion-300x181.jpg 300w\" sizes=\"(max-width: 696px) 100vw, 696px\" \/>\t\t\t\t\t\t\t\t\t\t\t\t\t\t\t<\/div>\n\t\t\t\t<\/div>\n\t\t\t\t\t<\/div>\n\t\t\t\t<\/div>\n\t\t\t\t<\/div>\n\t\t","protected":false},"excerpt":{"rendered":"<p>Martes 13 de febrero de 2024 Seg\u00fan el CONADEH: Impunes el 95% de los cr\u00edmenes cometidos contra personas que laboraban en medios radiales Datos del CONADEH revelan que el 92% de las personas que laboraban en medios de comunicaci\u00f3n radial fueron v\u00edctimas de las armas de fuego. Alrededor de 37 [&hellip;]<\/p>\n","protected":false},"author":2,"featured_media":2444,"comment_status":"closed","ping_status":"closed","sticky":false,"template":"","format":"standard","meta":{"saved_in_kubio":false,"_themeisle_gutenberg_block_has_review":false,"_kadence_starter_templates_imported_post":false,"footnotes":""},"categories":[1],"tags":[],"class_list":["post-2443","post","type-post","status-publish","format-standard","has-post-thumbnail","hentry","category-uncategorized"],"_links":{"self":[{"href":"https:\/\/conadeh.hn\/index.php?rest_route=\/wp\/v2\/posts\/2443","targetHints":{"allow":["GET"]}}],"collection":[{"href":"https:\/\/conadeh.hn\/index.php?rest_route=\/wp\/v2\/posts"}],"about":[{"href":"https:\/\/conadeh.hn\/index.php?rest_route=\/wp\/v2\/types\/post"}],"author":[{"embeddable":true,"href":"https:\/\/conadeh.hn\/index.php?rest_route=\/wp\/v2\/users\/2"}],"replies":[{"embeddable":true,"href":"https:\/\/conadeh.hn\/index.php?rest_route=%2Fwp%2Fv2%2Fcomments&post=2443"}],"version-history":[{"count":4,"href":"https:\/\/conadeh.hn\/index.php?rest_route=\/wp\/v2\/posts\/2443\/revisions"}],"predecessor-version":[{"id":2448,"href":"https:\/\/conadeh.hn\/index.php?rest_route=\/wp\/v2\/posts\/2443\/revisions\/2448"}],"wp:featuredmedia":[{"embeddable":true,"href":"https:\/\/conadeh.hn\/index.php?rest_route=\/wp\/v2\/media\/2444"}],"wp:attachment":[{"href":"https:\/\/conadeh.hn\/index.php?rest_route=%2Fwp%2Fv2%2Fmedia&parent=2443"}],"wp:term":[{"taxonomy":"category","embeddable":true,"href":"https:\/\/conadeh.hn\/index.php?rest_route=%2Fwp%2Fv2%2Fcategories&post=2443"},{"taxonomy":"post_tag","embeddable":true,"href":"https:\/\/conadeh.hn\/index.php?rest_route=%2Fwp%2Fv2%2Ftags&post=2443"}],"curies":[{"name":"wp","href":"https:\/\/api.w.org\/{rel}","templated":true}]}}