{"id":2425,"date":"2024-03-25T17:13:39","date_gmt":"2024-03-25T17:13:39","guid":{"rendered":"https:\/\/conadeh.hn\/?p=2425"},"modified":"2024-03-25T17:15:44","modified_gmt":"2024-03-25T17:15:44","slug":"recuerda-el-conadeh-3","status":"publish","type":"post","link":"https:\/\/conadeh.hn\/?p=2425","title":{"rendered":"Recuerda el CONADEH: Estado hondure\u00f1o es responsable al no adoptar mecanismos efectivos de protecci\u00f3n"},"content":{"rendered":"\t\t<div data-elementor-type=\"wp-post\" data-elementor-id=\"2425\" class=\"elementor elementor-2425\">\n\t\t\t\t<div class=\"elementor-element elementor-element-d45ed2f e-flex e-con-boxed e-con e-parent\" data-id=\"d45ed2f\" data-element_type=\"container\" data-e-type=\"container\">\n\t\t\t\t\t<div class=\"e-con-inner\">\n\t\t\t\t<div class=\"elementor-element elementor-element-fb9749e elementor-widget elementor-widget-text-editor\" data-id=\"fb9749e\" data-element_type=\"widget\" data-e-type=\"widget\" data-widget_type=\"text-editor.default\">\n\t\t\t\t<div class=\"elementor-widget-container\">\n\t\t\t\t\t\t\t\t\t<p><strong>Jueves 08 de febrero de 2024<\/strong><\/p><p>\u00a0<\/p><p><strong><u>Recuerda el CONADEH:<\/u><\/strong><\/p><p><strong>Estado hondure\u00f1o es responsable al no adoptar mecanismos efectivos de protecci\u00f3n<\/strong><\/p><ul><li><strong>Si no se garantiza el derecho a la vida y la integridad personal de los periodistas, defensores de derechos humanos y operadores de justicia, dif\u00edcilmente el Estado va a poder hacerle frente\u00a0 a esta situaci\u00f3n ya que la p\u00e9rdida de la vida es la violaci\u00f3n m\u00e1s grande de los derechos humanos.<\/strong><\/li><\/ul><p>El Comisionado Nacional de los Derechos Humanos (CONADEH) record\u00f3 hoy, al Estado hondure\u00f1o, su responsabilidad internacional\u00a0 por no adoptar los mecanismos de protecci\u00f3n adecuado para proteger la integridad y la vida de defensores de los derechos humanos, periodistas, comunicadores sociales y operadores de justicia.<\/p><p>Daniel C\u00e1ceres, director del Observatorio de Derechos Humanos del CONADEH, hizo referencia a los constantes recordatorios hechos al Estado hondure\u00f1o en el sentido que el Estado mismo\u00a0 ha sido responsable internacionalmente\u00a0 por casi una veintena casos en la Corte Interamericana de los Derechos Humanos.<\/p><p>Desde el a\u00f1o 2015, el Estado de Honduras cre\u00f3 el Sistema Nacional de Protecci\u00f3n cuya funci\u00f3n principal es realizar una coordinaci\u00f3n efectiva de protecci\u00f3n de derechos humanos entre las instituciones p\u00fablicas y la sociedad en general.<\/p><p>Ese Sistema Nacional de\u00a0 Protecci\u00f3n est\u00e1 integrado por la Secretar\u00eda de Derechos Humanos, el Consejo Nacional de Protecci\u00f3n, el Comit\u00e9 T\u00e9cnico del Mecanismo de Protecci\u00f3n,\u00a0 la Direcci\u00f3n General del Sistema de Protecci\u00f3n (DGSP) y el Departamento de Derechos Humanos de la Secretar\u00eda de Seguridad, para proteger a\u00a0 defensores de derechos humanos, periodistas, comunicadores sociales y operadores de justicia.<\/p><p>C\u00e1ceres indic\u00f3 que la preocupaci\u00f3n radica no solo por la huelga que lleva m\u00e1s de 20 d\u00edas en la Secretaria de Derechos Humanos, sino que la misma renuncia del Subsecretario de\u00a0 Protecci\u00f3n de la\u00a0 cual depende el Mecanismo Nacional de Protecci\u00f3n.<\/p><p>Cuando hay una situaci\u00f3n ac\u00e9fala, en esa Secretaria de Estado, puede incidir, de manera negativa, en la coordinaci\u00f3n y ejecuci\u00f3n de las solicitudes\u00a0 de medidas de protecci\u00f3n que interpongan los beneficiarios del mecanismo.<\/p><p>Mencion\u00f3 los m\u00faltiples desaf\u00edos que ha tenido el Mecanismo con algunas medidas de protecci\u00f3n en las que se han tenido reportes que no ha funcionado, en especial, con comunicadores sociales,\u00a0 defensores de derechos humanos de la tierra y del territorio.<\/p><p>Si no se garantiza el derecho a la vida\u00a0 y la integridad personal de los periodistas, defensores de derechos humanos y operadores de justicia, dif\u00edcilmente el Estado va a poder hacerle frente\u00a0 a esta situaci\u00f3n ya que la p\u00e9rdida de la vida es la violaci\u00f3n m\u00e1s grande de los derechos humanos.<\/p><p>\u201cHay una obligaci\u00f3n internacional y cuando el Estado no cumple sus obligaciones internacionales\u00a0 que ha adquirido y es internacionalmente condenado, env\u00eda un mensaje que los derechos humanos\u00a0 no son garantizados en el pa\u00eds\u201d.<\/p><p>Reiter\u00f3 que el Estado hondure\u00f1o ha sido condenado por no adoptar las medidas correctas de prevenci\u00f3n y protecci\u00f3n de derechos humanos.<\/p><p>El Estado tiene la obligaci\u00f3n de no <em>s\u00f3lo crear las condiciones legales y formales, sino tambi\u00e9n garantizar las condiciones f\u00e1cticas en las cuales los defensores de derechos humanos puedan desarrollar libremente su funci\u00f3n<\/em>.<\/p><p>Por lo tanto, el funcionamiento del Sistema Nacional de Protecci\u00f3n (SNP) es vital para la prevenci\u00f3n y adopci\u00f3n de medidas de protecci\u00f3n oportuna; esto a su vez, incluyen que el personal de la instituci\u00f3n sea suficiente, tenga las capacidades t\u00e9cnicas instaladas y que gocen de condiciones laborales satisfactorias que puedan permitir el correcto y normal funcionamiento institucional.<\/p><p>Desde el 16 de enero de 2024, empleados de la SEDH emitieron un pronunciamiento p\u00fablico en cual denunciaron vulneraciones de derechos humanos, malos tratos, discriminaci\u00f3n, abuso de poder y carga laboral excesiva debido a la falta de personal en esa Secretaria.<\/p><p>Desde el 2022 y lo que va del 2024, el CONADEH atendi\u00f3 alrededor de 68 quejas individuales y colectivas de personal de la SEDH contra la titular de esa Secretar\u00eda. En sus quejas alegaron ser objeto de hostigamiento laboral, confrontaciones directas, exclusi\u00f3n de procesos laborales y de reuniones de trabajo, descalificaciones, coacci\u00f3n en la firma de documentos, repercusiones en la integridad psicol\u00f3gica, carga laboral excesiva y, en general, condiciones insatisfactorias de trabajo.<\/p>\t\t\t\t\t\t\t\t<\/div>\n\t\t\t\t<\/div>\n\t\t\t\t\t<\/div>\n\t\t\t\t<\/div>\n\t\t<div class=\"elementor-element elementor-element-b3d9ba9 e-flex e-con-boxed e-con e-parent\" data-id=\"b3d9ba9\" data-element_type=\"container\" data-e-type=\"container\">\n\t\t\t\t\t<div class=\"e-con-inner\">\n\t\t\t\t<div class=\"elementor-element elementor-element-dac0ab0 elementor-widget elementor-widget-image\" data-id=\"dac0ab0\" data-element_type=\"widget\" data-e-type=\"widget\" data-widget_type=\"image.default\">\n\t\t\t\t<div class=\"elementor-widget-container\">\n\t\t\t\t\t\t\t\t\t\t\t\t\t\t\t<img fetchpriority=\"high\" decoding=\"async\" width=\"750\" height=\"500\" src=\"https:\/\/conadeh.hn\/wp-content\/uploads\/2024\/01\/comisionada-2560x1707.jpg\" class=\"attachment-large size-large wp-image-467\" alt=\"\" srcset=\"https:\/\/conadeh.hn\/wp-content\/uploads\/2024\/01\/comisionada-2560x1707.jpg 2560w, https:\/\/conadeh.hn\/wp-content\/uploads\/2024\/01\/comisionada-300x200.jpg 300w, https:\/\/conadeh.hn\/wp-content\/uploads\/2024\/01\/comisionada-768x512.jpg 768w, https:\/\/conadeh.hn\/wp-content\/uploads\/2024\/01\/comisionada-1536x1024.jpg 1536w, https:\/\/conadeh.hn\/wp-content\/uploads\/2024\/01\/comisionada-2048x1365.jpg 2048w\" sizes=\"(max-width: 750px) 100vw, 750px\" \/>\t\t\t\t\t\t\t\t\t\t\t\t\t\t\t<\/div>\n\t\t\t\t<\/div>\n\t\t\t\t\t<\/div>\n\t\t\t\t<\/div>\n\t\t\t\t<\/div>\n\t\t","protected":false},"excerpt":{"rendered":"","protected":false},"author":2,"featured_media":467,"comment_status":"closed","ping_status":"closed","sticky":false,"template":"","format":"standard","meta":{"saved_in_kubio":false,"_themeisle_gutenberg_block_has_review":false,"_kadence_starter_templates_imported_post":false,"footnotes":""},"categories":[1],"tags":[],"class_list":["post-2425","post","type-post","status-publish","format-standard","has-post-thumbnail","hentry","category-uncategorized"],"_links":{"self":[{"href":"https:\/\/conadeh.hn\/index.php?rest_route=\/wp\/v2\/posts\/2425","targetHints":{"allow":["GET"]}}],"collection":[{"href":"https:\/\/conadeh.hn\/index.php?rest_route=\/wp\/v2\/posts"}],"about":[{"href":"https:\/\/conadeh.hn\/index.php?rest_route=\/wp\/v2\/types\/post"}],"author":[{"embeddable":true,"href":"https:\/\/conadeh.hn\/index.php?rest_route=\/wp\/v2\/users\/2"}],"replies":[{"embeddable":true,"href":"https:\/\/conadeh.hn\/index.php?rest_route=%2Fwp%2Fv2%2Fcomments&post=2425"}],"version-history":[{"count":4,"href":"https:\/\/conadeh.hn\/index.php?rest_route=\/wp\/v2\/posts\/2425\/revisions"}],"predecessor-version":[{"id":2429,"href":"https:\/\/conadeh.hn\/index.php?rest_route=\/wp\/v2\/posts\/2425\/revisions\/2429"}],"wp:featuredmedia":[{"embeddable":true,"href":"https:\/\/conadeh.hn\/index.php?rest_route=\/wp\/v2\/media\/467"}],"wp:attachment":[{"href":"https:\/\/conadeh.hn\/index.php?rest_route=%2Fwp%2Fv2%2Fmedia&parent=2425"}],"wp:term":[{"taxonomy":"category","embeddable":true,"href":"https:\/\/conadeh.hn\/index.php?rest_route=%2Fwp%2Fv2%2Fcategories&post=2425"},{"taxonomy":"post_tag","embeddable":true,"href":"https:\/\/conadeh.hn\/index.php?rest_route=%2Fwp%2Fv2%2Ftags&post=2425"}],"curies":[{"name":"wp","href":"https:\/\/api.w.org\/{rel}","templated":true}]}}