{"id":2420,"date":"2024-03-25T16:56:10","date_gmt":"2024-03-25T16:56:10","guid":{"rendered":"https:\/\/conadeh.hn\/?p=2420"},"modified":"2024-03-25T17:09:22","modified_gmt":"2024-03-25T17:09:22","slug":"recomienda-el-conadeh","status":"publish","type":"post","link":"https:\/\/conadeh.hn\/?p=2420","title":{"rendered":"Recomienda el CONADEH: Di\u00e1logo debe abarcar el fortalecimiento del Sistema Nacional de Protecci\u00f3n"},"content":{"rendered":"\t\t<div data-elementor-type=\"wp-post\" data-elementor-id=\"2420\" class=\"elementor elementor-2420\">\n\t\t\t\t<div class=\"elementor-element elementor-element-0155132 e-flex e-con-boxed e-con e-parent\" data-id=\"0155132\" data-element_type=\"container\" data-e-type=\"container\">\n\t\t\t\t\t<div class=\"e-con-inner\">\n\t\t\t\t<div class=\"elementor-element elementor-element-984d62a elementor-widget elementor-widget-text-editor\" data-id=\"984d62a\" data-element_type=\"widget\" data-e-type=\"widget\" data-widget_type=\"text-editor.default\">\n\t\t\t\t<div class=\"elementor-widget-container\">\n\t\t\t\t\t\t\t\t\t<p><strong>febrero de 2024<\/strong><\/p><p>\u00a0<\/p><p><strong><u>Recomienda el CONADEH<\/u><\/strong><\/p><p><strong>Di\u00e1logo debe abarcar el fortalecimiento del Sistema Nacional de Protecci\u00f3n<\/strong><\/p><ul><li><strong>La efectividad de las medidas de protecci\u00f3n, ordenadas por el Comit\u00e9 T\u00e9cnico, no han logrado el objetivo ya que hay varios casos de personas beneficiarias que perdieron la vida violentamente.<\/strong><\/li><\/ul><p>El Comisionado Nacional de los Derechos Humanos (CONADEH) recomend\u00f3 hoy incorporar en el di\u00e1logo, para superar la problem\u00e1tica interna en la Secretar\u00eda de Derechos Humanos, el fortalecimiento del Sistema Nacional de Protecci\u00f3n para garantizar efectivamente los derechos humanos en el pa\u00eds.<\/p><p>Adem\u00e1s, que se tomen en cuenta los desaf\u00edos actuales, las necesidades reales internas y las valoraciones y apreciaciones de los funcionarios de ese ente gubernamental.<\/p><p>El ente estatal considera que, en este proceso de di\u00e1logo, ser\u00eda oportuna la participaci\u00f3n de las organizaciones de la sociedad civil, especialistas en materia de derechos humanos.<\/p><p>El CONADEH ofrece sus buenos oficios para que, a trav\u00e9s de los recursos t\u00e9cnicos necesarios, se respondan a las consultas o se realicen las interpretaciones o ampliaciones, que faciliten la implementaci\u00f3n y el cumplimiento de las\u00a0 recomendaciones emitidas a trav\u00e9s de una Alerta Temprana, dijo el Director del Observatorio Nacional de Derechos Humanos, Daniel C\u00e1ceres.<\/p><p><strong>\u00a0<\/strong><\/p><p><strong>Comit\u00e9 T\u00e9cnico no se re\u00fane desde el 14 de diciembre<\/strong><\/p><p>Advirti\u00f3\u00a0 que la situaci\u00f3n de desprotecci\u00f3n que podr\u00edan enfrentar los defensores de derechos humanos, periodistas, comunicadores sociales y operadores de justicia\u00a0 se multiplica y agrava debido a que la falta de atenci\u00f3n a los problemas laborales a lo interno de la SEDH.<\/p><p>Dicha desprotecci\u00f3n podr\u00eda causar potenciales violaciones de derechos humanos, que incluso podr\u00edan ser de car\u00e1cter irreparable, se\u00f1al\u00f3 el Director del Observatorio de Derechos Humanos del CONADEH.<\/p><p>Mencion\u00f3 como ejemplo que , el Comit\u00e9 T\u00e9cnico, que es la unidad encargada de realizar los dict\u00e1menes de an\u00e1lisis de riesgo y de la deliberaci\u00f3n y decisi\u00f3n sobre las solicitudes de protecci\u00f3n, celebr\u00f3 su \u00faltima sesi\u00f3n el 14 de diciembre de 2023, es decir, hace casi dos meses.<\/p><p>Esa situaci\u00f3n habr\u00eda generado un retraso en la realizaci\u00f3n de an\u00e1lisis de riesgos y la actualizaci\u00f3n de los ya emitidos, lo mismo que, en la emisi\u00f3n de dict\u00e1menes t\u00e9cnicos, en la ordenanza y modificaci\u00f3n de las medidas de protecci\u00f3n y en dictar nuevas medidas de protecci\u00f3n y prevenci\u00f3n urgentes.<\/p><p>\u00a0<\/p><p><strong>Varias personas beneficiarias de medidas han perdido la vida<\/strong><\/p><p>Se\u00f1al\u00f3 que, la efectividad de las medidas de protecci\u00f3n, ordenadas por el Comit\u00e9 T\u00e9cnico, no han logrado el objetivo por la cuales fueron constituidas ya que hay varios casos de personas beneficiarias, de dichas medidas, que perdieron la vida violentamente.<\/p><p>El 18 de enero de 2023, se report\u00f3 el asesinato de Omar Cruz Tom\u00e9, l\u00edder campesino y defensor de la tierra, presidente de la Cooperativa \u201cLos Laureles\u201d en Tocoa, Col\u00f3n.<\/p><p>\u00a0<\/p><p>El 29 de enero de 2023, fue asesinato Ricardo Montero, defensor gar\u00edfuna e integrante del \u201cComit\u00e9 de Defensa de la Tierra\u201d.<\/p><p>El 12 de febrero de 2023, se confirm\u00f3 el asesinato en perjuicio de Santos Hip\u00f3lito Rivas y su hijo Javier Rivas de la Empresa Campesina \u201cGregorio Ch\u00e1vez\u201d, entre otros.<\/p><p>Adem\u00e1s, el CONADEH tiene conocimiento sobre una beneficiaria que huy\u00f3 del pa\u00eds, con su n\u00facleo familiar, debido a la falta de implementaci\u00f3n adecuada y oportuna de las medidas de protecci\u00f3n.<\/p><p>Recientemente y en m\u00faltiples ocasiones, el CONADEH ha intentado realizar la entrega f\u00edsica de oficios tanto a la titular de la SEDH como a la Direcci\u00f3n General del Sistema de Protecci\u00f3n (DGSP) sobre el seguimiento e implementaci\u00f3n de las recomendaciones emitidas por esta instituci\u00f3n respecto de la ejecuci\u00f3n de valuaciones de registros y la adopci\u00f3n de medidas de protecci\u00f3n a favor de beneficiarios, sin embargo, estas no fueron recibidas.<\/p><p>El 25 de enero de 2024, el CONADEH remiti\u00f3 la comunicaci\u00f3n v\u00eda correo electr\u00f3nico a la DGSP y el 31 de enero de este mismo a\u00f1o, remiti\u00f3 la comunicaci\u00f3n respectiva v\u00eda correo electr\u00f3nico a la titular de la SEDH, sin embargo, esta INDH a\u00fan no ha recibido respuesta alguna sobre la confirmaci\u00f3n de la recepci\u00f3n de la documentaci\u00f3n enviada por parte de ambas entidades.<\/p>\t\t\t\t\t\t\t\t<\/div>\n\t\t\t\t<\/div>\n\t\t\t\t\t<\/div>\n\t\t\t\t<\/div>\n\t\t<div class=\"elementor-element elementor-element-4632862 e-flex e-con-boxed e-con e-parent\" data-id=\"4632862\" data-element_type=\"container\" data-e-type=\"container\">\n\t\t\t\t\t<div class=\"e-con-inner\">\n\t\t\t\t<div class=\"elementor-element elementor-element-c3b3173 elementor-widget elementor-widget-image\" data-id=\"c3b3173\" data-element_type=\"widget\" data-e-type=\"widget\" data-widget_type=\"image.default\">\n\t\t\t\t<div class=\"elementor-widget-container\">\n\t\t\t\t\t\t\t\t\t\t\t\t\t\t\t<img fetchpriority=\"high\" decoding=\"async\" width=\"750\" height=\"597\" src=\"https:\/\/conadeh.hn\/wp-content\/uploads\/2024\/01\/logo-CONADEH-1.jpg\" class=\"attachment-large size-large wp-image-400\" alt=\"\" srcset=\"https:\/\/conadeh.hn\/wp-content\/uploads\/2024\/01\/logo-CONADEH-1.jpg 1292w, https:\/\/conadeh.hn\/wp-content\/uploads\/2024\/01\/logo-CONADEH-1-300x239.jpg 300w, https:\/\/conadeh.hn\/wp-content\/uploads\/2024\/01\/logo-CONADEH-1-768x612.jpg 768w\" sizes=\"(max-width: 750px) 100vw, 750px\" \/>\t\t\t\t\t\t\t\t\t\t\t\t\t\t\t<\/div>\n\t\t\t\t<\/div>\n\t\t\t\t\t<\/div>\n\t\t\t\t<\/div>\n\t\t\t\t<\/div>\n\t\t","protected":false},"excerpt":{"rendered":"","protected":false},"author":2,"featured_media":400,"comment_status":"closed","ping_status":"closed","sticky":false,"template":"","format":"standard","meta":{"saved_in_kubio":false,"_themeisle_gutenberg_block_has_review":false,"_kadence_starter_templates_imported_post":false,"footnotes":""},"categories":[1],"tags":[],"class_list":["post-2420","post","type-post","status-publish","format-standard","has-post-thumbnail","hentry","category-uncategorized"],"_links":{"self":[{"href":"https:\/\/conadeh.hn\/index.php?rest_route=\/wp\/v2\/posts\/2420","targetHints":{"allow":["GET"]}}],"collection":[{"href":"https:\/\/conadeh.hn\/index.php?rest_route=\/wp\/v2\/posts"}],"about":[{"href":"https:\/\/conadeh.hn\/index.php?rest_route=\/wp\/v2\/types\/post"}],"author":[{"embeddable":true,"href":"https:\/\/conadeh.hn\/index.php?rest_route=\/wp\/v2\/users\/2"}],"replies":[{"embeddable":true,"href":"https:\/\/conadeh.hn\/index.php?rest_route=%2Fwp%2Fv2%2Fcomments&post=2420"}],"version-history":[{"count":4,"href":"https:\/\/conadeh.hn\/index.php?rest_route=\/wp\/v2\/posts\/2420\/revisions"}],"predecessor-version":[{"id":2424,"href":"https:\/\/conadeh.hn\/index.php?rest_route=\/wp\/v2\/posts\/2420\/revisions\/2424"}],"wp:featuredmedia":[{"embeddable":true,"href":"https:\/\/conadeh.hn\/index.php?rest_route=\/wp\/v2\/media\/400"}],"wp:attachment":[{"href":"https:\/\/conadeh.hn\/index.php?rest_route=%2Fwp%2Fv2%2Fmedia&parent=2420"}],"wp:term":[{"taxonomy":"category","embeddable":true,"href":"https:\/\/conadeh.hn\/index.php?rest_route=%2Fwp%2Fv2%2Fcategories&post=2420"},{"taxonomy":"post_tag","embeddable":true,"href":"https:\/\/conadeh.hn\/index.php?rest_route=%2Fwp%2Fv2%2Ftags&post=2420"}],"curies":[{"name":"wp","href":"https:\/\/api.w.org\/{rel}","templated":true}]}}