{"id":2415,"date":"2024-03-25T16:42:02","date_gmt":"2024-03-25T16:42:02","guid":{"rendered":"https:\/\/conadeh.hn\/?p=2415"},"modified":"2024-03-25T16:50:49","modified_gmt":"2024-03-25T16:50:49","slug":"ante-la-falta-de-atencion-a-problema-laboral-en-la-sedh","status":"publish","type":"post","link":"https:\/\/conadeh.hn\/?p=2415","title":{"rendered":"Ante la falta de atenci\u00f3n a problema laboral en la SEDH: CONADEH advierte potenciales violaciones a los derechos humanos"},"content":{"rendered":"\t\t<div data-elementor-type=\"wp-post\" data-elementor-id=\"2415\" class=\"elementor elementor-2415\">\n\t\t\t\t<div class=\"elementor-element elementor-element-2f4498e e-flex e-con-boxed e-con e-parent\" data-id=\"2f4498e\" data-element_type=\"container\" data-e-type=\"container\">\n\t\t\t\t\t<div class=\"e-con-inner\">\n\t\t\t\t<div class=\"elementor-element elementor-element-f059fb3 elementor-widget elementor-widget-text-editor\" data-id=\"f059fb3\" data-element_type=\"widget\" data-e-type=\"widget\" data-widget_type=\"text-editor.default\">\n\t\t\t\t<div class=\"elementor-widget-container\">\n\t\t\t\t\t\t\t\t\t<p><strong>Martes 06 de febrero de 2024<\/strong><\/p><p>\u00a0<\/p><p><strong><u>Ante la falta de atenci\u00f3n a problema laboral en la SEDH:<\/u><\/strong><\/p><p><strong>CONADEH advierte potenciales violaciones a los derechos humanos<\/strong><\/p><ul><li><strong>Ante la actual problem\u00e1tica, el CONADEH recomend\u00f3 al Consejo Nacional de Protecci\u00f3n proponer la creaci\u00f3n de nuevas medidas de protecci\u00f3n a favor de periodistas y comunicadores sociales que se encuentran con alto nivel riesgo.<\/strong><\/li><\/ul><p>El Comisionado Nacional de los Derechos Humanos (CONADEH) advirti\u00f3 hoy que la situaci\u00f3n de desprotecci\u00f3n que podr\u00edan enfrentar los defensores de derechos humanos se multiplica y agrava debido a la falta de atenci\u00f3n de problemas laborales a lo interno de la Secretar\u00eda de Derechos Humanos (SEDH), lo que\u00a0 podr\u00eda causar potenciales violaciones de derechos humanos, que incluso podr\u00edan ser de car\u00e1cter irreparables.<\/p><p>En las \u00faltimas horas, el CONADEH emiti\u00f3 una Alerta Temprana sobre la situaci\u00f3n operacional del Sistema Nacional de Protecci\u00f3n de Defensores y Defensoras de Derechos Humanos, Periodistas, Comunicadores Sociales y Operadores de Justicia.<\/p><p>En la actual coyuntura, seg\u00fan el CONADEH, el Sistema Nacional de Protecci\u00f3n presenta un nuevo desaf\u00edo que anula o reduce su operatividad debido a la protesta de los empleados de la SEDH a ra\u00edz de los supuestos malos tratos ejercidos por la titular y sus empleados de confianza<\/p><p>El CONADEH manifiesta su especial preocupaci\u00f3n sobre la condici\u00f3n ac\u00e9fala de la Subsecretar\u00eda de Protecci\u00f3n debido a que, de ella dependen la Direcci\u00f3n de Gesti\u00f3n Preventiva de Riesgo de Violaciones a los Derechos Humanos y de la Conflictividad Social y la Direcci\u00f3n para la Protecci\u00f3n de Personas Desplazadas Internamente.<\/p><p>\u00a0Si bien, se ha informado que estas unidades est\u00e1n en completo funcionamiento, el CONADEH es del criterio que la vacancia de la Subsecretar\u00eda de Protecci\u00f3n impactar\u00eda negativamente en la coordinaci\u00f3n y direcci\u00f3n de sus dependencias y en general, en el adecuado funcionamiento de la Direcci\u00f3n General del Sistema de Protecci\u00f3n (DGSP) y de las dem\u00e1s unidades del Sistema Nacional de Protecci\u00f3n.<\/p><p>Ante la actual problem\u00e1tica el CONADEH recomend\u00f3 al Consejo Nacional de Protecci\u00f3n proponer la creaci\u00f3n de nuevas medidas de protecci\u00f3n a favor de periodistas y comunicadores sociales que se encuentran con alto nivel riesgo.<\/p><p>Record\u00f3 que los Concejales del Consejo Nacional de Protecci\u00f3n para los Defensores de Derechos Humanos, Periodistas, Comunicadores Sociales y Operadores Justicia, expresaron su preocupaci\u00f3n por \u201cla inestabilidad y alta rotaci\u00f3n del personal de la Secretar\u00eda\u201d.<\/p><p>La renuncia del Subsecretario supondr\u00eda una dificultad en el cumplimiento de la recepci\u00f3n, evaluaci\u00f3n y adopci\u00f3n de las solicitudes de medidas de protecci\u00f3n a favor de los beneficiarios.<\/p><p>A\u00f1adi\u00f3 que, considerando el contexto interno en la SEDH &#8211; y por consiguiente en la DGSP \u2013 el CONADEH observa un efecto negativo en el cumplimiento de las atribuciones establecidas por la Ley de Protecci\u00f3n para los Defensores de Derechos Humanos, Periodistas, Comunicadores Sociales y Operadores de Justicia.<\/p><p>Preocupaci\u00f3n que se enmarca en la recepci\u00f3n, tramitaci\u00f3n y adopci\u00f3n de medidas de\u00a0 protecci\u00f3n, la implementaci\u00f3n de planes para los beneficiarios de medidas de protecci\u00f3n, especialmente de defensores de derechos humanos y, las convocatorias y sesiones de trabajo pertinentes.<\/p><p>En 2015, el Estado de Honduras cre\u00f3 el Sistema Nacional de Protecci\u00f3n (SNP) cuya funci\u00f3n principal es realizar una coordinaci\u00f3n efectiva de protecci\u00f3n de derechos humanos entre las instituciones p\u00fablicas y la sociedad en general.<\/p><p>El SNP est\u00e1 integrado por la Secretar\u00eda de Derechos Humanos, el Consejo Nacional de protecci\u00f3n, la DGSP, el Comit\u00e9 T\u00e9cnico del Mecanismo de Protecci\u00f3n y, el Departamento de Derechos Humanos de la Secretar\u00eda de Seguridad.<\/p><p>El CONADEH considera que las dificultades que enfrenta el SNP no son de reciente data pues, estas son relativas a la asignaci\u00f3n presupuestaria para cumplir con las necesidades operativas y materiales, la falta de equipo necesario para el id\u00f3neo desarrollo de sus funciones, la dilaci\u00f3n en la recepci\u00f3n de denuncias interpuestas por parte de personas beneficiarias en contra hechos delictivos, la falta de autonom\u00eda en la contrataci\u00f3n de personal, entre otras.<\/p><p>Sin embargo, estas dificultades se han acentuado conforme en el \u00faltimo a\u00f1o e impactan directa y negativamente en la protecci\u00f3n efectiva de los derechos humanos.<\/p><p>Desde el 2022, el CONADEH tambi\u00e9n ha constatado a trav\u00e9s de quejas, acompa\u00f1amiento, comunicados, monitoreo de prensa, oficios e informes, las dificultades que ha atravesado y atraviesa la Secretar\u00eda de Derechos Humanos y las diferentes unidades que conforman el Sistema Nacional de Protecci\u00f3n.<\/p><p>Entre estas dificultades mencion\u00f3, los despidos arbitrarios, la ausencia de suficiente personal t\u00e9cnico en unidades claves, la falta de celebraci\u00f3n o la reprogramaci\u00f3n sin fecha establecida de sesiones ordinarias o extraordinarias en el Consejo Nacional de Protecci\u00f3n, la denegaci\u00f3n de medidas de protecci\u00f3n a favor de defensores de derechos humanos cuya resoluci\u00f3n contraviene los est\u00e1ndares internacionales.<\/p><p>Desde el 2022, el CONADEH atendi\u00f3 alrededor de 70 quejas individuales y colectivas contra la SEDH por supuestas vulneraciones a los derechos humanos, malos tratos, discriminaci\u00f3n y abuso de poder.<\/p>\t\t\t\t\t\t\t\t<\/div>\n\t\t\t\t<\/div>\n\t\t\t\t\t<\/div>\n\t\t\t\t<\/div>\n\t\t<div class=\"elementor-element elementor-element-e4e883c e-flex e-con-boxed e-con e-parent\" data-id=\"e4e883c\" data-element_type=\"container\" data-e-type=\"container\">\n\t\t\t\t\t<div class=\"e-con-inner\">\n\t\t\t\t<div class=\"elementor-element elementor-element-ca56d53 elementor-widget elementor-widget-image\" data-id=\"ca56d53\" data-element_type=\"widget\" data-e-type=\"widget\" data-widget_type=\"image.default\">\n\t\t\t\t<div class=\"elementor-widget-container\">\n\t\t\t\t\t\t\t\t\t\t\t\t\t\t\t<img fetchpriority=\"high\" decoding=\"async\" width=\"303\" height=\"166\" src=\"https:\/\/conadeh.hn\/wp-content\/uploads\/2024\/03\/COMI-8.jpg\" class=\"attachment-large size-large wp-image-2109\" alt=\"\" srcset=\"https:\/\/conadeh.hn\/wp-content\/uploads\/2024\/03\/COMI-8.jpg 303w, https:\/\/conadeh.hn\/wp-content\/uploads\/2024\/03\/COMI-8-300x164.jpg 300w\" sizes=\"(max-width: 303px) 100vw, 303px\" \/>\t\t\t\t\t\t\t\t\t\t\t\t\t\t\t<\/div>\n\t\t\t\t<\/div>\n\t\t\t\t\t<\/div>\n\t\t\t\t<\/div>\n\t\t\t\t<\/div>\n\t\t","protected":false},"excerpt":{"rendered":"","protected":false},"author":2,"featured_media":2109,"comment_status":"closed","ping_status":"closed","sticky":false,"template":"","format":"standard","meta":{"saved_in_kubio":false,"_themeisle_gutenberg_block_has_review":false,"_kadence_starter_templates_imported_post":false,"footnotes":""},"categories":[1],"tags":[],"class_list":["post-2415","post","type-post","status-publish","format-standard","has-post-thumbnail","hentry","category-uncategorized"],"_links":{"self":[{"href":"https:\/\/conadeh.hn\/index.php?rest_route=\/wp\/v2\/posts\/2415","targetHints":{"allow":["GET"]}}],"collection":[{"href":"https:\/\/conadeh.hn\/index.php?rest_route=\/wp\/v2\/posts"}],"about":[{"href":"https:\/\/conadeh.hn\/index.php?rest_route=\/wp\/v2\/types\/post"}],"author":[{"embeddable":true,"href":"https:\/\/conadeh.hn\/index.php?rest_route=\/wp\/v2\/users\/2"}],"replies":[{"embeddable":true,"href":"https:\/\/conadeh.hn\/index.php?rest_route=%2Fwp%2Fv2%2Fcomments&post=2415"}],"version-history":[{"count":4,"href":"https:\/\/conadeh.hn\/index.php?rest_route=\/wp\/v2\/posts\/2415\/revisions"}],"predecessor-version":[{"id":2419,"href":"https:\/\/conadeh.hn\/index.php?rest_route=\/wp\/v2\/posts\/2415\/revisions\/2419"}],"wp:featuredmedia":[{"embeddable":true,"href":"https:\/\/conadeh.hn\/index.php?rest_route=\/wp\/v2\/media\/2109"}],"wp:attachment":[{"href":"https:\/\/conadeh.hn\/index.php?rest_route=%2Fwp%2Fv2%2Fmedia&parent=2415"}],"wp:term":[{"taxonomy":"category","embeddable":true,"href":"https:\/\/conadeh.hn\/index.php?rest_route=%2Fwp%2Fv2%2Fcategories&post=2415"},{"taxonomy":"post_tag","embeddable":true,"href":"https:\/\/conadeh.hn\/index.php?rest_route=%2Fwp%2Fv2%2Ftags&post=2415"}],"curies":[{"name":"wp","href":"https:\/\/api.w.org\/{rel}","templated":true}]}}