{"id":2294,"date":"2024-03-15T17:33:36","date_gmt":"2024-03-15T17:33:36","guid":{"rendered":"https:\/\/conadeh.hn\/?p=2294"},"modified":"2024-03-15T17:43:37","modified_gmt":"2024-03-15T17:43:37","slug":"conadeh-condena-muerte-de-comunicador-social-y-recomienda-fortalecer-mecanismos-de-proteccion","status":"publish","type":"post","link":"https:\/\/conadeh.hn\/?p=2294","title":{"rendered":"CONADEH condena muerte de comunicador social y recomienda fortalecer mecanismos de protecci\u00f3n"},"content":{"rendered":"\t\t<div data-elementor-type=\"wp-post\" data-elementor-id=\"2294\" class=\"elementor elementor-2294\">\n\t\t\t\t<div class=\"elementor-element elementor-element-8cac19b e-flex e-con-boxed e-con e-parent\" data-id=\"8cac19b\" data-element_type=\"container\" data-e-type=\"container\">\n\t\t\t\t\t<div class=\"e-con-inner\">\n\t\t\t\t<div class=\"elementor-element elementor-element-a68d3bb elementor-widget elementor-widget-text-editor\" data-id=\"a68d3bb\" data-element_type=\"widget\" data-e-type=\"widget\" data-widget_type=\"text-editor.default\">\n\t\t\t\t<div class=\"elementor-widget-container\">\n\t\t\t\t\t\t\t\t\t<p><strong>Lunes 29 de enero de 2024<\/strong><\/p><p><strong>CONADEH condena muerte de comunicador social y recomienda fortalecer mecanismos de protecci\u00f3n<\/strong><\/p><ul><li><strong>En los \u00faltimos 25 meses continuaron las violaciones contra la libertad de expresi\u00f3n al registrarse agresiones, amenazas, hostigamiento, intimidaci\u00f3n y la muerte en circunstancias violentas de ocho personas vinculadas a los medios de comunicaci\u00f3n. <\/strong><\/li><\/ul><p>El Comisionado Nacional de los Derechos Humanos (CONADEH) conden\u00f3 hoy la muerte violenta del Comunicador Social Luis Alonso Teruel en la aldea La Ceibita, Atima, Santa B\u00e1rbara y recomend\u00f3 a las autoridades hondure\u00f1as a fortalecer los mecanismos de protecci\u00f3n para evitar la p\u00e9rdida de m\u00e1s vidas de hondure\u00f1os en el territorio nacional.<\/p><p>Teruel es la primera v\u00edctima\u00a0 vinculada a los medios de comunicaci\u00f3n que pierde la vida violentamente en el 2024, la tercera en Santa B\u00e1rbara, y la v\u00edctima 99, desde que se registr\u00f3 el primer caso en el pa\u00eds en el a\u00f1o 2001.<\/p><p>Informes preliminares indican que el comunicador social perdi\u00f3 la vida violentamente al recibir impactos de bala, en el momento en que se encontraba en la calle principal de la aldea La Ceibita, Atima, Santa Barbara, a la altura del lugar denominado La Balastrera.<\/p><p>Desde diciembre del 2010, el comunicador social dirig\u00eda el programa \u201cNoticias, Comentarios y Opiniones\u201d en el canal local Pencaligue en el municipio de Atima, Santa B\u00e1rbara.<\/p><p>La titular del CONADEH, Blanca Izaguirre \u00a0se solidariz\u00f3 con los familiares de la v\u00edctima y declar\u00f3 que todo acto violento contra la vida e integridad f\u00edsica de un periodista o de personas vinculadas a los medios de comunicaci\u00f3n es un atentado a la libertad de expresi\u00f3n en el pa\u00eds.<\/p><p>Bajo este marco de violencia, preocupa al CONADEH que las acciones en contra las personas vinculadas a los medios de comunicaci\u00f3n permanezcan en la\u00a0 impunidad, entre otros factores,\u00a0 por la falta de investigaci\u00f3n, situaci\u00f3n que fomenta la reiteraci\u00f3n de actos violentos similares y genera un efecto inhibitorio en el ejercicio de la libertad de expresi\u00f3n.<\/p><p>Agreg\u00f3 que la muerte violenta de\u00a0 personas ligadas a medios de comunicaci\u00f3n se constituye en la forma de censura m\u00e1s extrema, ya que se priva a la v\u00edctima del bien m\u00e1s importante, que es la vida<\/p><p>Indic\u00f3 que el sistema de justicia hondure\u00f1o est\u00e1 en la obligaci\u00f3n de prevenir, investigar y castigar, con todo el peso de la ley, al o los responsables de cometer actos\u00a0 intimidaci\u00f3n, amenazas a\u00a0 muerte, atentados e\u00a0 incluso hasta privar de la\u00a0 vida a personas ligadas a medios de comunicaci\u00f3n.<\/p><p>Por su parte, el Delegado Adjunto II del CONADEH, Ricardo L\u00f3pez expres\u00f3 que la libertad de expresi\u00f3n y el derecho a estar informado se mantienen en constante amenaza en el pa\u00eds.<\/p><p>Agreg\u00f3 que desde el 2001 han muerte violentamente 99 personas vinculadas a los medios de comunicaci\u00f3n de las cuales m\u00e1s del 90% se encuentran en la impunidad, lo que convierte esta actividad en una labor de alto riesgo.<\/p><p>Instamos al Estado hondure\u00f1o a fortalecer los mecanismos de investigaci\u00f3n y de protecci\u00f3n para los miembros de este gremio<\/p><p>44 municipios de 16 departamentos del pa\u00eds fueron escenario de muerte violenta de las 99 personas vinculadas a medios de comunicaci\u00f3n.<\/p><p>De esta radiograf\u00eda de la inseguridad para periodistas, comunicadores sociales y dem\u00e1s personas ligadas a medios de comunicaci\u00f3n, en Honduras, 6 departamentos del pa\u00eds: Francisco Moraz\u00e1n (22), Cortes (19), Cop\u00e1n (9), Yoro (8), Atl\u00e1ntida (9) y Olancho (7), registran el 76% de los casos de muertes violentas.<\/p><p><strong>PERSONAS VINCULADAS A MEDIOS MUERTOS VIOLENTAMENTE EN SANTA BARBARA<\/strong><\/p><p><strong>2008 &#8211; 2024<\/strong><\/p><table width=\"663\"><tbody><tr><td width=\"41\"><p><strong>1<\/strong><\/p><\/td><td colspan=\"2\" width=\"74\"><p>01.01.2008<\/p><\/td><td colspan=\"2\" width=\"134\"><p>Fernando Gonz\u00e1lez<\/p><\/td><td colspan=\"2\" width=\"124\"><p>Radio Mega FM. 92.7<\/p><\/td><td colspan=\"2\" width=\"115\"><p>Santa B\u00e1rbara<\/p><\/td><td colspan=\"2\" width=\"67\"><p>Fuego<\/p><\/td><td colspan=\"2\" width=\"108\"><p>Impune<\/p><\/td><\/tr><tr><td colspan=\"13\" width=\"663\"><p><strong>Fernando Gonz\u00e1lez,<\/strong> Locutor y\u00a0 propietario de la radio Mega FM 92.7 de Santa B\u00e1rbara. Fue ultimado en las instalaciones de su estaci\u00f3n radial por personas desconocidas que entraron al local directamente a matarlo<\/p><\/td><\/tr><tr><td colspan=\"2\" width=\"48\"><p><strong>2<\/strong><\/p><\/td><td colspan=\"2\" width=\"86\"><p>25.08.2019<\/p><\/td><td colspan=\"2\" width=\"120\"><p>Melvin Odil Tinoco<\/p><\/td><td colspan=\"2\" width=\"123\"><p>Propietario de la radio cristiana \u201cBendici\u00f3n 101.9 FM<\/p><\/td><td colspan=\"2\" width=\"113\"><p>Municipio Concepci\u00f3n del Sur, Santa B\u00e1rbara<\/p><\/td><td colspan=\"2\" width=\"85\"><p>Arma de Fuego<\/p><\/td><td width=\"88\"><p>Impune<\/p><\/td><\/tr><tr><td colspan=\"13\" width=\"663\"><p>Fue encontrado en el interior de su vivienda en el municipio de Concepci\u00f3n del Sur, Santa B\u00e1rbara. Era pastor evang\u00e9lico y propietario de una radioemisora. Al parecer sujetos encapuchados y armados con pistola ingresaron a la vivienda del religioso en horas de la noche y lo atacaron a tiros<\/p><\/td><\/tr><tr><td colspan=\"2\" width=\"48\"><p><strong>3<\/strong><\/p><\/td><td colspan=\"2\" width=\"86\"><p>28.01.2024<\/p><\/td><td colspan=\"2\" width=\"120\"><p>Luis Alonso Teruel<\/p><\/td><td colspan=\"2\" width=\"123\"><p>Dirig\u00eda el programa \u201cNoticias, Comentarios y Opiniones\u201d<\/p><\/td><td colspan=\"2\" width=\"113\"><p>Aldea La Ceibita, Atima, Santa B\u00e1rbara<\/p><\/td><td colspan=\"2\" width=\"85\"><p>Arma de fuego<\/p><\/td><td width=\"88\"><p>Impune<\/p><\/td><\/tr><tr><td colspan=\"13\" width=\"663\"><p>Informes preliminares indican que el comunicador social perdi\u00f3 la vida violentamente al recibir impactos de bala, en el momento en que se encontraba en la calle principal de la aldea La Ceibita, Atima, Santa B\u00e1rbara.<\/p><\/td><\/tr><\/tbody><\/table>\t\t\t\t\t\t\t\t<\/div>\n\t\t\t\t<\/div>\n\t\t\t\t\t<\/div>\n\t\t\t\t<\/div>\n\t\t<div class=\"elementor-element elementor-element-81dc788 e-flex e-con-boxed e-con e-parent\" data-id=\"81dc788\" data-element_type=\"container\" data-e-type=\"container\">\n\t\t\t\t\t<div class=\"e-con-inner\">\n\t\t\t\t<div class=\"elementor-element elementor-element-4e41218 elementor-widget elementor-widget-image\" data-id=\"4e41218\" data-element_type=\"widget\" data-e-type=\"widget\" data-widget_type=\"image.default\">\n\t\t\t\t<div class=\"elementor-widget-container\">\n\t\t\t\t\t\t\t\t\t\t\t\t\t\t\t<img fetchpriority=\"high\" decoding=\"async\" width=\"750\" height=\"456\" src=\"https:\/\/conadeh.hn\/wp-content\/uploads\/2024\/03\/comunicador.jpg\" class=\"attachment-large size-large wp-image-2295\" alt=\"\" srcset=\"https:\/\/conadeh.hn\/wp-content\/uploads\/2024\/03\/comunicador.jpg 1080w, https:\/\/conadeh.hn\/wp-content\/uploads\/2024\/03\/comunicador-300x182.jpg 300w, https:\/\/conadeh.hn\/wp-content\/uploads\/2024\/03\/comunicador-768x466.jpg 768w\" sizes=\"(max-width: 750px) 100vw, 750px\" \/>\t\t\t\t\t\t\t\t\t\t\t\t\t\t\t<\/div>\n\t\t\t\t<\/div>\n\t\t\t\t\t<\/div>\n\t\t\t\t<\/div>\n\t\t\t\t<\/div>\n\t\t","protected":false},"excerpt":{"rendered":"<p>Lunes 29 de enero de 2024 CONADEH condena muerte de comunicador social y recomienda fortalecer mecanismos de protecci\u00f3n En los \u00faltimos 25 meses continuaron las violaciones contra la libertad de expresi\u00f3n al registrarse agresiones, amenazas, hostigamiento, intimidaci\u00f3n y la muerte en circunstancias violentas de ocho personas vinculadas a los medios [&hellip;]<\/p>\n","protected":false},"author":2,"featured_media":2295,"comment_status":"closed","ping_status":"closed","sticky":false,"template":"","format":"standard","meta":{"saved_in_kubio":false,"_themeisle_gutenberg_block_has_review":false,"_kadence_starter_templates_imported_post":false,"footnotes":""},"categories":[1],"tags":[],"class_list":["post-2294","post","type-post","status-publish","format-standard","has-post-thumbnail","hentry","category-uncategorized"],"_links":{"self":[{"href":"https:\/\/conadeh.hn\/index.php?rest_route=\/wp\/v2\/posts\/2294","targetHints":{"allow":["GET"]}}],"collection":[{"href":"https:\/\/conadeh.hn\/index.php?rest_route=\/wp\/v2\/posts"}],"about":[{"href":"https:\/\/conadeh.hn\/index.php?rest_route=\/wp\/v2\/types\/post"}],"author":[{"embeddable":true,"href":"https:\/\/conadeh.hn\/index.php?rest_route=\/wp\/v2\/users\/2"}],"replies":[{"embeddable":true,"href":"https:\/\/conadeh.hn\/index.php?rest_route=%2Fwp%2Fv2%2Fcomments&post=2294"}],"version-history":[{"count":3,"href":"https:\/\/conadeh.hn\/index.php?rest_route=\/wp\/v2\/posts\/2294\/revisions"}],"predecessor-version":[{"id":2298,"href":"https:\/\/conadeh.hn\/index.php?rest_route=\/wp\/v2\/posts\/2294\/revisions\/2298"}],"wp:featuredmedia":[{"embeddable":true,"href":"https:\/\/conadeh.hn\/index.php?rest_route=\/wp\/v2\/media\/2295"}],"wp:attachment":[{"href":"https:\/\/conadeh.hn\/index.php?rest_route=%2Fwp%2Fv2%2Fmedia&parent=2294"}],"wp:term":[{"taxonomy":"category","embeddable":true,"href":"https:\/\/conadeh.hn\/index.php?rest_route=%2Fwp%2Fv2%2Fcategories&post=2294"},{"taxonomy":"post_tag","embeddable":true,"href":"https:\/\/conadeh.hn\/index.php?rest_route=%2Fwp%2Fv2%2Ftags&post=2294"}],"curies":[{"name":"wp","href":"https:\/\/api.w.org\/{rel}","templated":true}]}}