{"id":2284,"date":"2024-03-15T15:52:24","date_gmt":"2024-03-15T15:52:24","guid":{"rendered":"https:\/\/conadeh.hn\/?p=2284"},"modified":"2024-03-15T16:10:41","modified_gmt":"2024-03-15T16:10:41","slug":"conadeh-no-mas-impunidad","status":"publish","type":"post","link":"https:\/\/conadeh.hn\/?p=2284","title":{"rendered":"CONADEH: No m\u00e1s impunidad: Exhorta a las autoridades encargadas de la seguridad esclarecer muerte de comunicador"},"content":{"rendered":"\t\t<div data-elementor-type=\"wp-post\" data-elementor-id=\"2284\" class=\"elementor elementor-2284\">\n\t\t\t\t<div class=\"elementor-element elementor-element-43bb999 e-flex e-con-boxed e-con e-parent\" data-id=\"43bb999\" data-element_type=\"container\" data-e-type=\"container\">\n\t\t\t\t\t<div class=\"e-con-inner\">\n\t\t\t\t<div class=\"elementor-element elementor-element-8ae82c5 elementor-widget elementor-widget-text-editor\" data-id=\"8ae82c5\" data-element_type=\"widget\" data-e-type=\"widget\" data-widget_type=\"text-editor.default\">\n\t\t\t\t<div class=\"elementor-widget-container\">\n\t\t\t\t\t\t\t\t\t<p><strong>Viernes 22 de diciembre de 2023<\/strong><\/p><p><strong><u>CONADEH: No m\u00e1s impunidad <\/u><\/strong><\/p><p><strong>Exhorta a las autoridades encargadas de la seguridad esclarecer muerte de comunicador <\/strong><\/p><ul><li><strong>Con la muerte violenta de Ram\u00edrez Amador suman 98 las personas vinculadas a los medios de comunicaci\u00f3n que pierden la vida violentamente desde el a\u00f1o 2001, la segunda del 2023 y la quinta muerte que se registra, bajo esa circunstancia, en el departamento de El Para\u00edso.<\/strong><\/li><\/ul><p>El Comisionado Nacional de los Derechos Humanos (CONADEH) conden\u00f3 el hecho violento en el que perdi\u00f3 la vida el comunicador social Francisco Ram\u00edrez Amador y result\u00f3 herido un miembro de la polic\u00eda, que le acompa\u00f1aba, en la ciudad Danl\u00ed, en el oriental departamento de El Para\u00edso.<\/p><p>La titular del CONADEH, Blanca Izaguirre exhort\u00f3 a las autoridades encargadas de la seguridad en el pa\u00eds a realizar una profunda y efectiva investigaci\u00f3n para que este crimen no se sume a la larga lista de impunidad que supera el 90% de casos de muerte de personas vinculadas a los medios de comunicaci\u00f3n.<\/p><p>\u201cEs deber del Estado prevenir e investigar el asesinato y las amenazas dirigidas a los periodistas y comunicadores sociales y garantizar el ejercicio pleno de la libertad de expresi\u00f3n como un derecho humano universal\u201d, expres\u00f3.<\/p><p>La Defensora de los derechos humanos recomend\u00f3 a las autoridades encargadas de la seguridad en el pa\u00eds, que implementen estrategias cada vez m\u00e1s efectivas para salvaguardar la integridad f\u00edsica y evitar la p\u00e9rdida irreparable de m\u00e1s vidas.<\/p><p><strong>Amador hab\u00eda sido objeto de atentado en mayo pasado<\/strong><\/p><p>Informes preliminares indican que el comunicador social fue encontrado muerto en el interior de su veh\u00edculo con heridas de arma de fuego, en las cercan\u00edas de la colonia El Encanto, en Danl\u00ed El Para\u00edso.<\/p><p>En el hecho violento tambi\u00e9n result\u00f3 herido, con arma de fuego, un miembro de la polic\u00eda que le acompa\u00f1aba, ya que el comunicador social gozaba de medidas de protecci\u00f3n por parte del Mecanismo Nacional de Protecci\u00f3n de Defensores de Derechos Humanos, Periodistas, Comunicadores Sociales y Operadores de Justicia.<\/p><p>El 3 de mayo del 2023, Francisco Ram\u00edrez Amador fue objeto de un atentado por lo que las autoridades encargadas de la seguridad, en el pa\u00eds, le brindaban protecci\u00f3n para garantizar su integridad f\u00edsica y su vida.<\/p><p>Francisco Ram\u00edrez inici\u00f3 como camar\u00f3grafo en la empresa de televisi\u00f3n Canal 25 Cosmos TV y labor\u00f3 en Televisi\u00f3n Oriental, ATV Danl\u00ed y Tr\u00eda televisi\u00f3n, actualmente laboraba como reportero para el Canal 24 STD y cubr\u00eda ocasionalmente el espacio meridiano.<\/p><p><strong>98 personas vinculadas a medios muertos violentamente desde el 2001<\/strong><\/p><p>Con la muerte violenta de Ram\u00edrez Amador suman 98, las personas vinculadas a los medios de comunicaci\u00f3n que pierden la vida violentamente desde el a\u00f1o 2001 y la quinta muerte que se registra, bajo esa circunstancia, en el departamento de El Para\u00edso.<\/p><p>Al menos 43 (14%) municipios de 16 departamentos del pa\u00eds han sido escenario de la muerte violenta de los 98 periodistas y dem\u00e1s personas que trabajan en medios de comunicaci\u00f3n.<\/p><p>La primera persona vinculada a los medios de comunicaci\u00f3n que perdi\u00f3 la vida violentamente en el 2023 fue el editor de Suyapa Medios, Carlos Gerardo Barahona luego que el 31 de enero fue ultimado de varios disparos por sujetos desconocidos que lo interceptaron y lo despojaron de su veh\u00edculo. El hecho ocurri\u00f3, en horas de la madrugada, cuando Barahona se conduc\u00eda a su vivienda en la Col. Kennedy de Tegucigalpa.<\/p><p><strong>La impunidad prevalece <\/strong><\/p><p>Blanca Izaguirre, titular del CONADEH indic\u00f3 que, la impunidad es un fen\u00f3meno que se suma a otros conflictos sociales que afectan al pa\u00eds como, la violencia, la inseguridad y la corrupci\u00f3n.<\/p><p>Agreg\u00f3 que la libertad de expresi\u00f3n no funciona cuando existe un alto porcentaje de casos en la impunidad o sin resolver.<\/p><p>Se estima que m\u00e1s del 90% de los cr\u00edmenes contra la vida quedan impunes por falta de investigaci\u00f3n diligente, eficaz y cient\u00edfica y se les niega a las v\u00edctimas su derecho a conocer la verdad.<\/p><p>Amenazas, agresiones, hostigamiento, intimidaci\u00f3n, atentados, desplazamiento forzado, asaltos e incluso la muerte, son parte de los actos violentos que enfrentan periodistas y dem\u00e1s personas que trabajan en medios de comunicaci\u00f3n de Honduras<\/p><p>Al menos, 107 periodistas y comunicadores sociales denunciaron, entre el 2016 y julio del 2023, estar en riesgo y ser v\u00edctimas de desplazamiento forzado, en Honduras, el 80% denunci\u00f3 que fueron objeto de amenazas, otro 10% ser v\u00edctimas de tentativa de homicidio y otros porque estaban siendo extorsionados.<\/p><p>El denominador com\u00fan de todos estos hechos delictivos es la impunidad, ya que, en un alto porcentaje de los casos, los responsables de poner en riesgo la integridad f\u00edsica y la vida de periodistas y comunicadores sociales son personas desconocidas.<\/p><p>PERSONAS VINCULADAS A MEDIOS DE COMUNICACI\u00d3N<\/p><p>MUERTOS VIOLENTAMENTE<\/p><p>DEPARTAMENTO DE EL PARAISO<\/p><p>2010 \/2023<\/p><table width=\"663\"><tbody><tr><td colspan=\"2\" width=\"41\"><p><strong>No<\/strong><\/p><\/td><td colspan=\"2\" width=\"74\"><p><strong>FECHA<\/strong><\/p><\/td><td colspan=\"2\" width=\"134\"><p><strong>NOMBRE<\/strong><\/p><\/td><td colspan=\"2\" width=\"124\"><p><strong>MEDIO<\/strong><\/p><\/td><td colspan=\"2\" width=\"115\"><p><strong>LUGAR<\/strong><\/p><\/td><td width=\"67\"><p><strong>ARMA<\/strong><\/p><\/td><td colspan=\"2\" width=\"108\"><p><strong>SITUACION DEL CASO<\/strong><\/p><\/td><\/tr><tr><td colspan=\"2\" width=\"41\"><p><strong>1<\/strong><\/p><\/td><td colspan=\"2\" width=\"74\"><p>14.06.2010<\/p><\/td><td colspan=\"2\" width=\"134\"><p>Luis Arturo Mondrag\u00f3n<\/p><\/td><td colspan=\"2\" width=\"124\"><p>Canal 19<\/p><\/td><td colspan=\"2\" width=\"115\"><p>El Para\u00edso<\/p><\/td><td width=\"67\"><p>Fuego<\/p><\/td><td colspan=\"2\" width=\"108\"><p>Impune<\/p><\/td><\/tr><tr><td colspan=\"13\" width=\"663\"><p><strong>Luis Arturo Mondrag\u00f3n Moraz\u00e1n,<\/strong><strong> director del Canal 19 y del programa de noticias \u00abTeleprensa\u00bb<\/strong>, en la ciudad de El Para\u00edso. Fue ultimado en horas de la noche por desconocidos que le dispararon cuando sal\u00eda de las instalaciones de la empresa televisora en el barrio Santa Clara del municipio de El Para\u00edso, en la zona oriental del pa\u00eds.<\/p><\/td><\/tr><tr><td colspan=\"2\" width=\"41\"><p><strong>2<\/strong><\/p><\/td><td colspan=\"2\" width=\"74\"><p>19.05.2011<\/p><\/td><td colspan=\"2\" width=\"134\"><p>Luis Mendoza<\/p><\/td><td colspan=\"2\" width=\"124\"><p>Propietario Compa\u00f1\u00eda Macrosistema y canal 24 de\u00a0 Danl\u00ed<\/p><\/td><td colspan=\"2\" width=\"115\"><p>El Para\u00edso<\/p><\/td><td width=\"67\"><p>Fuego<\/p><\/td><td colspan=\"2\" width=\"108\"><p>Impune<\/p><\/td><\/tr><tr><td colspan=\"13\" width=\"663\"><p><strong>Luis Mendoza<\/strong><strong>, <\/strong><strong>propietario de la compa\u00f1\u00eda de cable Macrosistema y Canal 24 del municipio de Danl\u00ed<\/strong>, departamento de El Para\u00edso. Fue ultimado en horas de la ma\u00f1ana por hombres fuertemente armados que se conduc\u00edan en una camioneta. El hecho ocurri\u00f3 a media cuadra del Canal 24, en las cercan\u00edas de la escuela Manuel Adalid Gamero de la ciudad de Danl\u00ed, El Para\u00edso.<\/p><\/td><\/tr><tr><td width=\"40\"><p><strong>3<\/strong><\/p><\/td><td colspan=\"2\" width=\"73\"><p>07.12.2013<\/p><\/td><td colspan=\"2\" width=\"132\"><p>Juan Carlos Arge\u00f1al Medina<\/p><\/td><td colspan=\"2\" width=\"123\"><p>\u00a0Propietario de canal Vida TV y corresponsal de Radio Globo<\/p><\/td><td colspan=\"2\" width=\"113\"><p>El Para\u00edso<\/p><\/td><td colspan=\"3\" width=\"76\"><p>Fuego<\/p><\/td><td width=\"106\"><p>Impune<\/p><\/td><\/tr><tr><td colspan=\"13\" width=\"663\"><p><strong>Juan Carlos Arge\u00f1al Medina (41) <\/strong><strong>Propietario<\/strong> del canal cristiano Vida TV Canal 27 y corresponsal de Globo TV. Muri\u00f3 luego de ser atacado a balazos por sujetos desconocidos en el interior de su vivienda localizada en le Col. Teodoro Rodas Valle, de Danl\u00ed, El Para\u00edso. El hecho violento ocurri\u00f3 a eso de las 2:00 de la tarde. Los victimarios lo habr\u00edan atacado por la espalda. Al parecer la v\u00edctima hab\u00eda recibido amenazas a muerte.<\/p><\/td><\/tr><tr><td width=\"40\"><p><strong>4<\/strong><\/p><\/td><td colspan=\"2\" width=\"73\"><p>23.08.2014<\/p><\/td><td colspan=\"2\" width=\"132\"><p>Dagoberto D\u00edaz<\/p><\/td><td colspan=\"2\" width=\"123\"><p>Propietario Canal 20<\/p><\/td><td colspan=\"2\" width=\"113\"><p>Danl\u00ed, El Para\u00edso<\/p><\/td><td colspan=\"3\" width=\"76\"><p>Fuego<\/p><\/td><td width=\"106\"><p>Impune<\/p><\/td><\/tr><tr><td colspan=\"13\" width=\"663\"><p>23.08.2014. Dagoberto D\u00edaz (47), propietario del canal 20 y de la empresa de cable Caf\u00e9 Visi\u00f3n, muri\u00f3 a manos de personas desconocidas que le asestaron varios balazos cuando se encontraba en el interior de su veh\u00edculo, en el centro de Danl\u00ed, departamento de El Para\u00edso.\u00a0 El hecho se produjo a eso de las 8:00 de la noche.<\/p><\/td><\/tr><tr><td width=\"40\"><p><strong>5<\/strong><\/p><\/td><td colspan=\"2\" width=\"73\"><p>21.12.2023<\/p><\/td><td colspan=\"2\" width=\"132\"><p>Francisco Javier Ram\u00edrez<\/p><\/td><td colspan=\"2\" width=\"123\"><p>Reportero<\/p><\/td><td colspan=\"2\" width=\"113\"><p>Danl\u00ed, El Para\u00edso<\/p><\/td><td colspan=\"3\" width=\"76\"><p>Fuego<\/p><\/td><td width=\"106\"><p>Impune<\/p><\/td><\/tr><tr><td colspan=\"13\" width=\"663\"><p>21.12.2023 Francisco Javier Ram\u00edrez, fue encontrado muerto en el interior de su veh\u00edculo con heridas de arma de fuego, en las cercan\u00edas de la colonia El Encanto, Danl\u00ed El Para\u00edso.<\/p><\/td><\/tr><tr><td width=\"40\">\u00a0<\/td><td width=\"0\">\u00a0<\/td><td width=\"73\">\u00a0<\/td><td width=\"1\">\u00a0<\/td><td width=\"131\">\u00a0<\/td><td width=\"3\">\u00a0<\/td><td width=\"120\">\u00a0<\/td><td width=\"4\">\u00a0<\/td><td width=\"109\">\u00a0<\/td><td width=\"6\">\u00a0<\/td><td width=\"67\">\u00a0<\/td><td width=\"3\">\u00a0<\/td><td width=\"106\">\u00a0<\/td><\/tr><\/tbody><\/table><p>\u00a0<\/p>\t\t\t\t\t\t\t\t<\/div>\n\t\t\t\t<\/div>\n\t\t\t\t\t<\/div>\n\t\t\t\t<\/div>\n\t\t<div class=\"elementor-element elementor-element-f4542ca e-flex e-con-boxed e-con e-parent\" data-id=\"f4542ca\" data-element_type=\"container\" data-e-type=\"container\">\n\t\t\t\t\t<div class=\"e-con-inner\">\n\t\t\t\t<div class=\"elementor-element elementor-element-5616b79 elementor-widget elementor-widget-image\" data-id=\"5616b79\" data-element_type=\"widget\" data-e-type=\"widget\" data-widget_type=\"image.default\">\n\t\t\t\t<div class=\"elementor-widget-container\">\n\t\t\t\t\t\t\t\t\t\t\t\t\t\t\t<img fetchpriority=\"high\" decoding=\"async\" width=\"303\" height=\"166\" src=\"https:\/\/conadeh.hn\/wp-content\/uploads\/2024\/03\/COMI-8.jpg\" class=\"attachment-large size-large wp-image-2109\" alt=\"\" srcset=\"https:\/\/conadeh.hn\/wp-content\/uploads\/2024\/03\/COMI-8.jpg 303w, https:\/\/conadeh.hn\/wp-content\/uploads\/2024\/03\/COMI-8-300x164.jpg 300w\" sizes=\"(max-width: 303px) 100vw, 303px\" \/>\t\t\t\t\t\t\t\t\t\t\t\t\t\t\t<\/div>\n\t\t\t\t<\/div>\n\t\t\t\t\t<\/div>\n\t\t\t\t<\/div>\n\t\t\t\t<\/div>\n\t\t","protected":false},"excerpt":{"rendered":"","protected":false},"author":2,"featured_media":2109,"comment_status":"closed","ping_status":"closed","sticky":false,"template":"","format":"standard","meta":{"saved_in_kubio":false,"_themeisle_gutenberg_block_has_review":false,"_kadence_starter_templates_imported_post":false,"footnotes":""},"categories":[1],"tags":[],"class_list":["post-2284","post","type-post","status-publish","format-standard","has-post-thumbnail","hentry","category-uncategorized"],"_links":{"self":[{"href":"https:\/\/conadeh.hn\/index.php?rest_route=\/wp\/v2\/posts\/2284","targetHints":{"allow":["GET"]}}],"collection":[{"href":"https:\/\/conadeh.hn\/index.php?rest_route=\/wp\/v2\/posts"}],"about":[{"href":"https:\/\/conadeh.hn\/index.php?rest_route=\/wp\/v2\/types\/post"}],"author":[{"embeddable":true,"href":"https:\/\/conadeh.hn\/index.php?rest_route=\/wp\/v2\/users\/2"}],"replies":[{"embeddable":true,"href":"https:\/\/conadeh.hn\/index.php?rest_route=%2Fwp%2Fv2%2Fcomments&post=2284"}],"version-history":[{"count":4,"href":"https:\/\/conadeh.hn\/index.php?rest_route=\/wp\/v2\/posts\/2284\/revisions"}],"predecessor-version":[{"id":2288,"href":"https:\/\/conadeh.hn\/index.php?rest_route=\/wp\/v2\/posts\/2284\/revisions\/2288"}],"wp:featuredmedia":[{"embeddable":true,"href":"https:\/\/conadeh.hn\/index.php?rest_route=\/wp\/v2\/media\/2109"}],"wp:attachment":[{"href":"https:\/\/conadeh.hn\/index.php?rest_route=%2Fwp%2Fv2%2Fmedia&parent=2284"}],"wp:term":[{"taxonomy":"category","embeddable":true,"href":"https:\/\/conadeh.hn\/index.php?rest_route=%2Fwp%2Fv2%2Fcategories&post=2284"},{"taxonomy":"post_tag","embeddable":true,"href":"https:\/\/conadeh.hn\/index.php?rest_route=%2Fwp%2Fv2%2Ftags&post=2284"}],"curies":[{"name":"wp","href":"https:\/\/api.w.org\/{rel}","templated":true}]}}