{"id":2130,"date":"2024-03-06T20:08:45","date_gmt":"2024-03-06T20:08:45","guid":{"rendered":"https:\/\/conadeh.hn\/?p=2130"},"modified":"2024-03-06T20:11:21","modified_gmt":"2024-03-06T20:11:21","slug":"privados-de-libertad-denuncian-ser-victimas-de-torturas","status":"publish","type":"post","link":"https:\/\/conadeh.hn\/?p=2130","title":{"rendered":"Privados de libertad denuncian ser v\u00edctimas de torturas: Nos golpearon con garrotes, patadas y hasta nos dieron con los fusiles en la cabeza"},"content":{"rendered":"\t\t<div data-elementor-type=\"wp-post\" data-elementor-id=\"2130\" class=\"elementor elementor-2130\">\n\t\t\t\t<div class=\"elementor-element elementor-element-04aadd3 e-flex e-con-boxed e-con e-parent\" data-id=\"04aadd3\" data-element_type=\"container\" data-e-type=\"container\">\n\t\t\t\t\t<div class=\"e-con-inner\">\n\t\t\t\t<div class=\"elementor-element elementor-element-ff8ff67 elementor-widget elementor-widget-text-editor\" data-id=\"ff8ff67\" data-element_type=\"widget\" data-e-type=\"widget\" data-widget_type=\"text-editor.default\">\n\t\t\t\t<div class=\"elementor-widget-container\">\n\t\t\t\t\t\t\t\t\t<p><strong>\u00a0<\/strong><\/p><p><strong>Mi\u00e9rcoles 15 de noviembre de 2023<\/strong><\/p><p>\u00a0<\/p><p><strong><u>Privados de libertad denuncian ser v\u00edctimas de torturas:<\/u><\/strong><\/p><p><strong>Nos golpearon con garrotes, patadas y hasta nos dieron con los fusiles en la cabeza<\/strong><\/p><ul><li><strong>Entre el a\u00f1o 2019 y el primer semestre del 2023, el CONADEH atendi\u00f3 1,696 quejas de violaciones a los derechos humanos interpuestas por personas privadas de libertad, familiares y organizaciones defensoras de los derechos humanos de esta poblaci\u00f3n.<\/strong><\/li><\/ul><p>Nos sacaron de los m\u00f3dulos, sin ropa, en horas de la madrugada,\u00a0 amarrados de las manos, nos llevaron a un lugar lleno de lodo, nos golpearon con garrotes, nos daban patadas, pu\u00f1etazos, nos golpearon con los fusiles en la cabeza, es el relato de varios privados de libertad que fueron v\u00edctimas de tortura y tratos crueles en uno de los centros penitenciarios del pa\u00eds.<\/p><p>Pese a las torturas y tratos crueles de los que fueron objeto, los privados de libertad no fueron examinados por ning\u00fan m\u00e9dico. Adem\u00e1s, aunque\u00a0 muchos de ellos padecen de enfermedades bases, no se les provee de los medicamentos correspondientes.<\/p><p>Los privados de libertad calificaron de \u201cinjusto\u201d el trato que les dieron, los miembros de la Polic\u00eda Militar, que les dejo como secuelas hematomas en la espalda, hombros, rostro, brazos, piernas, manos y en la cabeza.<\/p><p>Como consecuencia de los golpes recibidos, muchos privados de libertad\u00a0 sufren fuertes dolores en su\u00a0 cuerpo y varios de ellos manifestaron\u00a0 tener problemas para dormir.<\/p><p>La situaci\u00f3n no termina all\u00ed, al parecer, por \u00f3rdenes superiores las visitas de sus familiares fueron prohibidas\u00a0 por un periodo de 30 d\u00edas.<\/p><p>En los \u00faltimos meses, diversas organizaciones que defienden los derechos de las personas privadas de libertad han denunciado que se estar\u00edan cometiendo actos de torturas y otras violaciones que ponen en riesgo la vida e integridad f\u00edsica de estas personas, por lo que exigieron al gobierno integrar un equipo de trabajo que haga una investigaci\u00f3n oportuna, efectiva y pueda constatar los riesgos que enfrentan las personas privadas de libertad.<\/p><p>Entre las graves violaciones a los derechos humanos denunciadas se menciona la supuesta aplicaci\u00f3n de \u201ctoques el\u00e9ctricos\u201d, la \u201cextracci\u00f3n de u\u00f1as\u201d, quemaduras de segundo y tercer grado por exposici\u00f3n prolongada al sol, dormir desnudos sobre el piso, golpes en sus cuerpos durante la madrugada e incluso que introducen la cabeza, de los privados de libertad, en sanitarios llenos de orina y heces.<\/p><p><strong>CONADEH condena supuestos actos de tortura<\/strong><\/p><p>Yumila D\u00edaz, Delegada Adjunta Primera del Comisionado Nacional de los Derechos Humanos conden\u00f3 los actos de tortura que se estar\u00edan cometiendo en los centros penitenciarios del pa\u00eds y exhort\u00f3, al Estado hondure\u00f1o, a prevenir la tortura, los tratos crueles, inhumanos y degradantes en perjuicio de las personas que se encuentran retenidas o privadas de su libertad.<\/p><p><em>\u201cLas autoridades hondure\u00f1as<\/em><em> deben investigar todo acto que constituya o pueda constituir un acto de tortura, tratos crueles inhumanos y degradantes, como parte de las obligaciones contra\u00eddas por el Estado al ratificar la Convenci\u00f3n contra la Tortura y su Protocolo Facultativo\u201d<\/em>, declar\u00f3.<\/p><p>Tambi\u00e9n hizo referencia a lo establecido en la Convenci\u00f3n Americana sobre Derechos Humanos \u00a0en lo relativo a la integridad personal, en el sentido que \u201ctoda persona tiene derecho a que se respete su integridad f\u00edsica, ps\u00edquica y moral\u201d, \u00a0\u201cnadie debe ser sometido a torturas ni a penas o tratos crueles, inhumanos o degradantes\u201d.<\/p><p><strong>CONADEH atendi\u00f3 cerca de 1700 quejas<\/strong><\/p><p>Entre el a\u00f1o 2019 y el primer semestre del 2023, el CONADEH atendi\u00f3 1,696 quejas de supuestas violaciones a los derechos humanos interpuestas por personas privadas de libertad, familiares y organizaciones defensoras de los derechos humanos de esta poblaci\u00f3n.<\/p><p>Entre las violaciones m\u00e1s recurrentes, denunciadas ante el CONADEH, est\u00e1n, <em>el derecho a la vida e integridad f\u00edsica, el derecho a un trato digno, el derecho a la salud, el derecho a condiciones dignas de alojamiento y el acceso a la justicia<\/em>.<\/p><p>D\u00edaz record\u00f3, a las autoridades encargadas de la seguridad en los centros penitenciarios, lo establecido en las Reglas M\u00ednimas de las Naciones Unidas para el Tratamiento de los Reclusos (Reglas Mandela): \u00a8<em>La disciplina y el orden se mantendr\u00e1n sin imponer m\u00e1s restricciones de las necesarias para garantizar la custodia segura, el funcionamiento seguro del establecimiento penitenciario y la buena organizaci\u00f3n de la vida en com\u00fan\u00a8<\/em><\/p><p>En las \u00faltimas dos d\u00e9cadas, los centros penitenciarios, en Honduras, han sido escenario de una serie de eventos tr\u00e1gicos, como incendios, enfrentamientos y amotinamientos, que han tenido un impacto directo en los derechos de las personas privadas de libertad.<\/p><p>Se estima que, m\u00e1s de 1,050 personas privadas de libertad perdieron la vida violentamente desde el a\u00f1o 2003, en diferentes centros penitenciarios del pa\u00eds.<\/p><p>La poblaci\u00f3n penitenciaria, en Honduras, es de 19,557 personas, de las cuales, 18,306 son hombres y 1,251 mujeres.<\/p><p>Actualmente, la situaci\u00f3n jur\u00eddica de los privados de libertad indica que el 54% se encuentran \u00a0sentenciados mientras que el 46% en calidad de procesados<\/p>\t\t\t\t\t\t\t\t<\/div>\n\t\t\t\t<\/div>\n\t\t\t\t\t<\/div>\n\t\t\t\t<\/div>\n\t\t<div class=\"elementor-element elementor-element-225794a e-flex e-con-boxed e-con e-parent\" data-id=\"225794a\" data-element_type=\"container\" data-e-type=\"container\">\n\t\t\t\t\t<div class=\"e-con-inner\">\n\t\t\t\t<div class=\"elementor-element elementor-element-d43a43c elementor-widget elementor-widget-image\" data-id=\"d43a43c\" data-element_type=\"widget\" data-e-type=\"widget\" data-widget_type=\"image.default\">\n\t\t\t\t<div class=\"elementor-widget-container\">\n\t\t\t\t\t\t\t\t\t\t\t\t\t\t\t<img fetchpriority=\"high\" decoding=\"async\" width=\"750\" height=\"422\" src=\"https:\/\/conadeh.hn\/wp-content\/uploads\/2024\/03\/carceles.jpg\" class=\"attachment-large size-large wp-image-2131\" alt=\"\" srcset=\"https:\/\/conadeh.hn\/wp-content\/uploads\/2024\/03\/carceles.jpg 980w, https:\/\/conadeh.hn\/wp-content\/uploads\/2024\/03\/carceles-300x169.jpg 300w, https:\/\/conadeh.hn\/wp-content\/uploads\/2024\/03\/carceles-768x432.jpg 768w\" sizes=\"(max-width: 750px) 100vw, 750px\" \/>\t\t\t\t\t\t\t\t\t\t\t\t\t\t\t<\/div>\n\t\t\t\t<\/div>\n\t\t\t\t\t<\/div>\n\t\t\t\t<\/div>\n\t\t\t\t<\/div>\n\t\t","protected":false},"excerpt":{"rendered":"","protected":false},"author":2,"featured_media":2131,"comment_status":"closed","ping_status":"closed","sticky":false,"template":"","format":"standard","meta":{"saved_in_kubio":false,"_themeisle_gutenberg_block_has_review":false,"_kadence_starter_templates_imported_post":false,"footnotes":""},"categories":[1],"tags":[],"class_list":["post-2130","post","type-post","status-publish","format-standard","has-post-thumbnail","hentry","category-uncategorized"],"_links":{"self":[{"href":"https:\/\/conadeh.hn\/index.php?rest_route=\/wp\/v2\/posts\/2130","targetHints":{"allow":["GET"]}}],"collection":[{"href":"https:\/\/conadeh.hn\/index.php?rest_route=\/wp\/v2\/posts"}],"about":[{"href":"https:\/\/conadeh.hn\/index.php?rest_route=\/wp\/v2\/types\/post"}],"author":[{"embeddable":true,"href":"https:\/\/conadeh.hn\/index.php?rest_route=\/wp\/v2\/users\/2"}],"replies":[{"embeddable":true,"href":"https:\/\/conadeh.hn\/index.php?rest_route=%2Fwp%2Fv2%2Fcomments&post=2130"}],"version-history":[{"count":4,"href":"https:\/\/conadeh.hn\/index.php?rest_route=\/wp\/v2\/posts\/2130\/revisions"}],"predecessor-version":[{"id":2135,"href":"https:\/\/conadeh.hn\/index.php?rest_route=\/wp\/v2\/posts\/2130\/revisions\/2135"}],"wp:featuredmedia":[{"embeddable":true,"href":"https:\/\/conadeh.hn\/index.php?rest_route=\/wp\/v2\/media\/2131"}],"wp:attachment":[{"href":"https:\/\/conadeh.hn\/index.php?rest_route=%2Fwp%2Fv2%2Fmedia&parent=2130"}],"wp:term":[{"taxonomy":"category","embeddable":true,"href":"https:\/\/conadeh.hn\/index.php?rest_route=%2Fwp%2Fv2%2Fcategories&post=2130"},{"taxonomy":"post_tag","embeddable":true,"href":"https:\/\/conadeh.hn\/index.php?rest_route=%2Fwp%2Fv2%2Ftags&post=2130"}],"curies":[{"name":"wp","href":"https:\/\/api.w.org\/{rel}","templated":true}]}}