{"id":2119,"date":"2024-03-06T19:52:40","date_gmt":"2024-03-06T19:52:40","guid":{"rendered":"https:\/\/conadeh.hn\/?p=2119"},"modified":"2024-03-06T19:56:13","modified_gmt":"2024-03-06T19:56:13","slug":"advierte-conadeh-crisis-migratoria-se-agudizara-en-el-2024-si-el-congreso-nacional-no-amplia-amnistia","status":"publish","type":"post","link":"https:\/\/conadeh.hn\/?p=2119","title":{"rendered":"Advierte CONADEH: Crisis migratoria se agudizar\u00e1 en el 2024 si el Congreso Nacional no amplia amnist\u00eda"},"content":{"rendered":"\t\t<div data-elementor-type=\"wp-post\" data-elementor-id=\"2119\" class=\"elementor elementor-2119\">\n\t\t\t\t<div class=\"elementor-element elementor-element-42a8cf7 e-flex e-con-boxed e-con e-parent\" data-id=\"42a8cf7\" data-element_type=\"container\" data-e-type=\"container\">\n\t\t\t\t\t<div class=\"e-con-inner\">\n\t\t\t\t<div class=\"elementor-element elementor-element-7755da2 elementor-widget elementor-widget-text-editor\" data-id=\"7755da2\" data-element_type=\"widget\" data-e-type=\"widget\" data-widget_type=\"text-editor.default\">\n\t\t\t\t<div class=\"elementor-widget-container\">\n\t\t\t\t\t\t\t\t\t<p><strong>Lunes 13 de noviembre de 2023<\/strong><\/p><p>\u00a0<\/p><p><strong><u>Advierte CONADEH:<\/u><\/strong><\/p><p><strong>Crisis migratoria se agudizar\u00e1 en el 2024 si el Congreso Nacional no amplia amnist\u00eda<\/strong><\/p><p>La Coordinadora de la Defensor\u00eda de Movilidad Humana del Comisionado Nacional de los Derechos Humanos (CONADEH), Elsy Reyes advirti\u00f3 hoy que la crisis migratoria, que vive el pa\u00eds, se puede agudizar, en el 2024, si el Congreso Nacional no ampl\u00eda la amnist\u00eda migratoria que, entre el 1 enero y el 8 de noviembre del 2023, benefici\u00f3 a m\u00e1s de 462,000 personas migrantes irregulares que transitaron por territorio hondure\u00f1o.<\/p><p>Es casi medio mill\u00f3n\u00a0 de personas que ingresaron al territorio hondure\u00f1o, en lo que va del 2023, y se han beneficiado con esta amnist\u00eda migratoria, lo que ha permitido que las personas migrantes\u00a0 usen rutas m\u00e1s seguras que les permite\u00a0 proteger y salvaguardar su vida\u00a0 e integridad personal, expres\u00f3.<\/p><p>Advirti\u00f3 que, la ampliaci\u00f3n de la amnist\u00eda migratoria es indispensable para prevenir una crisis que puede desencadenar en una serie de violaciones a los derechos humanos de los migrantes principalmente contra las personas en condici\u00f3n de vulnerabilidad.<\/p><p>Hasta ahora han transitado por territorio hondure\u00f1o 120,006 mujeres, 248,549 hombres, 41,326 ni\u00f1as y 52,223 ni\u00f1os, de diferentes edades y nacionalidades<\/p><p>Se estima que, por Honduras, transitaron con destino a los Estados Unidos unas 2,400 personas migrantes irregulares con edades que oscilan entre los 60 y 70 a\u00f1os, 251 de 71 a 80, 17 de 81 a 90 y dos mayores de 91 a\u00f1os.<\/p><p>Desde el CONADEH, estamos preocupados, porque la amnist\u00eda migratoria, que finaliza el 1 de enero del 2024, puede generar grandes complicaciones\u00a0 y consecuencias, sobre todo, para las personas migrantes.<\/p><p>Explic\u00f3 que la amnist\u00eda exonera de la sanci\u00f3n administrativa a las personas migrantes que ingresan a territorio hondure\u00f1o de manera irregular.<\/p><p>Esta amnist\u00eda permite que las personas puedan ingresar\u00a0 y que no se les cobren los 236 d\u00f3lares\u00a0 por su ingreso al pa\u00eds y que la gente no se quede varada ni estancada en los lugares por donde ingresan.<\/p><p><strong>Panorama sombr\u00edo en el Congreso Nacional<\/strong><\/p><p>Estamos en un panorama y en un contexto bastante complejo, sin embargo, los diputados tienen la obligaci\u00f3n de atender situaciones urgentes como es el tema migratorio, dijo Reyes.<\/p><p>Agreg\u00f3 que, Honduras vive una situaci\u00f3n sin precedentes y, es importante que los diputados del Congreso Nacional adopten cualesquiera de las dos opciones que se presentan, o ampl\u00edan la\u00a0 amnist\u00eda migratoria o reforman\u00a0 la Ley General de Migraci\u00f3n y Extranjer\u00eda,\u00a0 esta \u00faltima es una de las recomendaciones hechas,\u00a0 desde el a\u00f1o 2016, por el Comit\u00e9 para la Protecci\u00f3n de todos los Trabajadores Migratorios y sus Familiares.<\/p><p>\u201cEs muy importante que el Estado cumpla con sus obligaciones internacionales que ha asumido desde los diferentes tratados\u201d, record\u00f3.<\/p><p><strong>M\u00e1s de 462,000 personas migrantes beneficiadas con la amnist\u00eda migratoria<\/strong><\/p><p>El Congreso Nacional aprob\u00f3, en mayo 2022,\u00a0 la amnist\u00eda migratoria y eximi\u00f3 el pago de multas por infracci\u00f3n de la Ley de Migraci\u00f3n por el per\u00edodo de tres meses, determinaci\u00f3n que fue ampliada, en agosto de ese mismo a\u00f1o.<\/p><p>El 31 de mayo del 2023, el Congreso Nacional aprob\u00f3 un nuevo decreto que extiende la amnist\u00eda migratoria hasta el 1 de enero de 2024.<\/p><p>Entre enero y el 8 de noviembre del 2023, m\u00e1s de 462,000 personas migrantes irregulares procedentes de diversos pa\u00edses de \u00c1frica, Asia, el Caribe, Centro y Suram\u00e9rica fueron beneficiadas con la amnist\u00eda migratoria<\/p><p>Del casi medio mill\u00f3n de persona migrantes, que transitaron por territorio hondure\u00f1o, se logr\u00f3 identificar a un alto porcentaje de personas en condici\u00f3n de vulnerabilidad, entre ellos ni\u00f1os, ni\u00f1as, mujeres y adultos mayores.<\/p><p>Se han beneficiado con la amnist\u00eda migratoria, unas\u00a0 197,429\u00a0 personas migrantes procedentes de Venezuela, 75,217 haitianos, 69,849 cubanos, 40,198 ecuatorianos y 10,322 colombianos.<\/p><p>Unas 416,367 personas migrantes irregulares, que representan el 90%, ingresaron a territorio hondure\u00f1o por la zona oriental del pa\u00eds, principalmente por los municipios de Danl\u00ed y Trojes.<\/p>\t\t\t\t\t\t\t\t<\/div>\n\t\t\t\t<\/div>\n\t\t\t\t\t<\/div>\n\t\t\t\t<\/div>\n\t\t<div class=\"elementor-element elementor-element-ffcced1 e-flex e-con-boxed e-con e-parent\" data-id=\"ffcced1\" data-element_type=\"container\" data-e-type=\"container\">\n\t\t\t\t\t<div class=\"e-con-inner\">\n\t\t\t\t<div class=\"elementor-element elementor-element-48400a8 elementor-widget elementor-widget-image\" data-id=\"48400a8\" data-element_type=\"widget\" data-e-type=\"widget\" data-widget_type=\"image.default\">\n\t\t\t\t<div class=\"elementor-widget-container\">\n\t\t\t\t\t\t\t\t\t\t\t\t\t\t\t<img fetchpriority=\"high\" decoding=\"async\" width=\"750\" height=\"422\" src=\"https:\/\/conadeh.hn\/wp-content\/uploads\/2024\/03\/migrantes.jpg\" class=\"attachment-large size-large wp-image-2120\" alt=\"\" srcset=\"https:\/\/conadeh.hn\/wp-content\/uploads\/2024\/03\/migrantes.jpg 1420w, https:\/\/conadeh.hn\/wp-content\/uploads\/2024\/03\/migrantes-300x169.jpg 300w, https:\/\/conadeh.hn\/wp-content\/uploads\/2024\/03\/migrantes-768x432.jpg 768w\" sizes=\"(max-width: 750px) 100vw, 750px\" \/>\t\t\t\t\t\t\t\t\t\t\t\t\t\t\t<\/div>\n\t\t\t\t<\/div>\n\t\t\t\t\t<\/div>\n\t\t\t\t<\/div>\n\t\t\t\t<\/div>\n\t\t","protected":false},"excerpt":{"rendered":"<p>Lunes 13 de noviembre de 2023 \u00a0 Advierte CONADEH: Crisis migratoria se agudizar\u00e1 en el 2024 si el Congreso Nacional no amplia amnist\u00eda La Coordinadora de la Defensor\u00eda de Movilidad Humana del Comisionado Nacional de los Derechos Humanos (CONADEH), Elsy Reyes advirti\u00f3 hoy que la crisis migratoria, que vive el [&hellip;]<\/p>\n","protected":false},"author":2,"featured_media":2120,"comment_status":"closed","ping_status":"closed","sticky":false,"template":"","format":"standard","meta":{"saved_in_kubio":false,"_themeisle_gutenberg_block_has_review":false,"_kadence_starter_templates_imported_post":false,"footnotes":""},"categories":[1],"tags":[],"class_list":["post-2119","post","type-post","status-publish","format-standard","has-post-thumbnail","hentry","category-uncategorized"],"_links":{"self":[{"href":"https:\/\/conadeh.hn\/index.php?rest_route=\/wp\/v2\/posts\/2119","targetHints":{"allow":["GET"]}}],"collection":[{"href":"https:\/\/conadeh.hn\/index.php?rest_route=\/wp\/v2\/posts"}],"about":[{"href":"https:\/\/conadeh.hn\/index.php?rest_route=\/wp\/v2\/types\/post"}],"author":[{"embeddable":true,"href":"https:\/\/conadeh.hn\/index.php?rest_route=\/wp\/v2\/users\/2"}],"replies":[{"embeddable":true,"href":"https:\/\/conadeh.hn\/index.php?rest_route=%2Fwp%2Fv2%2Fcomments&post=2119"}],"version-history":[{"count":3,"href":"https:\/\/conadeh.hn\/index.php?rest_route=\/wp\/v2\/posts\/2119\/revisions"}],"predecessor-version":[{"id":2123,"href":"https:\/\/conadeh.hn\/index.php?rest_route=\/wp\/v2\/posts\/2119\/revisions\/2123"}],"wp:featuredmedia":[{"embeddable":true,"href":"https:\/\/conadeh.hn\/index.php?rest_route=\/wp\/v2\/media\/2120"}],"wp:attachment":[{"href":"https:\/\/conadeh.hn\/index.php?rest_route=%2Fwp%2Fv2%2Fmedia&parent=2119"}],"wp:term":[{"taxonomy":"category","embeddable":true,"href":"https:\/\/conadeh.hn\/index.php?rest_route=%2Fwp%2Fv2%2Fcategories&post=2119"},{"taxonomy":"post_tag","embeddable":true,"href":"https:\/\/conadeh.hn\/index.php?rest_route=%2Fwp%2Fv2%2Ftags&post=2119"}],"curies":[{"name":"wp","href":"https:\/\/api.w.org\/{rel}","templated":true}]}}