{"id":2091,"date":"2024-03-06T18:02:15","date_gmt":"2024-03-06T18:02:15","guid":{"rendered":"https:\/\/conadeh.hn\/?p=2091"},"modified":"2024-03-06T18:09:12","modified_gmt":"2024-03-06T18:09:12","slug":"para-beneficiar-a-grupos-vulnerables","status":"publish","type":"post","link":"https:\/\/conadeh.hn\/?p=2091","title":{"rendered":"Para beneficiar a grupos vulnerables: CONADEH y la Universidad para la Paz firman convenio de cooperaci\u00f3n acad\u00e9mica"},"content":{"rendered":"\t\t<div data-elementor-type=\"wp-post\" data-elementor-id=\"2091\" class=\"elementor elementor-2091\">\n\t\t\t\t<div class=\"elementor-element elementor-element-00d69ee e-flex e-con-boxed e-con e-parent\" data-id=\"00d69ee\" data-element_type=\"container\" data-e-type=\"container\">\n\t\t\t\t\t<div class=\"e-con-inner\">\n\t\t\t\t<div class=\"elementor-element elementor-element-c99212f elementor-widget elementor-widget-text-editor\" data-id=\"c99212f\" data-element_type=\"widget\" data-e-type=\"widget\" data-widget_type=\"text-editor.default\">\n\t\t\t\t<div class=\"elementor-widget-container\">\n\t\t\t\t\t\t\t\t\t<p><strong>Mi\u00e9rcoles 08 de noviembre de 2023<\/strong><\/p><p>\u00a0<\/p><p><strong><u>Para beneficiar a grupos vulnerables:<\/u><\/strong><\/p><p><strong>CONADEH y la Universidad para la Paz firman convenio de cooperaci\u00f3n acad\u00e9mica<\/strong><\/p><ul><li><strong>Ambas instituciones priorizar\u00e1n el desarrollo de actividades y proyectos en beneficio de grupos vulnerables y sujetos de especial protecci\u00f3n, desde una perspectiva diferencial<\/strong><\/li><\/ul><p>El Comisionado Nacional de los Derechos Humanos (CONADEH) y la Universidad para la Paz (UPAZ) firmaron un Convenio Marco de Cooperaci\u00f3n Acad\u00e9mica encaminado a \u00a0realizar trabajos conjuntos en la promoci\u00f3n y protecci\u00f3n de los derechos humanos, a trav\u00e9s de la realizaci\u00f3n de programas acad\u00e9micos para la capacitaci\u00f3n y formaci\u00f3n de p\u00fablicos de inter\u00e9s<\/p><p>El objetivo de este Convenio es oficializar la voluntad de colaboraci\u00f3n surgida entre ambas partes\u00a0 para facilitar y fomentar la cooperaci\u00f3n en las \u00e1reas de formaci\u00f3n y fortalecimiento institucional de inter\u00e9s com\u00fan.<\/p><p>El CONADEH\u00a0 tendr\u00e1, entre sus obligaciones, ofrecer una colaboraci\u00f3n t\u00e9cnica, integral y oportuna para garantizar la ejecuci\u00f3n efectiva del Convenio, adem\u00e1s, fomentar instancias de ense\u00f1anza e investigaci\u00f3n colaborativa en el \u00e1mbito de los derechos humanos.<\/p><p>Por su parte, la UPAZ\u00a0 dar\u00e1 seguimiento y apoyo \u201cin situ\u201d a las actividades que resulten de los compromisos conjuntos.<\/p><p>Ambas instituciones deber\u00e1n elaborar un plan de trabajo,\u00a0 definir las l\u00edneas de comunicaci\u00f3n adecuadas y formales, priorizar\u00e1n el desarrollo de actividades y proyectos en beneficio de grupos vulnerables y sujetos de especial protecci\u00f3n, desde una perspectiva diferencial.<\/p><p>La UPAZ, es una instituci\u00f3n acad\u00e9mica, dependiente de la Organizaci\u00f3n de las Naciones Unidas por la paz mundial, creada en virtud de la Resoluci\u00f3n A\/35-35 de la Asamblea General de la Organizaci\u00f3n de las Naciones Unidas, del 5 de diciembre de 1980.<\/p><p>Adem\u00e1s, tiene como misi\u00f3n brindar a la humanidad una instituci\u00f3n internacional de ense\u00f1anza superior para la paz con el objetivo de promover el esp\u00edritu de comprensi\u00f3n, tolerancia y coexistencia pac\u00edfica entre los seres humanos.<\/p><p>Asimismo, estimular la cooperaci\u00f3n entre los pueblos, ayudar a superar los obst\u00e1culos, coadyuvar a eliminar las amenazas a la paz y promover el progreso mundial de conformidad con las nobles aspiraciones proclamadas en la Carta de la Naciones Unidas.<\/p><p>La \u201cUPAZ\u201d ha colaborado, en Honduras, desde el a\u00f1o 2014, con diferentes instituciones y organizaciones p\u00fablicas y privadas, nacionales e internacionales, ejecutando, en conjunto, diferentes programas de fortalecimiento institucional y de capacitaci\u00f3n a nivel superior.<\/p><p>El Convenio Marco de Cooperaci\u00f3n fue firmado por el Rector de UPAZ, Francisco Rojas Aravena y la Comisionada Nacional de los Derechos Humanos, Blanca Izaguirre.<\/p>\t\t\t\t\t\t\t\t<\/div>\n\t\t\t\t<\/div>\n\t\t\t\t\t<\/div>\n\t\t\t\t<\/div>\n\t\t<div class=\"elementor-element elementor-element-7179901 e-flex e-con-boxed e-con e-parent\" data-id=\"7179901\" data-element_type=\"container\" data-e-type=\"container\">\n\t\t\t\t\t<div class=\"e-con-inner\">\n\t\t\t\t<div class=\"elementor-element elementor-element-f0d9c6f elementor-widget elementor-widget-image\" data-id=\"f0d9c6f\" data-element_type=\"widget\" data-e-type=\"widget\" data-widget_type=\"image.default\">\n\t\t\t\t<div class=\"elementor-widget-container\">\n\t\t\t\t\t\t\t\t\t\t\t\t\t\t\t<img fetchpriority=\"high\" decoding=\"async\" width=\"201\" height=\"251\" src=\"https:\/\/conadeh.hn\/wp-content\/uploads\/2024\/03\/upaz-1.jpg\" class=\"attachment-large size-large wp-image-2093\" alt=\"\" \/>\t\t\t\t\t\t\t\t\t\t\t\t\t\t\t<\/div>\n\t\t\t\t<\/div>\n\t\t\t\t\t<\/div>\n\t\t\t\t<\/div>\n\t\t\t\t<\/div>\n\t\t","protected":false},"excerpt":{"rendered":"","protected":false},"author":2,"featured_media":2093,"comment_status":"closed","ping_status":"closed","sticky":false,"template":"","format":"standard","meta":{"saved_in_kubio":false,"_themeisle_gutenberg_block_has_review":false,"_kadence_starter_templates_imported_post":false,"footnotes":""},"categories":[1],"tags":[],"class_list":["post-2091","post","type-post","status-publish","format-standard","has-post-thumbnail","hentry","category-uncategorized"],"_links":{"self":[{"href":"https:\/\/conadeh.hn\/index.php?rest_route=\/wp\/v2\/posts\/2091","targetHints":{"allow":["GET"]}}],"collection":[{"href":"https:\/\/conadeh.hn\/index.php?rest_route=\/wp\/v2\/posts"}],"about":[{"href":"https:\/\/conadeh.hn\/index.php?rest_route=\/wp\/v2\/types\/post"}],"author":[{"embeddable":true,"href":"https:\/\/conadeh.hn\/index.php?rest_route=\/wp\/v2\/users\/2"}],"replies":[{"embeddable":true,"href":"https:\/\/conadeh.hn\/index.php?rest_route=%2Fwp%2Fv2%2Fcomments&post=2091"}],"version-history":[{"count":5,"href":"https:\/\/conadeh.hn\/index.php?rest_route=\/wp\/v2\/posts\/2091\/revisions"}],"predecessor-version":[{"id":2098,"href":"https:\/\/conadeh.hn\/index.php?rest_route=\/wp\/v2\/posts\/2091\/revisions\/2098"}],"wp:featuredmedia":[{"embeddable":true,"href":"https:\/\/conadeh.hn\/index.php?rest_route=\/wp\/v2\/media\/2093"}],"wp:attachment":[{"href":"https:\/\/conadeh.hn\/index.php?rest_route=%2Fwp%2Fv2%2Fmedia&parent=2091"}],"wp:term":[{"taxonomy":"category","embeddable":true,"href":"https:\/\/conadeh.hn\/index.php?rest_route=%2Fwp%2Fv2%2Fcategories&post=2091"},{"taxonomy":"post_tag","embeddable":true,"href":"https:\/\/conadeh.hn\/index.php?rest_route=%2Fwp%2Fv2%2Ftags&post=2091"}],"curies":[{"name":"wp","href":"https:\/\/api.w.org\/{rel}","templated":true}]}}