{"id":2085,"date":"2024-03-06T17:47:41","date_gmt":"2024-03-06T17:47:41","guid":{"rendered":"https:\/\/conadeh.hn\/?p=2085"},"modified":"2024-03-06T17:49:51","modified_gmt":"2024-03-06T17:49:51","slug":"conadeh-y-red-de-pacientes-integran-mesa-para-atender-y-dar-seguimiento-a-quejas-de-violaciones-del-derecho-a-la-saludco","status":"publish","type":"post","link":"https:\/\/conadeh.hn\/?p=2085","title":{"rendered":"CONADEH y Red de pacientes: Integran Mesa para atender y dar seguimiento a quejas de violaciones del derecho a\u00a0 la salud"},"content":{"rendered":"\t\t<div data-elementor-type=\"wp-post\" data-elementor-id=\"2085\" class=\"elementor elementor-2085\">\n\t\t\t\t<div class=\"elementor-element elementor-element-70cf6cc e-flex e-con-boxed e-con e-parent\" data-id=\"70cf6cc\" data-element_type=\"container\" data-e-type=\"container\">\n\t\t\t\t\t<div class=\"e-con-inner\">\n\t\t\t\t<div class=\"elementor-element elementor-element-be4a8db elementor-widget elementor-widget-text-editor\" data-id=\"be4a8db\" data-element_type=\"widget\" data-e-type=\"widget\" data-widget_type=\"text-editor.default\">\n\t\t\t\t<div class=\"elementor-widget-container\">\n\t\t\t\t\t\t\t\t\t<p><strong>Martes 07 de noviembre de 2023<\/strong><\/p><p>\u00a0<\/p><p><strong><u>CONADEH y Red de pacientes<\/u><\/strong><\/p><p><strong>Integran Mesa para atender y dar seguimiento a quejas de violaciones del derecho a\u00a0 la salud<\/strong><\/p><ul><li><strong>\u201cNuestro grupo de pacientes son los m\u00e1s afectados ya que son personas vulnerables que requieren una atenci\u00f3n diferenciada y especializada por padecer una enfermedad cr\u00f3nica\u201d, expresaron los representantes de la REHAP.<\/strong><\/li><\/ul><p>El Comisionado Nacional de los Derechos Humanos (CONADEH) y la Red Hondure\u00f1a de Asociaciones de Pacientes (REHAP) se reunieron hoy para establecer v\u00ednculos de trabajo que les permita identificar y abordar las principales necesidades que enfrentan los pacientes en los diferentes centros hospitalarios del pa\u00eds.<\/p><p>En el marco de la reuni\u00f3n, se integr\u00f3 una Mesa\u00a0 de Trabajo para poder conocer m\u00e1s a fondo y dar seguimiento personalizado a\u00a0 las denuncias de violaciones del derecho a la salud de los pacientes, principalmente de aquellos enfrentan una enfermedad cr\u00f3nica<\/p><p>Como organizaciones comprometidas con el bienestar de los pacientes enfrentamos retos, a diario, en nuestro sistema de salud, motivo por el cual nos vemos en la necesidad de establecer v\u00ednculos con el CONADEH para identificar y abordar las principales necesidades y la b\u00fasqueda de soluciones, expresaron los miembros de la REHAP.<\/p><p>Las organizaciones de pacientes buscan participar de manera m\u00e1s activa en la promoci\u00f3n y defensa de los derechos humanos, abogar por pol\u00edticas de salud m\u00e1s equitativas y efectivas y denunciar las violaciones del derecho a la salud.<\/p><p>Adem\u00e1s, contar con una plataforma m\u00e1s s\u00f3lida que les permita influir en la toma de decisiones y promover los cambios necesarios en el sistema de salud asegurando que las voces, de quienes est\u00e1n directamente afectados, sean escuchadas y consideradas por las autoridades.<\/p><p>Los miembros de la REHAP consideran que la creaci\u00f3n de espacios de trabajo conjunto con el CONADEH ser\u00e1 esencial para garantizar la protecci\u00f3n de los derechos de las personas en el \u00e1mbito de la salud.<\/p><p><strong>Pacientes con enfermedades cr\u00f3nicas los m\u00e1s afectados<\/strong><\/p><p>Recordaron que, en octubre del 2014, los Estados miembros de la Organizaci\u00f3n Panamericana de la Salud\u00a0 (OPS) aprobaron la estrategia para el acceso y la cobertura universal de salud.<\/p><p>En la misma se hace hincapi\u00e9 en la necesidad de fortalecer los sistemas de salud para lograr el acceso y la cobertura universal a base reducir las inequidades en materia de salud,\u00a0 ampliar el acceso\u00a0 a una atenci\u00f3n integral de calidad y mejorar la salud y el bienestar de la poblaci\u00f3n.<\/p><p>Tambi\u00e9n se subraya la necesidad de invertir m\u00e1s en salud y hacerlo mejor, particularmente, con miras\u00a0 a fortalecer el primer nivel de atenci\u00f3n y de dar pasos decisivos hacia la integraci\u00f3n de estos servicios.<\/p><p>No obstante, la REHAP considera que, en Honduras, la estrategia no est\u00e1 siendo aplicada en su totalidad por la falta de servicios de salud equitativos, integrales e integrados.<\/p><p>\u201cNuestro grupo de pacientes son los m\u00e1s afectados ya que son personas vulnerables que requieren una atenci\u00f3n diferenciada y especializada por padecer\u00a0 una enfermedad cr\u00f3nica\u201d.<\/p><p>Indicaron que las desigualdades en el sector salud se manifiestan d\u00eda a d\u00eda en los hospitales\u00a0 ante las dificultades que tienen las personas de acceder a consultas m\u00e9dicas, insumos, estudios cl\u00ednicos y tratamientos.<\/p><p>Adem\u00e1s, identificaron una serie de\u00a0 desaf\u00edos que van desde las deficiencias de infraestructura, falta de personal m\u00e9dico especializado y, servicios de salud no disponibles, cuando el paciente lo requiere.<\/p><p><strong>Una decena de organizaciones integran la REHAP<\/strong><\/p><p>Sandra Aquino, representante de la REHAP, cuestion\u00f3 que el sistema de salud de Honduras es muy deficiente y que se caracteriza por tener muchas debilidades<\/p><p>Explic\u00f3 que la reuni\u00f3n, con el CONADEH, se dieron a conocer las inequidades que existen en el sistema de salud, principalmente cuando se trata de la atenci\u00f3n de enfermedades cr\u00f3nicas que necesitan de medicamentos y de una\u00a0 atenci\u00f3n inmediata e integral.<\/p><p>Otro de los representantes de la REHAP, Jos\u00e9 L\u00f3pez, explic\u00f3 que la reuni\u00f3n con el CONADEH\u00a0 permiti\u00f3 exponer las m\u00faltiples dificultades y barreras que enfrentan los pacientes para recibir la atenci\u00f3n que se merecen y que el Estado debe garantizarles.<\/p><p>Luego de escuchar la exposici\u00f3n de los miembros de la Red\u00a0 de Pacientes, la Delegada Adjunta I del CONADEH, Yumila D\u00edaz, hizo un llamado a la Secretar\u00eda de Salud para que se respete y se garantice el derecho de salud que tienen todos los hondure\u00f1os.<\/p><p>La Red Hondure\u00f1a de\u00a0 Asociaciones de Pacientes (REHAP) es una plataforma conformada por la\u00a0 Asociaci\u00f3n de Pacientes con C\u00e1ncer Fe y Esperanza (ASOPAFE), Fundaci\u00f3n Luz y Vida (FUNLUVI),\u00a0 Fundaci\u00f3n Esclerosis M\u00faltiple Amor (FEMA), Asociaci\u00f3n Hondure\u00f1a de Esclerosis M\u00faltiple (SOHEM), Asociaci\u00f3n Hondure\u00f1a de Pacientes con Enfermedades Reum\u00e1ticas (ASHOPER).<\/p><p>Tambi\u00e9n la integran, la Sociedad Hondure\u00f1a de Hemofilia, la Asociaci\u00f3n Hondure\u00f1a\u00a0 de Pacientes Oncol\u00f3gicos(AHPON), la Fundaci\u00f3n Hondure\u00f1a para la Salud Hep\u00e1tica (FUNHEPA), la Asociaci\u00f3n de Pacientes con Atrofia Muscular Espinal de Honduras (APAMEH), todos comprometidos en trabajar por el bienestar de los pacientes.<\/p>\t\t\t\t\t\t\t\t<\/div>\n\t\t\t\t<\/div>\n\t\t\t\t\t<\/div>\n\t\t\t\t<\/div>\n\t\t<div class=\"elementor-element elementor-element-0590c5d e-flex e-con-boxed e-con e-parent\" data-id=\"0590c5d\" data-element_type=\"container\" data-e-type=\"container\">\n\t\t\t\t\t<div class=\"e-con-inner\">\n\t\t\t\t<div class=\"elementor-element elementor-element-a64be27 elementor-widget elementor-widget-image\" data-id=\"a64be27\" data-element_type=\"widget\" data-e-type=\"widget\" data-widget_type=\"image.default\">\n\t\t\t\t<div class=\"elementor-widget-container\">\n\t\t\t\t\t\t\t\t\t\t\t\t\t\t\t<img fetchpriority=\"high\" decoding=\"async\" width=\"696\" height=\"426\" src=\"https:\/\/conadeh.hn\/wp-content\/uploads\/2024\/03\/salud-mesa.webp\" class=\"attachment-large size-large wp-image-2086\" alt=\"\" srcset=\"https:\/\/conadeh.hn\/wp-content\/uploads\/2024\/03\/salud-mesa.webp 696w, https:\/\/conadeh.hn\/wp-content\/uploads\/2024\/03\/salud-mesa-300x184.webp 300w\" sizes=\"(max-width: 696px) 100vw, 696px\" \/>\t\t\t\t\t\t\t\t\t\t\t\t\t\t\t<\/div>\n\t\t\t\t<\/div>\n\t\t\t\t\t<\/div>\n\t\t\t\t<\/div>\n\t\t\t\t<\/div>\n\t\t","protected":false},"excerpt":{"rendered":"<p>Martes 07 de noviembre de 2023 \u00a0 CONADEH y Red de pacientes Integran Mesa para atender y dar seguimiento a quejas de violaciones del derecho a\u00a0 la salud \u201cNuestro grupo de pacientes son los m\u00e1s afectados ya que son personas vulnerables que requieren una atenci\u00f3n diferenciada y especializada por padecer [&hellip;]<\/p>\n","protected":false},"author":2,"featured_media":2086,"comment_status":"closed","ping_status":"closed","sticky":false,"template":"","format":"standard","meta":{"saved_in_kubio":false,"_themeisle_gutenberg_block_has_review":false,"_kadence_starter_templates_imported_post":false,"footnotes":""},"categories":[1],"tags":[],"class_list":["post-2085","post","type-post","status-publish","format-standard","has-post-thumbnail","hentry","category-uncategorized"],"_links":{"self":[{"href":"https:\/\/conadeh.hn\/index.php?rest_route=\/wp\/v2\/posts\/2085","targetHints":{"allow":["GET"]}}],"collection":[{"href":"https:\/\/conadeh.hn\/index.php?rest_route=\/wp\/v2\/posts"}],"about":[{"href":"https:\/\/conadeh.hn\/index.php?rest_route=\/wp\/v2\/types\/post"}],"author":[{"embeddable":true,"href":"https:\/\/conadeh.hn\/index.php?rest_route=\/wp\/v2\/users\/2"}],"replies":[{"embeddable":true,"href":"https:\/\/conadeh.hn\/index.php?rest_route=%2Fwp%2Fv2%2Fcomments&post=2085"}],"version-history":[{"count":4,"href":"https:\/\/conadeh.hn\/index.php?rest_route=\/wp\/v2\/posts\/2085\/revisions"}],"predecessor-version":[{"id":2090,"href":"https:\/\/conadeh.hn\/index.php?rest_route=\/wp\/v2\/posts\/2085\/revisions\/2090"}],"wp:featuredmedia":[{"embeddable":true,"href":"https:\/\/conadeh.hn\/index.php?rest_route=\/wp\/v2\/media\/2086"}],"wp:attachment":[{"href":"https:\/\/conadeh.hn\/index.php?rest_route=%2Fwp%2Fv2%2Fmedia&parent=2085"}],"wp:term":[{"taxonomy":"category","embeddable":true,"href":"https:\/\/conadeh.hn\/index.php?rest_route=%2Fwp%2Fv2%2Fcategories&post=2085"},{"taxonomy":"post_tag","embeddable":true,"href":"https:\/\/conadeh.hn\/index.php?rest_route=%2Fwp%2Fv2%2Ftags&post=2085"}],"curies":[{"name":"wp","href":"https:\/\/api.w.org\/{rel}","templated":true}]}}