{"id":2066,"date":"2024-03-06T17:01:22","date_gmt":"2024-03-06T17:01:22","guid":{"rendered":"https:\/\/conadeh.hn\/?p=2066"},"modified":"2024-03-06T17:12:02","modified_gmt":"2024-03-06T17:12:02","slug":"instan-a-diputados-del-congreso-nacional-recurrir-al-dialogo","status":"publish","type":"post","link":"https:\/\/conadeh.hn\/?p=2066","title":{"rendered":"Instan a diputados del Congreso Nacional recurrir al di\u00e1logo"},"content":{"rendered":"\t\t<div data-elementor-type=\"wp-post\" data-elementor-id=\"2066\" class=\"elementor elementor-2066\">\n\t\t\t\t<div class=\"elementor-element elementor-element-063c240 e-flex e-con-boxed e-con e-parent\" data-id=\"063c240\" data-element_type=\"container\" data-e-type=\"container\">\n\t\t\t\t\t<div class=\"e-con-inner\">\n\t\t\t\t<div class=\"elementor-element elementor-element-2f5bd2b elementor-widget elementor-widget-text-editor\" data-id=\"2f5bd2b\" data-element_type=\"widget\" data-e-type=\"widget\" data-widget_type=\"text-editor.default\">\n\t\t\t\t<div class=\"elementor-widget-container\">\n\t\t\t\t\t\t\t\t\t<p><strong>Mi\u00e9rcoles 1 de noviembre de 2023<\/strong><\/p><p>\u00a0<\/p><p><strong>Instan a diputados del Congreso Nacional recurrir al di\u00e1logo <\/strong><\/p><p><strong>\u00a0\u00a0\u00a0\u00a0\u00a0\u00a0\u00a0\u00a0\u00a0\u00a0\u00a0\u00a0\u00a0\u00a0\u00a0\u00a0\u00a0\u00a0\u00a0\u00a0\u00a0\u00a0\u00a0\u00a0\u00a0\u00a0\u00a0\u00a0\u00a0\u00a0\u00a0\u00a0\u00a0\u00a0\u00a0\u00a0\u00a0\u00a0\u00a0\u00a0\u00a0\u00a0\u00a0\u00a0\u00a0\u00a0\u00a0\u00a0\u00a0\u00a0\u00a0\u00a0\u00a0\u00a0\u00a0\u00a0\u00a0\u00a0\u00a0\u00a0\u00a0\u00a0\u00a0\u00a0\u00a0\u00a0\u00a0\u00a0\u00a0\u00a0\u00a0 COMUNICADO<\/strong><\/p><p>La Titular del Comisionado Nacional de los Derechos Humanos (la Titular o Comisionada), la abogada Blanca Izaguirre, en el ejercicio de su mandato constitucional con independencia funcional y de criterio; ante los hechos ocurridos en el Congreso Nacional de la Rep\u00fablica, se pronuncia en los t\u00e9rminos siguientes:<\/p><ol><li>La Comisionada expresa su preocupaci\u00f3n por la grave tensi\u00f3n y los hechos violentos acaecidos el 31 de octubre de 2023, en el Congreso Nacional, la gravedad de estos hechos guarda relaci\u00f3n directa con la polarizaci\u00f3n entre las y los diputados de las diferentes bancadas a ra\u00edz de la falta de consensos para la elecci\u00f3n del nuevo Fiscal General y Fiscal Adjunto(a) del Ministerio P\u00fablico.<\/li><li>La Titular del CONADEH insta a las diferentes fiscal\u00edas del Ministerio P\u00fablico a investigar de manera oficiosa los hechos constitutivos de delitos y en todo caso, deducir la responsabilidad penal, civil y\/o administrativa correspondiente.<\/li><li>En consecuencia, la Comisionada hace un llamado a las diputadas y los diputados a recurrir al di\u00e1logo respetuoso, responsable, serio, \u00e9tico y profesional, el cual debe regirse por los principios democr\u00e1ticos propios de un Estado de Derecho, as\u00ed como, a la ciudadan\u00eda, a mantener la cordura en cada una de sus actuaciones y evitar hechos violentos o delictivos que pongan en riesgo la integridad f\u00edsica y la vida de las personas.<\/li><li>Finalmente, el CONADEH recuerda a los poderes del Estado y dem\u00e1s instituciones p\u00fablicas que, la institucionalidad se funda en la Principio de Separaci\u00f3n e Independencia entre Poderes, el cual se operativiza a trav\u00e9s del sistema de pesos y contra pesos, mismo que aumenta la confianza ciudadana, reduce la conflictividad y la polarizaci\u00f3n social, y potencia la vigencia y garant\u00eda de los derechos y libertades fundamentales en la Rep\u00fablica.<\/li><\/ol><p><strong>Tegucigalpa, M.D.C., 01 de noviembre de 2023<\/strong><\/p><p>\u00a0<\/p>\t\t\t\t\t\t\t\t<\/div>\n\t\t\t\t<\/div>\n\t\t\t\t\t<\/div>\n\t\t\t\t<\/div>\n\t\t<div class=\"elementor-element elementor-element-9da6a95 e-flex e-con-boxed e-con e-parent\" data-id=\"9da6a95\" data-element_type=\"container\" data-e-type=\"container\">\n\t\t\t\t\t<div class=\"e-con-inner\">\n\t\t\t\t<div class=\"elementor-element elementor-element-3adf182 elementor-widget elementor-widget-image\" data-id=\"3adf182\" data-element_type=\"widget\" data-e-type=\"widget\" data-widget_type=\"image.default\">\n\t\t\t\t<div class=\"elementor-widget-container\">\n\t\t\t\t\t\t\t\t\t\t\t\t\t\t\t<img fetchpriority=\"high\" decoding=\"async\" width=\"750\" height=\"422\" src=\"https:\/\/conadeh.hn\/wp-content\/uploads\/2024\/03\/congreso-bajos.jpg\" class=\"attachment-large size-large wp-image-2068\" alt=\"\" srcset=\"https:\/\/conadeh.hn\/wp-content\/uploads\/2024\/03\/congreso-bajos.jpg 1280w, https:\/\/conadeh.hn\/wp-content\/uploads\/2024\/03\/congreso-bajos-300x169.jpg 300w, https:\/\/conadeh.hn\/wp-content\/uploads\/2024\/03\/congreso-bajos-768x432.jpg 768w\" sizes=\"(max-width: 750px) 100vw, 750px\" \/>\t\t\t\t\t\t\t\t\t\t\t\t\t\t\t<\/div>\n\t\t\t\t<\/div>\n\t\t\t\t\t<\/div>\n\t\t\t\t<\/div>\n\t\t\t\t<\/div>\n\t\t","protected":false},"excerpt":{"rendered":"<p>Mi\u00e9rcoles 1 de noviembre de 2023 \u00a0 Instan a diputados del Congreso Nacional recurrir al di\u00e1logo \u00a0\u00a0\u00a0\u00a0\u00a0\u00a0\u00a0\u00a0\u00a0\u00a0\u00a0\u00a0\u00a0\u00a0\u00a0\u00a0\u00a0\u00a0\u00a0\u00a0\u00a0\u00a0\u00a0\u00a0\u00a0\u00a0\u00a0\u00a0\u00a0\u00a0\u00a0\u00a0\u00a0\u00a0\u00a0\u00a0\u00a0\u00a0\u00a0\u00a0\u00a0\u00a0\u00a0\u00a0\u00a0\u00a0\u00a0\u00a0\u00a0\u00a0\u00a0\u00a0\u00a0\u00a0\u00a0\u00a0\u00a0\u00a0\u00a0\u00a0\u00a0\u00a0\u00a0\u00a0\u00a0\u00a0\u00a0\u00a0\u00a0\u00a0\u00a0 COMUNICADO La Titular del Comisionado Nacional de los Derechos Humanos (la Titular o Comisionada), la abogada Blanca Izaguirre, en el ejercicio de su mandato constitucional con independencia funcional y de criterio; ante los [&hellip;]<\/p>\n","protected":false},"author":2,"featured_media":2068,"comment_status":"closed","ping_status":"closed","sticky":false,"template":"","format":"standard","meta":{"saved_in_kubio":false,"_themeisle_gutenberg_block_has_review":false,"_kadence_starter_templates_imported_post":false,"footnotes":""},"categories":[1],"tags":[],"class_list":["post-2066","post","type-post","status-publish","format-standard","has-post-thumbnail","hentry","category-uncategorized"],"_links":{"self":[{"href":"https:\/\/conadeh.hn\/index.php?rest_route=\/wp\/v2\/posts\/2066","targetHints":{"allow":["GET"]}}],"collection":[{"href":"https:\/\/conadeh.hn\/index.php?rest_route=\/wp\/v2\/posts"}],"about":[{"href":"https:\/\/conadeh.hn\/index.php?rest_route=\/wp\/v2\/types\/post"}],"author":[{"embeddable":true,"href":"https:\/\/conadeh.hn\/index.php?rest_route=\/wp\/v2\/users\/2"}],"replies":[{"embeddable":true,"href":"https:\/\/conadeh.hn\/index.php?rest_route=%2Fwp%2Fv2%2Fcomments&post=2066"}],"version-history":[{"count":4,"href":"https:\/\/conadeh.hn\/index.php?rest_route=\/wp\/v2\/posts\/2066\/revisions"}],"predecessor-version":[{"id":2071,"href":"https:\/\/conadeh.hn\/index.php?rest_route=\/wp\/v2\/posts\/2066\/revisions\/2071"}],"wp:featuredmedia":[{"embeddable":true,"href":"https:\/\/conadeh.hn\/index.php?rest_route=\/wp\/v2\/media\/2068"}],"wp:attachment":[{"href":"https:\/\/conadeh.hn\/index.php?rest_route=%2Fwp%2Fv2%2Fmedia&parent=2066"}],"wp:term":[{"taxonomy":"category","embeddable":true,"href":"https:\/\/conadeh.hn\/index.php?rest_route=%2Fwp%2Fv2%2Fcategories&post=2066"},{"taxonomy":"post_tag","embeddable":true,"href":"https:\/\/conadeh.hn\/index.php?rest_route=%2Fwp%2Fv2%2Ftags&post=2066"}],"curies":[{"name":"wp","href":"https:\/\/api.w.org\/{rel}","templated":true}]}}