{"id":2039,"date":"2024-03-05T15:09:22","date_gmt":"2024-03-05T15:09:22","guid":{"rendered":"https:\/\/conadeh.hn\/?p=2039"},"modified":"2024-03-06T18:30:30","modified_gmt":"2024-03-06T18:30:30","slug":"pronunciamiento-ante-campana-de-desprestigio-en-contra-de-organizacion-calidad-de-vida","status":"publish","type":"post","link":"https:\/\/conadeh.hn\/?p=2039","title":{"rendered":"PRONUNCIAMIENTO ANTE CAMPA\u00d1A DE DESPRESTIGIO EN CONTRA DE, ORGANIZACI\u00d3N \u201cCALIDAD DE VIDA\u201d"},"content":{"rendered":"\t\t<div data-elementor-type=\"wp-post\" data-elementor-id=\"2039\" class=\"elementor elementor-2039\">\n\t\t\t\t<div class=\"elementor-element elementor-element-38b1fce e-flex e-con-boxed e-con e-parent\" data-id=\"38b1fce\" data-element_type=\"container\" data-e-type=\"container\">\n\t\t\t\t\t<div class=\"e-con-inner\">\n\t\t\t\t<div class=\"elementor-element elementor-element-53f4ec1 elementor-widget elementor-widget-text-editor\" data-id=\"53f4ec1\" data-element_type=\"widget\" data-e-type=\"widget\" data-widget_type=\"text-editor.default\">\n\t\t\t\t<div class=\"elementor-widget-container\">\n\t\t\t\t\t\t\t\t\t<p><strong>PRONUNCIA<\/strong><strong>MIENTO<\/strong><strong> ANTE CAMPA\u00d1A DE DESPRESTIGIO EN CONTRA DE, ORGANIZACI\u00d3N \u201cCALIDAD DE VIDA\u201d <\/strong><\/p><p><strong>Comunicado No. 02-03-2024<\/strong><\/p><p>El CONADEH tiene el mandato de velar por la prevenci\u00f3n, promoci\u00f3n, protecci\u00f3n y la defensa de los derechos humanos y libertades fundamentales de las y los habitantes, y especialmente, los de las personas en situaci\u00f3n de vulnerabilidad, consagrados en la Constituci\u00f3n de la Rep\u00fablica, tratados y convenios internacionales, mediante la supervisi\u00f3n de las acciones u omisiones de las instituciones del Estado en su conjunto y entidades privadas que prestan servicios p\u00fablicos.<\/p><p>El CONADEH expresa su preocupaci\u00f3n por la campa\u00f1a de desprestigio y desinformaci\u00f3n montada en contra de la licenciada Ana Lizzet Cruz, coordinadora de la Organizaci\u00f3n de sociedad civil \u201c<strong>CALIDAD DE VIDA\u201d<\/strong>, la que desde su fundaci\u00f3n en 1996 previene, atiende y busca erradicar la violencia en contra de las mujeres y ha trabajado como una organizaci\u00f3n aliada del CONADEH, sin que recibi\u00e9semos queja alguna de actos irregulares por parte de las peticionarias del CONADEH.<\/p><p>En ese sentido, expresamos nuestro apoyo a la licenciada Ana Lizzet Cruz y a toda la noble organizaci\u00f3n que dirige, exhortamos a la Direcci\u00f3n General del Sistema de Protecci\u00f3n realizar los an\u00e1lisis de riesgo a trav\u00e9s del Mecanismo de Protecci\u00f3n a personas defensoras, periodistas, comunicadores y operadores de justicia, con un plan de seguridad y medidas de protecci\u00f3n personales y colectivas.\u00a0<\/p><p>Asimismo, al Ministerio P\u00fablico a responder con la debida diligencia en el proceso de investigaci\u00f3n que corresponde.<\/p><p>Recordamos que la Comisi\u00f3n Interamericana de Derechos Humanos (CIDH), ha expresado su preocupaci\u00f3n ante la violencia, intimidaci\u00f3n y criminalizaci\u00f3n de personas defensoras en el pa\u00eds, poniendo en relieve que es obligaci\u00f3n de <strong><em>los Estados proteger integralmente el derecho a defender los derechos.<\/em><\/strong><\/p><p>Por tanto, es indispensable y urgente que se adopten medidas positivas que fomenten una cultura de derechos y un ambiente libre de violencia y amenazas; reconociendo el valor y la importancia del trabajo de las personas defensoras y se investiguen de forma seria y efectiva cualquier violaci\u00f3n de derechos humanos en su contra.<a href=\"#_ftn1\" name=\"_ftnref1\">[1]<\/a><\/p><p><strong>Tegucigalpa, Honduras. 04 de marzo de 2024.<\/strong><\/p><p><a href=\"#_ftnref1\" name=\"_ftn1\">[1]<\/a> CIDH. Comunicado de Prensa. \u201cElevada Violencia Contra Personas Defensoras\u201d. 2022. P\u00e1g. No. 1. P\u00e1rr. No. 16.<\/p>\t\t\t\t\t\t\t\t<\/div>\n\t\t\t\t<\/div>\n\t\t\t\t\t<\/div>\n\t\t\t\t<\/div>\n\t\t<div class=\"elementor-element elementor-element-4fde5e1 e-flex e-con-boxed e-con e-parent\" data-id=\"4fde5e1\" data-element_type=\"container\" data-e-type=\"container\">\n\t\t\t\t\t<div class=\"e-con-inner\">\n\t\t\t\t<div class=\"elementor-element elementor-element-63fd389 elementor-widget elementor-widget-image\" data-id=\"63fd389\" data-element_type=\"widget\" data-e-type=\"widget\" data-widget_type=\"image.default\">\n\t\t\t\t<div class=\"elementor-widget-container\">\n\t\t\t\t\t\t\t\t\t\t\t\t\t\t\t<img fetchpriority=\"high\" decoding=\"async\" width=\"657\" height=\"901\" src=\"https:\/\/conadeh.hn\/wp-content\/uploads\/2024\/03\/COMUNICADO-CALIDAD-DE-VIDA.jpg\" class=\"attachment-large size-large wp-image-2099\" alt=\"\" srcset=\"https:\/\/conadeh.hn\/wp-content\/uploads\/2024\/03\/COMUNICADO-CALIDAD-DE-VIDA.jpg 657w, https:\/\/conadeh.hn\/wp-content\/uploads\/2024\/03\/COMUNICADO-CALIDAD-DE-VIDA-219x300.jpg 219w\" sizes=\"(max-width: 657px) 100vw, 657px\" \/>\t\t\t\t\t\t\t\t\t\t\t\t\t\t\t<\/div>\n\t\t\t\t<\/div>\n\t\t\t\t\t<\/div>\n\t\t\t\t<\/div>\n\t\t\t\t<\/div>\n\t\t","protected":false},"excerpt":{"rendered":"<p>PRONUNCIAMIENTO ANTE CAMPA\u00d1A DE DESPRESTIGIO EN CONTRA DE, ORGANIZACI\u00d3N \u201cCALIDAD DE VIDA\u201d Comunicado No. 02-03-2024 El CONADEH tiene el mandato de velar por la prevenci\u00f3n, promoci\u00f3n, protecci\u00f3n y la defensa de los derechos humanos y libertades fundamentales de las y los habitantes, y especialmente, los de las personas en situaci\u00f3n [&hellip;]<\/p>\n","protected":false},"author":2,"featured_media":2099,"comment_status":"closed","ping_status":"closed","sticky":false,"template":"","format":"standard","meta":{"saved_in_kubio":false,"_themeisle_gutenberg_block_has_review":false,"_kadence_starter_templates_imported_post":false,"footnotes":""},"categories":[1],"tags":[],"class_list":["post-2039","post","type-post","status-publish","format-standard","has-post-thumbnail","hentry","category-uncategorized"],"_links":{"self":[{"href":"https:\/\/conadeh.hn\/index.php?rest_route=\/wp\/v2\/posts\/2039","targetHints":{"allow":["GET"]}}],"collection":[{"href":"https:\/\/conadeh.hn\/index.php?rest_route=\/wp\/v2\/posts"}],"about":[{"href":"https:\/\/conadeh.hn\/index.php?rest_route=\/wp\/v2\/types\/post"}],"author":[{"embeddable":true,"href":"https:\/\/conadeh.hn\/index.php?rest_route=\/wp\/v2\/users\/2"}],"replies":[{"embeddable":true,"href":"https:\/\/conadeh.hn\/index.php?rest_route=%2Fwp%2Fv2%2Fcomments&post=2039"}],"version-history":[{"count":10,"href":"https:\/\/conadeh.hn\/index.php?rest_route=\/wp\/v2\/posts\/2039\/revisions"}],"predecessor-version":[{"id":2105,"href":"https:\/\/conadeh.hn\/index.php?rest_route=\/wp\/v2\/posts\/2039\/revisions\/2105"}],"wp:featuredmedia":[{"embeddable":true,"href":"https:\/\/conadeh.hn\/index.php?rest_route=\/wp\/v2\/media\/2099"}],"wp:attachment":[{"href":"https:\/\/conadeh.hn\/index.php?rest_route=%2Fwp%2Fv2%2Fmedia&parent=2039"}],"wp:term":[{"taxonomy":"category","embeddable":true,"href":"https:\/\/conadeh.hn\/index.php?rest_route=%2Fwp%2Fv2%2Fcategories&post=2039"},{"taxonomy":"post_tag","embeddable":true,"href":"https:\/\/conadeh.hn\/index.php?rest_route=%2Fwp%2Fv2%2Ftags&post=2039"}],"curies":[{"name":"wp","href":"https:\/\/api.w.org\/{rel}","templated":true}]}}