{"id":1970,"date":"2024-03-04T17:44:51","date_gmt":"2024-03-04T17:44:51","guid":{"rendered":"https:\/\/conadeh.hn\/?p=1970"},"modified":"2024-03-04T18:04:06","modified_gmt":"2024-03-04T18:04:06","slug":"conadeh-expuso-ante-relatora-de-la-onu-situacion-que-enfrentan-los-periodistas-en-el-pais","status":"publish","type":"post","link":"https:\/\/conadeh.hn\/?p=1970","title":{"rendered":"CONADEH expuso ante Relatora de la ONU situaci\u00f3n que enfrentan los periodistas en el pa\u00eds"},"content":{"rendered":"\t\t<div data-elementor-type=\"wp-post\" data-elementor-id=\"1970\" class=\"elementor elementor-1970\">\n\t\t\t\t<div class=\"elementor-element elementor-element-90f6cd1 e-flex e-con-boxed e-con e-parent\" data-id=\"90f6cd1\" data-element_type=\"container\" data-e-type=\"container\">\n\t\t\t\t\t<div class=\"e-con-inner\">\n\t\t\t\t<div class=\"elementor-element elementor-element-86ad711 elementor-widget elementor-widget-text-editor\" data-id=\"86ad711\" data-element_type=\"widget\" data-e-type=\"widget\" data-widget_type=\"text-editor.default\">\n\t\t\t\t<div class=\"elementor-widget-container\">\n\t\t\t\t\t\t\t\t\t<p><strong>S\u00e1bado 21 de octubre de 2023<\/strong><\/p><p><strong>\u00a0<\/strong><\/p><p><strong>CONADEH expuso ante Relatora de la ONU situaci\u00f3n que enfrentan los periodistas en el pa\u00eds<\/strong><\/p><ul><li><strong>Se inform\u00f3 a la Relatora Especial de la ONU que, una de cada dos defensoras de derechos humanos ha sido objeto de agresi\u00f3n o amenaza <\/strong><strong>por la labor que realizan con el objetivo de silenciar sus voces y apartarlas de escenarios de liderazgo.<\/strong><\/li><\/ul><p>El Comisionado Nacional de Derechos Humanos (CONADEH) y la Relatora Especial de la ONU sobre la Promoci\u00f3n y Protecci\u00f3n a la Libertad de Expresi\u00f3n, Irene Khan se reunieron hoy, en Tegucigalpa, para abordar la situaci\u00f3n que enfrentan periodistas y defensores de los derechos humanos en el pa\u00eds.<\/p><p>En la reuni\u00f3n, los miembros del CONADEH expusieron sobre los delitos contra el honor, las barreras que se enfrentan, en el pa\u00eds, para ejercer la libertad de expresi\u00f3n, las medidas adoptadas por el Estado hondure\u00f1o para garantizar ese derecho y un an\u00e1lisis sobre el acceso a la informaci\u00f3n p\u00fablica y los principales desaf\u00edos que enfrenta la poblaci\u00f3n<\/p><p>La Delegada Adjunta del CONADEH, Yumila D\u00edaz expuso que, entre octubre del 2001 y lo que va del 2023, han muerto en circunstancias violentas 96 personas que trabajan en medios de comunicaci\u00f3n, cuyos cr\u00edmenes se mantienen impunes en m\u00e1s del 90% de los casos.<\/p><p>Agreg\u00f3 que, entre las v\u00edctimas figuran propietarios de medios de comunicaci\u00f3n, directores de espacios en radio y televisi\u00f3n, presentadores de noticias, locutores, camar\u00f3grafos, presentadores de programas de entretenimiento, cronistas deportivos, operadores, gestores de publicidad y editores de televisi\u00f3n<\/p><p>En Honduras, al menos 81 medios de comunicaci\u00f3n del pa\u00eds han sufrido o registrado la muerte violenta de uno o varios de sus empleados sean estos periodistas, locutores, camar\u00f3grafos, fot\u00f3grafos, operadores y editores<\/p><p>Tambi\u00e9n se hizo referencia a que el desplazamiento forzado de personas es un fen\u00f3meno en crecimiento, en Honduras, del que no escapan de ser v\u00edctimas los periodistas.<\/p><p>Entre el 2016 y julio del 2023, el CONADEH atendi\u00f3 a 107 periodistas y comunicadores sociales que denunciaron, estar en riesgo y ser v\u00edctimas de desplazamiento forzado, de los cuales, el 80% fueron objeto de amenazas que pusieron en riesgo su integridad f\u00edsica su vida.<\/p><p>Hasta julio del 2023, el CONADEH atendi\u00f3, al menos, 21 casos de periodistas y comunicadores, afectados por este fen\u00f3meno, cantidad que no solo supera las 20 atendidas en el 2022, sino que se constituye en la m\u00e1s alta, desde el 2016.<\/p><p>Pese a que, en el a\u00f1o 2015, el Estado hondure\u00f1o adopt\u00f3 la Ley de Defensoras y Defensores de Derechos Humanos, Periodistas, Comunicadores Sociales y Operadores de Justicia que crea el Sistema Nacional de Protecci\u00f3n para los beneficiarios que enfrentan riesgos, el CONADEH ha documentado una seria de casos en los cuales \u201clas medidas adoptadas por el mecanismo no son id\u00f3neas ni efectivas\u201d.<\/p><p>Si bien, en el 2018, se cre\u00f3, en el Ministerio P\u00fablico, la Fiscal\u00eda Especial para la Protecci\u00f3n de Defensores de los Derechos Humanos, Periodistas, Comunicadores Sociales y Operadores de Justicia, sin embargo, no se presentan mayores avances en la judicializaci\u00f3n y reparaci\u00f3n de casos de violaciones a los derechos humanos cometidos contra todo este sector.<\/p><p>Se estima que, entre el a\u00f1o 2018 y el 2021, de las 236 denuncias presentadas en solamente un caso se present\u00f3 requerimiento fiscal.<\/p><p><strong>Defensoras de derechos humanos en riesgo<\/strong><\/p><p>Por su parte, la gerente de defensor\u00edas del CONADEH, Mar\u00eda Jos\u00e9 G\u00e1lvez, expuso los riesgos que enfrentan las defensoras de la tierra, el territorio y el medio ambiente, en Honduras.<\/p><p>Agreg\u00f3 que, por informaci\u00f3n recabada de las propias afectadas, una de cada dos defensoras ha sido objeto de agresi\u00f3n o amenaza por la labor que realizan, con el objetivo de silenciar sus voces y apartarlas de escenarios de liderazgo.<\/p><p>Resalt\u00f3 que, las agresiones a las defensoras tienen un alto componente de g\u00e9nero, puesto que se usa la amenaza o la violaci\u00f3n sexual, ataques dirigidos contra su vida personal o la de sus hijos.<\/p><p>la situaci\u00f3n de riesgo para las defensoras de la tierra, territorio y medio ambiente se profundiza por ser mujeres, rurales y \u00e9tnicas y enfrentarse a un modelo de desarrollo que favorece los intereses de personas y grupos poderosos, pol\u00edtica y econ\u00f3micamente.<\/p><p>Adem\u00e1s, porque, contra ellas, se exacerban los riesgos de criminalizaci\u00f3n, discriminaci\u00f3n, estigmatizaci\u00f3n y militarizaci\u00f3n de sus territorios para silenciar su oposici\u00f3n o sus reclamos.<\/p><p>Los riesgos que asumen las mujeres defensoras de derechos humanos, cuando efect\u00faan su labor, se extienden y las afectan no s\u00f3lo a ellas, sino que, a sus seres m\u00e1s cercanos, especialmente a sus hijas e hijos.<\/p><p>La Relatora Especial de la ONU sobre la promoci\u00f3n y protecci\u00f3n del derecho a la libertad de expresi\u00f3n, Irene Khan, realiza una visita oficial a Honduras de 12 d\u00edas que concluye el 27 de octubre, para evaluar la libertad de opini\u00f3n y expresi\u00f3n, incluida la libertad de los medios de comunicaci\u00f3n.<\/p><p>Adem\u00e1s de visitar Tegucigalpa, la Relatora Especial de la ONU estar\u00e1 en La Ceiba y San Pedro Sula para reunirse con funcionarios del Gobierno, de instituciones del Estado y representantes de la sociedad civil.<\/p><p>Durante su visita, la Relatora Especial examinar\u00e1, entre otros temas, los relacionadas con la impunidad de la violencia contra periodistas y defensores de los derechos humanos y los obst\u00e1culos a la libertad de expresi\u00f3n para los grupos marginados y vulnerables.<\/p><p><strong>\u00a0<\/strong><\/p><p><strong>\u00a0<\/strong><\/p>\t\t\t\t\t\t\t\t<\/div>\n\t\t\t\t<\/div>\n\t\t\t\t\t<\/div>\n\t\t\t\t<\/div>\n\t\t<div class=\"elementor-element elementor-element-8449a1c e-flex e-con-boxed e-con e-parent\" data-id=\"8449a1c\" data-element_type=\"container\" data-e-type=\"container\">\n\t\t\t\t\t<div class=\"e-con-inner\">\n\t\t\t\t<div class=\"elementor-element elementor-element-95e2e7d elementor-widget elementor-widget-image\" data-id=\"95e2e7d\" data-element_type=\"widget\" data-e-type=\"widget\" data-widget_type=\"image.default\">\n\t\t\t\t<div class=\"elementor-widget-container\">\n\t\t\t\t\t\t\t\t\t\t\t\t\t\t\t<img fetchpriority=\"high\" decoding=\"async\" width=\"700\" height=\"406\" src=\"https:\/\/conadeh.hn\/wp-content\/uploads\/2024\/03\/reunion-conadeh.jpg\" class=\"attachment-large size-large wp-image-1972\" alt=\"\" srcset=\"https:\/\/conadeh.hn\/wp-content\/uploads\/2024\/03\/reunion-conadeh.jpg 700w, https:\/\/conadeh.hn\/wp-content\/uploads\/2024\/03\/reunion-conadeh-300x174.jpg 300w\" sizes=\"(max-width: 700px) 100vw, 700px\" \/>\t\t\t\t\t\t\t\t\t\t\t\t\t\t\t<\/div>\n\t\t\t\t<\/div>\n\t\t\t\t\t<\/div>\n\t\t\t\t<\/div>\n\t\t\t\t<\/div>\n\t\t","protected":false},"excerpt":{"rendered":"<p>S\u00e1bado 21 de octubre de 2023 \u00a0 CONADEH expuso ante Relatora de la ONU situaci\u00f3n que enfrentan los periodistas en el pa\u00eds Se inform\u00f3 a la Relatora Especial de la ONU que, una de cada dos defensoras de derechos humanos ha sido objeto de agresi\u00f3n o amenaza por la labor [&hellip;]<\/p>\n","protected":false},"author":2,"featured_media":1972,"comment_status":"closed","ping_status":"closed","sticky":false,"template":"","format":"standard","meta":{"saved_in_kubio":false,"_themeisle_gutenberg_block_has_review":false,"_kadence_starter_templates_imported_post":false,"footnotes":""},"categories":[1],"tags":[],"class_list":["post-1970","post","type-post","status-publish","format-standard","has-post-thumbnail","hentry","category-uncategorized"],"_links":{"self":[{"href":"https:\/\/conadeh.hn\/index.php?rest_route=\/wp\/v2\/posts\/1970","targetHints":{"allow":["GET"]}}],"collection":[{"href":"https:\/\/conadeh.hn\/index.php?rest_route=\/wp\/v2\/posts"}],"about":[{"href":"https:\/\/conadeh.hn\/index.php?rest_route=\/wp\/v2\/types\/post"}],"author":[{"embeddable":true,"href":"https:\/\/conadeh.hn\/index.php?rest_route=\/wp\/v2\/users\/2"}],"replies":[{"embeddable":true,"href":"https:\/\/conadeh.hn\/index.php?rest_route=%2Fwp%2Fv2%2Fcomments&post=1970"}],"version-history":[{"count":4,"href":"https:\/\/conadeh.hn\/index.php?rest_route=\/wp\/v2\/posts\/1970\/revisions"}],"predecessor-version":[{"id":1975,"href":"https:\/\/conadeh.hn\/index.php?rest_route=\/wp\/v2\/posts\/1970\/revisions\/1975"}],"wp:featuredmedia":[{"embeddable":true,"href":"https:\/\/conadeh.hn\/index.php?rest_route=\/wp\/v2\/media\/1972"}],"wp:attachment":[{"href":"https:\/\/conadeh.hn\/index.php?rest_route=%2Fwp%2Fv2%2Fmedia&parent=1970"}],"wp:term":[{"taxonomy":"category","embeddable":true,"href":"https:\/\/conadeh.hn\/index.php?rest_route=%2Fwp%2Fv2%2Fcategories&post=1970"},{"taxonomy":"post_tag","embeddable":true,"href":"https:\/\/conadeh.hn\/index.php?rest_route=%2Fwp%2Fv2%2Ftags&post=1970"}],"curies":[{"name":"wp","href":"https:\/\/api.w.org\/{rel}","templated":true}]}}