{"id":1957,"date":"2024-03-04T17:13:28","date_gmt":"2024-03-04T17:13:28","guid":{"rendered":"https:\/\/conadeh.hn\/?p=1957"},"modified":"2024-03-04T17:14:44","modified_gmt":"2024-03-04T17:14:44","slug":"mas-de-una-veintena-desde-el-2022","status":"publish","type":"post","link":"https:\/\/conadeh.hn\/?p=1957","title":{"rendered":"M\u00e1s de una veintena desde el 2022: Defensores del ambiente, la tierra y del territorio \u201cpagan\u201d con su vida el ejercicio de su labor"},"content":{"rendered":"\t\t<div data-elementor-type=\"wp-post\" data-elementor-id=\"1957\" class=\"elementor elementor-1957\">\n\t\t\t\t<div class=\"elementor-element elementor-element-74bb4d2 e-flex e-con-boxed e-con e-parent\" data-id=\"74bb4d2\" data-element_type=\"container\" data-e-type=\"container\">\n\t\t\t\t\t<div class=\"e-con-inner\">\n\t\t\t\t<div class=\"elementor-element elementor-element-71c6e567 elementor-widget elementor-widget-text-editor\" data-id=\"71c6e567\" data-element_type=\"widget\" data-e-type=\"widget\" data-widget_type=\"text-editor.default\">\n\t\t\t\t<div class=\"elementor-widget-container\">\n\t\t\t\t\t\t\t\t\t\n<p><strong>Defensores del ambiente, la tierra y del territorio \u201cpagan\u201d con su vida el ejercicio de su labor<\/strong><\/p>\n\t\t\t\t\t\t\t\t<\/div>\n\t\t\t\t<\/div>\n\t\t\t\t\t<\/div>\n\t\t\t\t<\/div>\n\t\t<div class=\"elementor-element elementor-element-3eeede7 e-flex e-con-boxed e-con e-parent\" data-id=\"3eeede7\" data-element_type=\"container\" data-e-type=\"container\">\n\t\t\t\t\t<div class=\"e-con-inner\">\n\t\t\t\t<div class=\"elementor-element elementor-element-8f5ad4e elementor-widget elementor-widget-text-editor\" data-id=\"8f5ad4e\" data-element_type=\"widget\" data-e-type=\"widget\" data-widget_type=\"text-editor.default\">\n\t\t\t\t<div class=\"elementor-widget-container\">\n\t\t\t\t\t\t\t\t\t<p><strong>Martes 17 de octubre de 2023<\/strong><\/p>\n<p><strong><u>M\u00e1s de una veintena desde el 2022: <\/u><\/strong><\/p>\n<p>\u00a0<\/p>\n<p><strong>D<\/strong><strong>efensores del ambiente, la tierra y del territorio \u201cpagan\u201d con su vida el ejercicio de su labor<\/strong><\/p>\n<ul>\n<li><strong>Seis departamentos fueron escenario de la muerte violenta de 23 personas que se dedican a la defensa de la tierra, los territorios y el ambiente, 12 en el departamento de Col\u00f3n, 6 en Yoro, 2 en Atl\u00e1ntida, 1 en Lempira, 1 en Choluteca y 1 en Intibuca<\/strong><\/li>\n<\/ul>\n<p>M\u00e1s de una veintena de defensores del ambiente, la tierra y del territorio perdieron la vida violentamente, desde el a\u00f1o 2022, en Honduras, en circunstancias a\u00fan no esclarecidas por las autoridades encargadas de la seguridad y la investigaci\u00f3n en el pa\u00eds revel\u00f3 hoy el Comisionado Nacional de los Derechos Humanos (CONADEH).<\/p>\n<p>La titular del CONADEH, Blanca Izaguirre exhort\u00f3 al Estado hondure\u00f1o a realizar una investigaci\u00f3n exhaustiva, bajo los est\u00e1ndares del debido proceso y la debida diligencia, para que estos hechos no se repitan y evitar que queden en la impunidad.<\/p>\n<p>\u201cEs deber del Estado hondure\u00f1o garantizar el ejercicio de la defensa del territorio y del medio ambiente, a trav\u00e9s de medidas sustanciales encaminadas a proteger la vida e integridad f\u00edsica de sus defensores\u201d.<\/p>\n<p>Indic\u00f3 que Honduras urge de una pol\u00edtica p\u00fablica integral de protecci\u00f3n para los\u00a0defensores y defensoras de la tierra, los territorios, del ambiente y, en general, de los derechos humanos y se le asigne el presupuesto necesario para su efectiva implementaci\u00f3n.<\/p>\n<p>Honduras contin\u00faa siendo uno de los pa\u00edses del continente m\u00e1s peligrosos para la defensa de los derechos humanos, remarc\u00f3<\/p>\n<p>\u201cLa impunidad de los asesinatos y de otros delitos cometidos contra los defensores de la tierra, los territorios y del ambiente, alimenta a\u00fan m\u00e1s la violencia en contra de ellos\u201d, cuestion\u00f3.<\/p>\n<p>En los \u00faltimos a\u00f1os, la criminalizaci\u00f3n hacia los defensores que buscan proteger la tierra, los ecosistemas y sus territorios, se ha convertido en un peligro tanto para ellos como para sus familiares.<\/p>\n<p><strong>6 departamentos escenarios de la muerte de 23 defensores<\/strong><\/p>\n<p>La situaci\u00f3n de violencia contra los defensores de la tierra, de los territorios y del ambiente es alarmante, se estima que, desde el a\u00f1o 2022, al menos, 23 personas que se dedicaban a esa actividad humanitaria, perdieron la vida violentamente, m\u00e1s de una docena de ellos en el 2023, sin que se conozcan, en la mayor\u00eda de los casos, a los responsables ni las causas que motivaron esos cr\u00edmenes.<\/p>\n<p>En esta radiograf\u00eda de la inseguridad para los defensores de la tierra, el ambiente y de los territorios, seis departamentos fueron escenario de la muerte violenta de 23 personas que se dedican a esas actividades, 12 en el departamento de Col\u00f3n, 6 en Yoro, 2 en Atl\u00e1ntida, 1 en Lempira, 1 en Choluteca y 1 en Intibuca.<\/p>\n<p>Muchos defensores de los derechos humanos, en Honduras, son tambi\u00e9n objeto de amenazas a muerte, persecuci\u00f3n, intimidaci\u00f3n, judicializaci\u00f3n, atentados, detenciones, hostigamiento, agresiones f\u00edsicas, represi\u00f3n y difamaci\u00f3n.<\/p>\n<p><strong>Crisis en el Agu\u00e1n debe ser priorizada por el Gobierno<\/strong><\/p>\n<p>En las \u00faltimas horas, el CONADEH conden\u00f3 y expres\u00f3 su repudio por el asesinato de Kevin Meza, miembro de la Empresa Asociativa Campesina de Isletas (EACI).<\/p>\n<p>Informes preliminares indican que, el 15 de octubre, Kevin Meza muri\u00f3 de impactos de bala en su rostro que le provocaron la muerte de inmediato en la Empresa Agr\u00edcola Santa In\u00e9s, mientras que otros miembros de la EACI fueron objeto de agresiones.<\/p>\n<p>El CONADEH considera que, por la situaci\u00f3n sist\u00e9mica en la que se encuentran estas comunidades campesinas, deben ser de atenci\u00f3n prioritaria para las autoridades hondure\u00f1as y as\u00ed evitar la p\u00e9rdida irreparable de m\u00e1s vidas<\/p>\n<p>Preocupa, al CONADEH, la impunidad de estos hechos, ya que es un problema estructural, en Honduras, que impacta negativamente en el goce efectivo de los derechos humanos y, en consecuencia, de la vigencia del Estado de Derecho<\/p>\n<p>La tenencia de la tierra, en el Bajo Agu\u00e1n, es una crisis permanente que demanda de la atenci\u00f3n inmediata de las autoridades, para prevenir la p\u00e9rdida irreparable de la vida de m\u00e1s personas.<\/p>\n<p>Se estima que, entre el 2009 y el 2014, se registraron centenares\u00a0 de acciones violentas que dejaron innumerables heridos y, al menos, m\u00e1s de un centenar de personas muertas en circunstancias violentas entre las v\u00edctimas figuran campesinos, guardias de seguridad, polic\u00edas, soldados, empleados de la Corporaci\u00f3n Dinant, el apoderado\u00a0 legal de un movimiento campesino e incluso particulares.<\/p>\n<p><strong>DEFENSORES DEL AMBIENTE, LA TIERRA Y LOS TERRITORIOS MUERTOS VIOLENTAMETE<\/strong><\/p>\n<p><strong>2022 \/ 2023<\/strong><\/p>\n<table>\n<tbody>\n<tr>\n<td width=\"37\">\n<p><strong>No<\/strong><\/p>\n<\/td>\n<td width=\"66\">\n<p><strong>FECHA<\/strong><\/p>\n<\/td>\n<td width=\"338\">\n<p><strong>NOMBRE<\/strong><\/p>\n<\/td>\n<td width=\"147\">\n<p><strong>LUGAR<\/strong><\/p>\n<\/td>\n<\/tr>\n<tr>\n<td width=\"37\">\n<p>1<\/p>\n<\/td>\n<td width=\"66\">\n<p>09.01.2022<\/p>\n<\/td>\n<td width=\"338\">\n<p><strong>Pablo Isabel Hern\u00e1ndez Rivera<\/strong>\/\/, L\u00edder ind\u00edgena Lenca,<\/p>\n<\/td>\n<td width=\"147\">\n<p>Aldea San Marco de Caiquin, Lempira<\/p>\n<\/td>\n<\/tr>\n<tr>\n<td width=\"37\">\n<p>2<\/p>\n<\/td>\n<td width=\"66\">\n<p>22.01.2022<\/p>\n<\/td>\n<td width=\"338\">\n<p><strong>Melvin Geovany Mej\u00eda Rodr\u00edguez<\/strong>\/\/, L\u00edder ind\u00edgena del pueblo Tolup\u00e1n de la Tribu de la Aldea La Candelaria,<\/p>\n<\/td>\n<td width=\"147\">\n<p>Aldea La Candelaria, en el<br \/>Municipio de Moraz\u00e1n, Yoro<\/p>\n<\/td>\n<\/tr>\n<tr>\n<td width=\"37\">\n<p>3<\/p>\n<\/td>\n<td width=\"66\">\n<p>31.01.2022<\/p>\n<\/td>\n<td width=\"338\">\n<p><strong>Jos\u00e9 Santos God\u00ednez Ruiz<\/strong>\/\/Central Nacional de Trabajadores del Campo<\/p>\n<\/td>\n<td width=\"147\">\n<p>El Progreso, Yoro<\/p>\n<\/td>\n<\/tr>\n<tr>\n<td width=\"37\">\n<p>4<\/p>\n<\/td>\n<td width=\"66\">\n<p>25.02.2022<\/p>\n<\/td>\n<td width=\"338\">\n<p><strong>Marlon Feliciano Montes N\u00fa\u00f1ez<\/strong>\/\/ Grupo Campesino \u201cNuevo Amanecer<\/p>\n<\/td>\n<td width=\"147\">\n<p>El Tulito, Choluteca<\/p>\n<\/td>\n<\/tr>\n<tr>\n<td width=\"37\">\n<p>5<\/p>\n<\/td>\n<td width=\"66\">\n<p>08.03.2022<\/p>\n<\/td>\n<td width=\"338\">\n<p><strong>Francisco Ru\u00edz<\/strong>\/\/ integrante de la Plataforma Agraria<br \/>Regional del Valle del Agu\u00e1n y de la Coordinadora de Organizaciones Populares del Agu\u00e1n (COPA)<\/p>\n<\/td>\n<td width=\"147\">\n<p>Aldea La Brea, Trujillo, Col\u00f3n<\/p>\n<\/td>\n<\/tr>\n<tr>\n<td width=\"37\">\n<p>6<\/p>\n<\/td>\n<td width=\"66\">\n<p>01.05.2022<\/p>\n<\/td>\n<td width=\"338\">\n<p><strong>Alonso Salgado Caballero<\/strong>, L\u00edder Gar\u00edfuna, Patronato<br \/>de la Comunidad de R\u00edo Tinto<\/p>\n<\/td>\n<td width=\"147\">\n<p>Comunidad de R\u00edo Tinto, Tela, Atl\u00e1ntida<\/p>\n<\/td>\n<\/tr>\n<tr>\n<td width=\"37\">\n<p>7<\/p>\n<\/td>\n<td width=\"66\">\n<p>10.05.2022<\/p>\n<\/td>\n<td width=\"338\">\n<p><strong>Wilmer Alexis Dom\u00ednguez<\/strong>, Consejo C\u00edvico de Organizaciones Populares e Ind\u00edgenas de Honduras (COPINH)<\/p>\n<\/td>\n<td width=\"147\">\n<p>Comunidad R\u00edo Blanco, La Esperanza, Intibuca<\/p>\n<\/td>\n<\/tr>\n<tr>\n<td width=\"37\">\n<p>8<\/p>\n<\/td>\n<td width=\"66\">\n<p>27.05.2022<\/p>\n<\/td>\n<td width=\"338\">\n<p><strong>Marco Tulio Paredes Molina<\/strong>, Cooperativa Campesina 21 de julio<\/p>\n<\/td>\n<td width=\"147\">\n<p>Mara\u00f1ones, jurisdicci\u00f3n de, Trujillo, Col\u00f3n<\/p>\n<\/td>\n<\/tr>\n<tr>\n<td width=\"37\">\n<p>9<\/p>\n<\/td>\n<td width=\"66\">\n<p>30.07.2022<\/p>\n<\/td>\n<td width=\"338\">\n<p><strong>Marta Elizabeth Colindres<\/strong>, Cooperativa Brisas del Agu\u00e1n<\/p>\n<\/td>\n<td width=\"147\">\n<p>Aldea Salam\u00e1, municipio de Tocoa, Col\u00f3n<\/p>\n<\/td>\n<\/tr>\n<tr>\n<td width=\"37\">\n<p>10<\/p>\n<\/td>\n<td width=\"66\">\n<p>21.12.2022<\/p>\n<\/td>\n<td width=\"338\">\n<p><strong>Mauricio Esquivel<\/strong>, Empresa Cooperativa de Producci\u00f3n Agropecuaria de Campesinos \u201cEl Tranv\u00edo\u201d<\/p>\n<\/td>\n<td width=\"147\">\n<p>Comunidad Quebrada de Arena, Trujillo, Col\u00f3n<\/p>\n<\/td>\n<\/tr>\n<tr>\n<td width=\"37\">\n<p>11<\/p>\n<\/td>\n<td width=\"66\">\n<p>15.12.2022<\/p>\n<\/td>\n<td width=\"338\">\n<p><strong>Santiago Chac\u00f3n<\/strong>, L\u00edder Tolup\u00e1n de la Tribu de Mataderos<\/p>\n<\/td>\n<td width=\"147\">\n<p>Yoro, Yoro<\/p>\n<\/td>\n<\/tr>\n<tr>\n<td colspan=\"4\" width=\"589\">\n<p>2023<\/p>\n<\/td>\n<\/tr>\n<tr>\n<td width=\"37\">\n<p>12<\/p>\n<\/td>\n<td width=\"66\">\n<p>07.01.2023<\/p>\n<\/td>\n<td width=\"338\">\n<p><strong>Jairo Bonilla<\/strong>\/\/ defensor del r\u00edo Guapinol y el Parque Nacional, Carlos Escaleras<\/p>\n<\/td>\n<td width=\"147\">\n<p>Tocoa, Col\u00f3n<\/p>\n<\/td>\n<\/tr>\n<tr>\n<td width=\"37\">\n<p>13<\/p>\n<\/td>\n<td width=\"66\">\n<p>07.01.2023<\/p>\n<\/td>\n<td width=\"338\">\n<p><strong>Aly Dom\u00ednguez<\/strong>\/\/ defensor del r\u00edo Guapinol y el Parque Nacional, Carlos Escaleras<\/p>\n<\/td>\n<td width=\"147\">\n<p>Tocoa, Col\u00f3n<\/p>\n<\/td>\n<\/tr>\n<tr>\n<td width=\"37\">\n<p>14<\/p>\n<\/td>\n<td width=\"66\">\n<p>18.01.2023<\/p>\n<\/td>\n<td width=\"338\">\n<p><strong>Jos\u00e9 Omar Cruz Tom\u00e9<\/strong>, presidente de la Cooperativa Los Laureles<\/p>\n<\/td>\n<td width=\"147\">\n<p>Tocoa, Col\u00f3n<\/p>\n<\/td>\n<\/tr>\n<tr>\n<td width=\"37\">\n<p>15<\/p>\n<\/td>\n<td width=\"66\">\n<p>18.01,2023<\/p>\n<\/td>\n<td width=\"338\">\n<p><strong>Andy Mart\u00ednez Murillo<\/strong>, suegro de Jos\u00e9 Omar Cruz<\/p>\n<\/td>\n<td width=\"147\">\n<p>Tocoa, Col\u00f3n<\/p>\n<\/td>\n<\/tr>\n<tr>\n<td width=\"37\">\n<p>16<\/p>\n<\/td>\n<td width=\"66\">\n<p>12.02.2023<\/p>\n<\/td>\n<td width=\"338\">\n<p><strong>Santos Hip\u00f3lito Rivas<\/strong>\/\/ Fundador de la empresa campesina \u201cGregorio Ch\u00e1vez\u201d<\/p>\n<\/td>\n<td width=\"147\">\n<p>Trujillo,Col\u00f3n<\/p>\n<\/td>\n<\/tr>\n<tr>\n<td width=\"37\">\n<p>17<\/p>\n<\/td>\n<td width=\"66\">\n<p>12.02.2023<\/p>\n<\/td>\n<td width=\"338\">\n<p><strong>Javier Rivas<\/strong>, menor de edad, hijo de Santos Hip\u00f3lito Rivas<\/p>\n<\/td>\n<td width=\"147\">\n<p>Trujillo, Col\u00f3n<\/p>\n<\/td>\n<\/tr>\n<tr>\n<td width=\"37\">\n<p>18<\/p>\n<\/td>\n<td width=\"66\">\n<p>18.02.2023<\/p>\n<\/td>\n<td width=\"338\">\n<p><strong>Benigno Maldonado<\/strong>\/\/ Defensor agua y del ambiente<\/p>\n<\/td>\n<td width=\"147\">\n<p>Buenos Aire, sector de Pajuiles, Tela, Atl\u00e1ntida<\/p>\n<\/td>\n<\/tr>\n<tr>\n<td width=\"37\">\n<p>19<\/p>\n<\/td>\n<td width=\"66\">\n<p>25.03.2023<\/p>\n<\/td>\n<td width=\"338\">\n<p><strong>Emerson Mart\u00ednez<\/strong>, hijastro de Abraham Le\u00f3n, vocero y representante de la Cooperativa Los Laureles, organizaci\u00f3n a la que pertenec\u00eda Omar Cruz<\/p>\n<\/td>\n<td width=\"147\">\n<p>Col. Los Laureles, Tocoa, Col\u00f3n<\/p>\n<\/td>\n<\/tr>\n<tr>\n<td width=\"37\">\n<p>20<\/p>\n<\/td>\n<td width=\"66\">\n<p>18.04.2023<\/p>\n<\/td>\n<td width=\"338\">\n<p><strong>Jos\u00e9 Gilberto Mart\u00ednez<\/strong>, l\u00edder campesino, integrante de la Asociaci\u00f3n Nacional de Campesinos de Honduras\/\/ secretario de la Empresa Asociativa Campesina de Producci\u00f3n \u201cBendici\u00f3n de Dios No. 2\u201d<\/p>\n<\/td>\n<td width=\"147\">\n<p>Olanchito, Yoro<\/p>\n<\/td>\n<\/tr>\n<tr>\n<td width=\"37\">\n<p>21<\/p>\n<\/td>\n<td width=\"66\">\n<p>09.05.2023<\/p>\n<\/td>\n<td width=\"338\">\n<p><strong>Am\u00edlcar Vieda<\/strong>, defensor Tolup\u00e1n de la tierra y los territorios ind\u00edgenas\/\/ miembro del Consejo Preventivo de San Francisco\u00a0 de Locomapa<\/p>\n<\/td>\n<td width=\"147\">\n<p>Las Brisas, San Francisco de Locomapa, Yoro<\/p>\n<\/td>\n<\/tr>\n<tr>\n<td width=\"37\">\n<p>22<\/p>\n<\/td>\n<td width=\"66\">\n<p>09.05.2023<\/p>\n<\/td>\n<td width=\"338\">\n<p><strong>Nah\u00fan Ismael Chac\u00f3n<\/strong><\/p>\n<\/td>\n<td width=\"147\">\n<p>Las Brisas, San Francisco de Locomapa, Yoro<\/p>\n<\/td>\n<\/tr>\n<tr>\n<td width=\"37\">\n<p>23<\/p>\n<\/td>\n<td width=\"66\">\n<p>15.10.2023<\/p>\n<\/td>\n<td width=\"338\">\n<p><strong>Kevin Meza<\/strong>, Empresa Asociativa Campesina de Isletas<\/p>\n<\/td>\n<td width=\"147\">\n<p>Tocoa, Col\u00f3n<\/p>\n<\/td>\n<\/tr>\n<\/tbody>\n<\/table>\n<p>\u00a0<\/p>\n<p><strong>\u00a0<\/strong><\/p>\n<p>\u00a0<\/p>\t\t\t\t\t\t\t\t<\/div>\n\t\t\t\t<\/div>\n\t\t\t\t\t<\/div>\n\t\t\t\t<\/div>\n\t\t<div class=\"elementor-element elementor-element-31f0bad e-flex e-con-boxed e-con e-parent\" data-id=\"31f0bad\" data-element_type=\"container\" data-e-type=\"container\">\n\t\t\t\t\t<div class=\"e-con-inner\">\n\t\t\t\t<div class=\"elementor-element elementor-element-045be50 elementor-widget elementor-widget-image\" data-id=\"045be50\" data-element_type=\"widget\" data-e-type=\"widget\" data-widget_type=\"image.default\">\n\t\t\t\t<div class=\"elementor-widget-container\">\n\t\t\t\t\t\t\t\t\t\t\t\t\t\t\t<img fetchpriority=\"high\" decoding=\"async\" width=\"750\" height=\"422\" src=\"https:\/\/conadeh.hn\/wp-content\/uploads\/2024\/03\/defensores-1.jpg\" class=\"attachment-large size-large wp-image-1958\" alt=\"\" srcset=\"https:\/\/conadeh.hn\/wp-content\/uploads\/2024\/03\/defensores-1.jpg 800w, https:\/\/conadeh.hn\/wp-content\/uploads\/2024\/03\/defensores-1-300x169.jpg 300w, https:\/\/conadeh.hn\/wp-content\/uploads\/2024\/03\/defensores-1-768x432.jpg 768w\" sizes=\"(max-width: 750px) 100vw, 750px\" \/>\t\t\t\t\t\t\t\t\t\t\t\t\t\t\t<\/div>\n\t\t\t\t<\/div>\n\t\t\t\t\t<\/div>\n\t\t\t\t<\/div>\n\t\t\t\t<\/div>\n\t\t","protected":false},"excerpt":{"rendered":"<p>Defensores del ambiente, la tierra y del territorio \u201cpagan\u201d con su vida el ejercicio de su labor<\/p>\n","protected":false},"author":2,"featured_media":1958,"comment_status":"closed","ping_status":"closed","sticky":false,"template":"","format":"standard","meta":{"saved_in_kubio":false,"_themeisle_gutenberg_block_has_review":false,"_kadence_starter_templates_imported_post":false,"footnotes":""},"categories":[1],"tags":[],"class_list":["post-1957","post","type-post","status-publish","format-standard","has-post-thumbnail","hentry","category-uncategorized"],"_links":{"self":[{"href":"https:\/\/conadeh.hn\/index.php?rest_route=\/wp\/v2\/posts\/1957","targetHints":{"allow":["GET"]}}],"collection":[{"href":"https:\/\/conadeh.hn\/index.php?rest_route=\/wp\/v2\/posts"}],"about":[{"href":"https:\/\/conadeh.hn\/index.php?rest_route=\/wp\/v2\/types\/post"}],"author":[{"embeddable":true,"href":"https:\/\/conadeh.hn\/index.php?rest_route=\/wp\/v2\/users\/2"}],"replies":[{"embeddable":true,"href":"https:\/\/conadeh.hn\/index.php?rest_route=%2Fwp%2Fv2%2Fcomments&post=1957"}],"version-history":[{"count":4,"href":"https:\/\/conadeh.hn\/index.php?rest_route=\/wp\/v2\/posts\/1957\/revisions"}],"predecessor-version":[{"id":1962,"href":"https:\/\/conadeh.hn\/index.php?rest_route=\/wp\/v2\/posts\/1957\/revisions\/1962"}],"wp:featuredmedia":[{"embeddable":true,"href":"https:\/\/conadeh.hn\/index.php?rest_route=\/wp\/v2\/media\/1958"}],"wp:attachment":[{"href":"https:\/\/conadeh.hn\/index.php?rest_route=%2Fwp%2Fv2%2Fmedia&parent=1957"}],"wp:term":[{"taxonomy":"category","embeddable":true,"href":"https:\/\/conadeh.hn\/index.php?rest_route=%2Fwp%2Fv2%2Fcategories&post=1957"},{"taxonomy":"post_tag","embeddable":true,"href":"https:\/\/conadeh.hn\/index.php?rest_route=%2Fwp%2Fv2%2Ftags&post=1957"}],"curies":[{"name":"wp","href":"https:\/\/api.w.org\/{rel}","templated":true}]}}