{"id":1912,"date":"2024-03-04T15:15:24","date_gmt":"2024-03-04T15:15:24","guid":{"rendered":"https:\/\/conadeh.hn\/?p=1912"},"modified":"2024-03-04T15:20:22","modified_gmt":"2024-03-04T15:20:22","slug":"advierte-el-conadeh-4","status":"publish","type":"post","link":"https:\/\/conadeh.hn\/?p=1912","title":{"rendered":"Advierte el CONADEH: Cambio clim\u00e1tico afecta gravemente la situaci\u00f3n de los derechos humanos en el pa\u00eds"},"content":{"rendered":"\t\t<div data-elementor-type=\"wp-post\" data-elementor-id=\"1912\" class=\"elementor elementor-1912\">\n\t\t\t\t<div class=\"elementor-element elementor-element-2ccfce4 e-flex e-con-boxed e-con e-parent\" data-id=\"2ccfce4\" data-element_type=\"container\" data-e-type=\"container\">\n\t\t\t\t\t<div class=\"e-con-inner\">\n\t\t\t\t<div class=\"elementor-element elementor-element-d26e5b5 elementor-widget elementor-widget-text-editor\" data-id=\"d26e5b5\" data-element_type=\"widget\" data-e-type=\"widget\" data-widget_type=\"text-editor.default\">\n\t\t\t\t<div class=\"elementor-widget-container\">\n\t\t\t\t\t\t\t\t\t<p><strong>Jueves 05 de octubre de 2023<\/strong><\/p><p>\u00a0<\/p><p><strong><u>Advierte el CONADEH:<\/u><\/strong><\/p><p><strong>Cambio clim\u00e1tico afecta gravemente la situaci\u00f3n de los derechos humanos en el pa\u00eds<\/strong><\/p><ul><li><strong>Es necesario que Honduras ratifique el Acuerdo de Escaz\u00fa para garantizar el acceso a la informaci\u00f3n, a la justicia y a la protecci\u00f3n de los defensores de los derechos humanos medioambientales.<\/strong><\/li><\/ul><p>El Comisionado Nacional de los Derechos Humanos (CONADEH) se\u00f1al\u00f3 hoy que, el cambio clim\u00e1tico est\u00e1 afectando gravemente la situaci\u00f3n de los derechos humanos en Honduras, pa\u00eds centroamericano considerado de los m\u00e1s vulnerables a los impactos de ese fen\u00f3meno con implicaciones negativas en el desarrollo econ\u00f3mico y social.<\/p><p>Cada a\u00f1o, el derecho al agua y al saneamiento, a la cultura, a la educaci\u00f3n, a un medio ambiente sano, a la salud, al trabajo, a la vivienda y a la alimentaci\u00f3n, se han visto seriamente afectados por las inundaciones, las olas de calor y las sequias que c\u00edclicamente afectan al pa\u00eds.<\/p><p>Luis Chinchilla, director de la Cl\u00ednica de Control de Convencionalidad y Litigio Estrat\u00e9gico del CONADEH, dijo que compart\u00eda muchas de las preocupaciones expresadas por el Relator Especial de las Naciones Unidas para la promoci\u00f3n y protecci\u00f3n de los derechos humanos en el contexto del cambio clim\u00e1tico, Ian Fry, que visit\u00f3 el pa\u00eds del 18 al 27 de septiembre del 2023.<\/p><p>Destac\u00f3 que, en la reuni\u00f3n sostenida con el Relator, le expresaron sus preocupaciones en torno a dos puntos importantes.<\/p><p>El primero de ellos relacionado con la protecci\u00f3n a los defensores de los derechos humanos y, en particular, de los defensores del ambiente, que siguen siendo objeto de hostigamiento y amenazas por ejercer su labor de defensor\u00eda.<\/p><p>Chinchilla revel\u00f3 que, otra de las preocupaciones, es la migraci\u00f3n de personas debido al cambio clim\u00e1tico no solo fuera de la frontera, sino que desplazados a nivel interno, fen\u00f3meno que fue constatado por el Relator en sus visitas a las comunidades.<\/p><p>En su informe preliminar, el Relator de las Naciones Unidas hizo referencia a la visita que realiz\u00f3 en la comunidad de Lajas Blancas, Nacaome, en la regi\u00f3n del Corredor Seco.<\/p><p>Revel\u00f3 que esa comunidad ha sufrido una prolongada sequ\u00eda que dificulta extremadamente la agricultura, perdi\u00f3 el acceso al agua ya que sus pozos se secaron y que, como consecuencia de la sequ\u00eda, el 80% de la comunidad tuvo que emigrar.<\/p><p>Chinchilla tambi\u00e9n hizo referencia a la necesidad que Honduras ratifique el Acuerdo de Escaz\u00fa para garantizar el acceso a la informaci\u00f3n, a la justicia y a la protecci\u00f3n de los defensores de los derechos humanos medioambientales.<\/p><p>Indic\u00f3 que el modelo de extractivismo que se ha adoptado, por parte del Estado, para el desarrollo, no solo ha aumentado la conflictividad social, sino que esto ha tenido un impacto en la labor de los defensores y en el deterioro de ciertas comunidades.<\/p><p>Un recuento de los hechos, realizado por el CONADEH revela que, entre el 2021 y lo que va del 2023, alrededor de medio centenar de defensores de los derechos humanos han muerto en circunstancias violentas, la mayor\u00eda de ellos dedicados a la defensa de los pueblos abor\u00edgenes, la tierra, los territorios, as\u00ed como defensores del ambiente.<\/p><p>Muchos defensores de los derechos humanos, en Honduras, son tambi\u00e9n objeto de amenazas a muerte, persecuci\u00f3n, intimidaci\u00f3n, judicializaci\u00f3n, atentados, detenciones, hostigamiento, agresiones f\u00edsicas e incluso de represi\u00f3n.<\/p><p><strong>Inundaciones y sequ\u00edas han dejado p\u00e9rdidas significativas en el pa\u00eds<\/strong><\/p><p>En 1998, Honduras sufri\u00f3 enormes da\u00f1os a causa del hurac\u00e1n Mitch que dejo a su paso miles de personas muertas y fue calificado como la tormenta tropical m\u00e1s destructiva de la regi\u00f3n del Caribe en los \u00faltimos a\u00f1os.<\/p><p>En el a\u00f1o 2020, los huracanes Eta e Iota tambi\u00e9n causaron enormes da\u00f1os por inundaciones, derrumbes y deslizamientos de tierra.<\/p><p>En lo que respecta a la sequ\u00eda, informes estatales indican que, a febrero del 2022, la crisis alimentaria afectaba a unas 2.2 millones de personas en Honduras, de las cuales, 241,000 estaban en emergencia.<\/p><p>Se estima que, a la fecha, unas 2.6 millones de personas estar\u00edan en crisis o emergencia de inseguridad alimentaria, situaci\u00f3n que se ve afectada por el alza constante de los precios de los productos de la canasta b\u00e1sica y los combustibles, as\u00ed como, por la disminuci\u00f3n en la producci\u00f3n de granos b\u00e1sicos por razones clim\u00e1ticas y el limitado acceso a los insumos.<\/p>\t\t\t\t\t\t\t\t<\/div>\n\t\t\t\t<\/div>\n\t\t\t\t\t<\/div>\n\t\t\t\t<\/div>\n\t\t<div class=\"elementor-element elementor-element-2a0ada8 e-flex e-con-boxed e-con e-parent\" data-id=\"2a0ada8\" data-element_type=\"container\" data-e-type=\"container\">\n\t\t\t\t\t<div class=\"e-con-inner\">\n\t\t\t\t<div class=\"elementor-element elementor-element-d8a0841 elementor-widget elementor-widget-image\" data-id=\"d8a0841\" data-element_type=\"widget\" data-e-type=\"widget\" data-widget_type=\"image.default\">\n\t\t\t\t<div class=\"elementor-widget-container\">\n\t\t\t\t\t\t\t\t\t\t\t\t\t\t\t<img fetchpriority=\"high\" decoding=\"async\" width=\"750\" height=\"422\" src=\"https:\/\/conadeh.hn\/wp-content\/uploads\/2024\/03\/cambio-climatico.jpg\" class=\"attachment-large size-large wp-image-1916\" alt=\"\" srcset=\"https:\/\/conadeh.hn\/wp-content\/uploads\/2024\/03\/cambio-climatico.jpg 1280w, https:\/\/conadeh.hn\/wp-content\/uploads\/2024\/03\/cambio-climatico-300x169.jpg 300w, https:\/\/conadeh.hn\/wp-content\/uploads\/2024\/03\/cambio-climatico-768x432.jpg 768w\" sizes=\"(max-width: 750px) 100vw, 750px\" \/>\t\t\t\t\t\t\t\t\t\t\t\t\t\t\t<\/div>\n\t\t\t\t<\/div>\n\t\t\t\t\t<\/div>\n\t\t\t\t<\/div>\n\t\t\t\t<\/div>\n\t\t","protected":false},"excerpt":{"rendered":"<p>Jueves 05 de octubre de 2023 \u00a0 Advierte el CONADEH: Cambio clim\u00e1tico afecta gravemente la situaci\u00f3n de los derechos humanos en el pa\u00eds Es necesario que Honduras ratifique el Acuerdo de Escaz\u00fa para garantizar el acceso a la informaci\u00f3n, a la justicia y a la protecci\u00f3n de los defensores de [&hellip;]<\/p>\n","protected":false},"author":2,"featured_media":1916,"comment_status":"closed","ping_status":"closed","sticky":false,"template":"","format":"standard","meta":{"saved_in_kubio":false,"_themeisle_gutenberg_block_has_review":false,"_kadence_starter_templates_imported_post":false,"footnotes":""},"categories":[1],"tags":[],"class_list":["post-1912","post","type-post","status-publish","format-standard","has-post-thumbnail","hentry","category-uncategorized"],"_links":{"self":[{"href":"https:\/\/conadeh.hn\/index.php?rest_route=\/wp\/v2\/posts\/1912","targetHints":{"allow":["GET"]}}],"collection":[{"href":"https:\/\/conadeh.hn\/index.php?rest_route=\/wp\/v2\/posts"}],"about":[{"href":"https:\/\/conadeh.hn\/index.php?rest_route=\/wp\/v2\/types\/post"}],"author":[{"embeddable":true,"href":"https:\/\/conadeh.hn\/index.php?rest_route=\/wp\/v2\/users\/2"}],"replies":[{"embeddable":true,"href":"https:\/\/conadeh.hn\/index.php?rest_route=%2Fwp%2Fv2%2Fcomments&post=1912"}],"version-history":[{"count":7,"href":"https:\/\/conadeh.hn\/index.php?rest_route=\/wp\/v2\/posts\/1912\/revisions"}],"predecessor-version":[{"id":1920,"href":"https:\/\/conadeh.hn\/index.php?rest_route=\/wp\/v2\/posts\/1912\/revisions\/1920"}],"wp:featuredmedia":[{"embeddable":true,"href":"https:\/\/conadeh.hn\/index.php?rest_route=\/wp\/v2\/media\/1916"}],"wp:attachment":[{"href":"https:\/\/conadeh.hn\/index.php?rest_route=%2Fwp%2Fv2%2Fmedia&parent=1912"}],"wp:term":[{"taxonomy":"category","embeddable":true,"href":"https:\/\/conadeh.hn\/index.php?rest_route=%2Fwp%2Fv2%2Fcategories&post=1912"},{"taxonomy":"post_tag","embeddable":true,"href":"https:\/\/conadeh.hn\/index.php?rest_route=%2Fwp%2Fv2%2Ftags&post=1912"}],"curies":[{"name":"wp","href":"https:\/\/api.w.org\/{rel}","templated":true}]}}