{"id":1907,"date":"2024-03-04T14:55:01","date_gmt":"2024-03-04T14:55:01","guid":{"rendered":"https:\/\/conadeh.hn\/?p=1907"},"modified":"2024-03-04T15:04:31","modified_gmt":"2024-03-04T15:04:31","slug":"discriminados-en-su-silencio-mas-de-100000-personas-sordas-en-honduras","status":"publish","type":"post","link":"https:\/\/conadeh.hn\/?p=1907","title":{"rendered":"Discriminados en su \u201csilencio\u201d m\u00e1s de 100,000 personas sordas en Honduras"},"content":{"rendered":"\t\t<div data-elementor-type=\"wp-post\" data-elementor-id=\"1907\" class=\"elementor elementor-1907\">\n\t\t\t\t<div class=\"elementor-element elementor-element-9190aa4 e-flex e-con-boxed e-con e-parent\" data-id=\"9190aa4\" data-element_type=\"container\" data-e-type=\"container\">\n\t\t\t\t\t<div class=\"e-con-inner\">\n\t\t\t\t<div class=\"elementor-element elementor-element-9286924 elementor-widget elementor-widget-text-editor\" data-id=\"9286924\" data-element_type=\"widget\" data-e-type=\"widget\" data-widget_type=\"text-editor.default\">\n\t\t\t\t<div class=\"elementor-widget-container\">\n\t\t\t\t\t\t\t\t\t<p><strong>Domingo 01 de octubre de 2023<\/strong><\/p><p><strong>\u00a0<\/strong><\/p><p><strong>Discriminados en su \u201csilencio\u201d m\u00e1s de 100,000 personas sordas en Honduras<\/strong><\/p><ul><li><strong>Se estima que la poblaci\u00f3n con discapacidad auditiva o de personas sordas, en Honduras, rondan las cien mil, de las cuales, apenas, 1,044 qu\u00e9 representan el (1%) tienen carnet de identificaci\u00f3n.<\/strong><\/li><\/ul><p>El Comisionado Nacional de los Derechos Humanos (CONADEH) abog\u00f3 por m\u00e1s de 100,000 personas sordas en el pa\u00eds y exhort\u00f3 a las autoridades hondure\u00f1as que asuman su responsabilidad de atender a este grupo poblacional, caracterizado por la insuficiencia de recursos y tecnolog\u00edas de apoyo, ausencia de accesibilidad universal y falto de respuestas adecuadas a sus necesidades.<\/p><p>La coordinadora de la Defensor\u00eda de Personas con Discapacidad del CONADEH, Betina Hern\u00e1ndez destac\u00f3 la importancia que representa, para esta poblaci\u00f3n, los int\u00e9rpretes de la lengua de signos.<\/p><p>Explic\u00f3 que estos son los profesionales que interpretan y traducen los mensajes emitidos en lengua de signos a la lengua oral y escrita, y viceversa, con el fin de favorecer la comunicaci\u00f3n entre las personas sordas y las personas oyentes.<\/p><p>De all\u00ed la importancia que, las organizaciones de personas sordas cuenten con el apoyo del Estado para tener un int\u00e9rprete a disposici\u00f3n ya que constantemente lo requieren y, muchas veces, no cuentan con los fondos necesarios para su contrataci\u00f3n, lo que se constituye en una barrera m\u00e1s para esta poblaci\u00f3n.<\/p><p>Hern\u00e1ndez tambi\u00e9n hizo un llamado a las autoridades de la Universidad Nacional Aut\u00f3noma de Honduras (UNAH) para que reaperture, en el 2024, la carrera para formar int\u00e9rpretes.<\/p><p>El 22 de junio de 2022, se cre\u00f3 la Asociaci\u00f3n de Interpretes de la Lengua de Se\u00f1as Hondure\u00f1a, con 19 miembros, sin embargo, a\u00fan no cuentan con el reconocimiento legal por parte de la Secretaria de Gobernaci\u00f3n,\u00a0lo que les impide afiliarse a la Federaci\u00f3n Mundial de Interpretes.<\/p><p>Se estima que la poblaci\u00f3n con discapacidad auditiva o de personas sordas, en Honduras, rondan las cien mil, de las cuales, apenas, 1,044 qu\u00e9 representan el (1%) tienen carnet de identificaci\u00f3n.<\/p><p><strong>Honduras urge de pol\u00edticas que permitan la inclusi\u00f3n de las personas sordas<\/strong><\/p><p>La Comisionada Nacional de los Derechos Humanos, Blanca Izaguirre inst\u00f3 al Estado hondure\u00f1o a garantizar el cumplimiento de los derechos de las personas sordas que les permita su inclusi\u00f3n y puedan superar, principalmente, las barreras de comunicaci\u00f3n.<\/p><p>Expres\u00f3 que la Defensor\u00eda de Personas con Discapacidad del CONADEH trabaja d\u00eda a d\u00eda en sensibilizar y concienciar sobre las necesidades particulares de las personas sordas y la importancia de crear pol\u00edticas y programas que permitan su inclusi\u00f3n dentro de todos los \u00e1mbitos de la sociedad.<\/p><p><strong>Personas con discapacidad conviven en un ambiente de discriminaci\u00f3n<\/strong><\/p><p>Las deficiencias en la infraestructura p\u00fablica, las dificultades para acceder a un puesto de trabajo, el maltrato en el servicio del transporte p\u00fablico, la poca accesibilidad a la informaci\u00f3n y la discriminaci\u00f3n, son parte de las barreras que enfrentan a diario m\u00e1s de un mill\u00f3n de hondure\u00f1os que presentan alg\u00fan tipo de discapacidad f\u00edsica, mental o sensorial.<\/p><p>El maltrato, as\u00ed como la discriminaci\u00f3n que sufren desde su ni\u00f1ez, con oportunidades educativas restringidas, carencia de servicios de salud para su rehabilitaci\u00f3n, falta de oportunidades laborales, inmovilidad y encierro obligatorio, vulnera los derechos humanos de esta poblaci\u00f3n que representa, al menos, un 15% de los 9.6 millones de hondure\u00f1os.<\/p><p>Las personas con discapacidad se quejan, ante el CONADEH, de las barreras que tienen que enfrentar para el acceder a los centros de estudio, hospitales, obtener un empleo, abordar un medio de transporte, transitar libremente en aceras y calles sin ning\u00fan temor e incluso hasta las dificultades que tienen para ejercer el sufragio, concluy\u00f3 la titular de este ente estatal, Blanca Izaguirre.<\/p>\t\t\t\t\t\t\t\t<\/div>\n\t\t\t\t<\/div>\n\t\t\t\t<div class=\"elementor-element elementor-element-df8df5a elementor-widget elementor-widget-image\" data-id=\"df8df5a\" data-element_type=\"widget\" data-e-type=\"widget\" data-widget_type=\"image.default\">\n\t\t\t\t<div class=\"elementor-widget-container\">\n\t\t\t\t\t\t\t\t\t\t\t\t\t\t\t<img fetchpriority=\"high\" decoding=\"async\" width=\"750\" height=\"422\" src=\"https:\/\/conadeh.hn\/wp-content\/uploads\/2024\/03\/personas-sordas.webp\" class=\"attachment-large size-large wp-image-1908\" alt=\"\" srcset=\"https:\/\/conadeh.hn\/wp-content\/uploads\/2024\/03\/personas-sordas.webp 800w, https:\/\/conadeh.hn\/wp-content\/uploads\/2024\/03\/personas-sordas-300x169.webp 300w, https:\/\/conadeh.hn\/wp-content\/uploads\/2024\/03\/personas-sordas-768x432.webp 768w\" sizes=\"(max-width: 750px) 100vw, 750px\" \/>\t\t\t\t\t\t\t\t\t\t\t\t\t\t\t<\/div>\n\t\t\t\t<\/div>\n\t\t\t\t\t<\/div>\n\t\t\t\t<\/div>\n\t\t\t\t<\/div>\n\t\t","protected":false},"excerpt":{"rendered":"<p>Domingo 01 de octubre de 2023 \u00a0 Discriminados en su \u201csilencio\u201d m\u00e1s de 100,000 personas sordas en Honduras Se estima que la poblaci\u00f3n con discapacidad auditiva o de personas sordas, en Honduras, rondan las cien mil, de las cuales, apenas, 1,044 qu\u00e9 representan el (1%) tienen carnet de identificaci\u00f3n. El [&hellip;]<\/p>\n","protected":false},"author":2,"featured_media":1908,"comment_status":"closed","ping_status":"closed","sticky":false,"template":"","format":"standard","meta":{"saved_in_kubio":false,"_themeisle_gutenberg_block_has_review":false,"_kadence_starter_templates_imported_post":false,"footnotes":""},"categories":[1],"tags":[],"class_list":["post-1907","post","type-post","status-publish","format-standard","has-post-thumbnail","hentry","category-uncategorized"],"_links":{"self":[{"href":"https:\/\/conadeh.hn\/index.php?rest_route=\/wp\/v2\/posts\/1907","targetHints":{"allow":["GET"]}}],"collection":[{"href":"https:\/\/conadeh.hn\/index.php?rest_route=\/wp\/v2\/posts"}],"about":[{"href":"https:\/\/conadeh.hn\/index.php?rest_route=\/wp\/v2\/types\/post"}],"author":[{"embeddable":true,"href":"https:\/\/conadeh.hn\/index.php?rest_route=\/wp\/v2\/users\/2"}],"replies":[{"embeddable":true,"href":"https:\/\/conadeh.hn\/index.php?rest_route=%2Fwp%2Fv2%2Fcomments&post=1907"}],"version-history":[{"count":3,"href":"https:\/\/conadeh.hn\/index.php?rest_route=\/wp\/v2\/posts\/1907\/revisions"}],"predecessor-version":[{"id":1911,"href":"https:\/\/conadeh.hn\/index.php?rest_route=\/wp\/v2\/posts\/1907\/revisions\/1911"}],"wp:featuredmedia":[{"embeddable":true,"href":"https:\/\/conadeh.hn\/index.php?rest_route=\/wp\/v2\/media\/1908"}],"wp:attachment":[{"href":"https:\/\/conadeh.hn\/index.php?rest_route=%2Fwp%2Fv2%2Fmedia&parent=1907"}],"wp:term":[{"taxonomy":"category","embeddable":true,"href":"https:\/\/conadeh.hn\/index.php?rest_route=%2Fwp%2Fv2%2Fcategories&post=1907"},{"taxonomy":"post_tag","embeddable":true,"href":"https:\/\/conadeh.hn\/index.php?rest_route=%2Fwp%2Fv2%2Ftags&post=1907"}],"curies":[{"name":"wp","href":"https:\/\/api.w.org\/{rel}","templated":true}]}}