{"id":1897,"date":"2024-03-01T19:48:30","date_gmt":"2024-03-01T19:48:30","guid":{"rendered":"https:\/\/conadeh.hn\/?p=1897"},"modified":"2024-03-01T19:52:40","modified_gmt":"2024-03-01T19:52:40","slug":"privados-de-libertad-conmemoran-su-dia-en-medio-de-serias-y-graves-denuncias-de-torturas-y-otras-violaciones-a-sus-derechos","status":"publish","type":"post","link":"https:\/\/conadeh.hn\/?p=1897","title":{"rendered":"Privados de libertad conmemoran su d\u00eda: En medio de serias y graves denuncias de torturas y otras violaciones a sus derechos"},"content":{"rendered":"\t\t<div data-elementor-type=\"wp-post\" data-elementor-id=\"1897\" class=\"elementor elementor-1897\">\n\t\t\t\t<div class=\"elementor-element elementor-element-f759aee e-flex e-con-boxed e-con e-parent\" data-id=\"f759aee\" data-element_type=\"container\" data-e-type=\"container\">\n\t\t\t\t\t<div class=\"e-con-inner\">\n\t\t\t\t<div class=\"elementor-element elementor-element-2d56e1b elementor-widget elementor-widget-text-editor\" data-id=\"2d56e1b\" data-element_type=\"widget\" data-e-type=\"widget\" data-widget_type=\"text-editor.default\">\n\t\t\t\t<div class=\"elementor-widget-container\">\n\t\t\t\t\t\t\t\t\t<p><strong><em>Domingo 24 de septiembre de 2023<\/em><\/strong><\/p><p>\u00a0<\/p><p><strong><em><u>Privados de libertad conmemoran su d\u00eda:<\/u><\/em><\/strong><\/p><p><strong><em>En medio de serias y graves denuncias de torturas y otras violaciones a sus derechos<\/em><\/strong><\/p><ul><li><strong><em>El CONADEH atendi\u00f3, entre el 2019 y junio del 2023, al menos 1,696 quejas<\/em><\/strong><strong><em> de personas privadas de libertad, sus familiares y de organismos de derechos humanos que denunciaron una serie de hechos que violentan el derecho a un trato digno, el derecho a la salud, el derecho a condiciones dignas de alojamiento y el acceso a la justicia e<\/em><\/strong><strong> incluso acciones que ponen en riesgo su integridad f\u00edsica y su vida.<\/strong><\/li><\/ul><p><strong>COMUNICADO<\/strong><\/p><p><strong><em>D\u00eda Nacional del Privado de Libertad en Honduras.<\/em><\/strong><\/p><p><strong><em>\u201cBajo ninguna circunstancia se debe permitir que los cr\u00edmenes de los torturadores queden impunes y se deben desmantelar y transformar los sistemas que permiten la tortura\u201d.<\/em><\/strong><\/p><p><em>Antonio Guti\u00e9rrez, Secretario General de las Naciones Unidas<\/em><\/p><p>El 24 de septiembre, de cada a\u00f1o, se conmemora el d\u00eda del privado de libertad en Honduras, por tal raz\u00f3n el Comisionado Nacional de los Derechos Humanos (CONADEH) como Instituci\u00f3n Nacional de Derechos Humanos del Estado de Honduras, (INDH) con facultades constitucionales, legales y con independencia de los Poderes del Estado y otros sectores de la sociedad, enmarcado en los Principios de Par\u00eds y su mandato constitucional, \u201c<strong><em>Que la persona humana es el fin supremo del Estado y la sociedad, cuya integridad f\u00edsica, ps\u00edquica y moral es tutelada mediante la adopci\u00f3n de instrumentos internacionales, la consagraci\u00f3n de derechos y garant\u00edas en la Constituci\u00f3n de la Rep\u00fablica<\/em><\/strong>\u201d, se pronuncia sobre la situacion de las personas privadas de libertad en el\u00a0 pais y demostrar los desaf\u00edos que representa trabajar en la prevenci\u00f3n y protecci\u00f3n contra la tortura y otros tratos crueles inhumanos y degradantes.<\/p><p>En esta ocasi\u00f3n, el CONADEH recuerda, al Estado de Honduras, que debe prevenir la tortura, tratos crueles, inhumanos y degradantes en perjuicio de las personas que se encuentran retenidas o privadas de libertad, quienes a su ves est\u00e1n en mayor condici\u00f3n de vulnerabilidad.<\/p><p>Constantemente se han emitido una serie de recomendaciones al Estado, sobre la necesidad urgente de una adecuada gesti\u00f3n penitenciaria, en donde exista un mayor control interno y seguridad de las personas privadas de libertad y de sus familias, es necesario recobrar la gobernabilidad en los centros penitenciarios, tomando como eje transversal el respeto a los derechos humanos de las personas privadas de libertad y sus familiares.<\/p><p>Durante el periodo, del 2019 al primer semestre del a\u00f1o 2023, el CONADEH atendi\u00f3 1,696 quejas interpuestas por personas privadas de libertad, familiares y organizaciones defensoras de los derechos humanos de esta poblaci\u00f3n. Entre las violaciones m\u00e1s recurrentes est\u00e1n <strong><em>el derecho a la vida e integridad f\u00edsica, el derecho a un trato digno, el derecho a la salud, el derecho a condiciones dignas de alojamiento y el acceso a la justicia<\/em><\/strong>.<\/p><p>El CONADEH reitera, a las autoridades del Estado, lo establecido en las Reglas M\u00ednimas de las Naciones Unidas para el Tratamiento de los Reclusos (Reglas Mandela): \u00a8<strong><em>La disciplina y el orden se mantendr\u00e1n sin imponer m\u00e1s restricciones de las necesarias para garantizar la custodia segura, el funcionamiento seguro del establecimiento penitenciario y la buena organizaci\u00f3n de la vida en com\u00fan\u00a8<\/em><\/strong><\/p><p>As\u00ed mismo, garantizar los derechos que no han sido restringidos por motivo de sentencia condenatoria y que son inherentes a la persona privada de libertad, no pueden ser suspendidos o limitados sino en los casos expresamente consignados en la Ley. <strong><em>Y a investigar todo acto que constituya o pueda constituir un acto de tortura, tratos crueles inhumanos y degradantes como parte de las obligaciones contra\u00eddas por el Estado al ratificar la Convenci\u00f3n contra la Tortura y su Protocolo Facultativo<\/em><\/strong>.<\/p><p><strong><em>Tegucigalpa, Honduras. 24 de septiembre del 2023.<\/em><\/strong><\/p>\t\t\t\t\t\t\t\t<\/div>\n\t\t\t\t<\/div>\n\t\t\t\t\t<\/div>\n\t\t\t\t<\/div>\n\t\t<div class=\"elementor-element elementor-element-81bd92b e-flex e-con-boxed e-con e-parent\" data-id=\"81bd92b\" data-element_type=\"container\" data-e-type=\"container\">\n\t\t\t\t\t<div class=\"e-con-inner\">\n\t\t\t\t<div class=\"elementor-element elementor-element-cb59c60 elementor-widget elementor-widget-image\" data-id=\"cb59c60\" data-element_type=\"widget\" data-e-type=\"widget\" data-widget_type=\"image.default\">\n\t\t\t\t<div class=\"elementor-widget-container\">\n\t\t\t\t\t\t\t\t\t\t\t\t\t\t\t<img fetchpriority=\"high\" decoding=\"async\" width=\"750\" height=\"518\" src=\"https:\/\/conadeh.hn\/wp-content\/uploads\/2024\/03\/privados-de-libertad.jpg\" class=\"attachment-large size-large wp-image-1899\" alt=\"\" srcset=\"https:\/\/conadeh.hn\/wp-content\/uploads\/2024\/03\/privados-de-libertad.jpg 900w, https:\/\/conadeh.hn\/wp-content\/uploads\/2024\/03\/privados-de-libertad-300x207.jpg 300w, https:\/\/conadeh.hn\/wp-content\/uploads\/2024\/03\/privados-de-libertad-768x530.jpg 768w\" sizes=\"(max-width: 750px) 100vw, 750px\" \/>\t\t\t\t\t\t\t\t\t\t\t\t\t\t\t<\/div>\n\t\t\t\t<\/div>\n\t\t\t\t\t<\/div>\n\t\t\t\t<\/div>\n\t\t\t\t<\/div>\n\t\t","protected":false},"excerpt":{"rendered":"<p>Domingo 24 de septiembre de 2023 \u00a0 Privados de libertad conmemoran su d\u00eda: En medio de serias y graves denuncias de torturas y otras violaciones a sus derechos El CONADEH atendi\u00f3, entre el 2019 y junio del 2023, al menos 1,696 quejas de personas privadas de libertad, sus familiares y [&hellip;]<\/p>\n","protected":false},"author":2,"featured_media":1899,"comment_status":"closed","ping_status":"closed","sticky":false,"template":"","format":"standard","meta":{"saved_in_kubio":false,"_themeisle_gutenberg_block_has_review":false,"_kadence_starter_templates_imported_post":false,"footnotes":""},"categories":[1],"tags":[],"class_list":["post-1897","post","type-post","status-publish","format-standard","has-post-thumbnail","hentry","category-uncategorized"],"_links":{"self":[{"href":"https:\/\/conadeh.hn\/index.php?rest_route=\/wp\/v2\/posts\/1897","targetHints":{"allow":["GET"]}}],"collection":[{"href":"https:\/\/conadeh.hn\/index.php?rest_route=\/wp\/v2\/posts"}],"about":[{"href":"https:\/\/conadeh.hn\/index.php?rest_route=\/wp\/v2\/types\/post"}],"author":[{"embeddable":true,"href":"https:\/\/conadeh.hn\/index.php?rest_route=\/wp\/v2\/users\/2"}],"replies":[{"embeddable":true,"href":"https:\/\/conadeh.hn\/index.php?rest_route=%2Fwp%2Fv2%2Fcomments&post=1897"}],"version-history":[{"count":4,"href":"https:\/\/conadeh.hn\/index.php?rest_route=\/wp\/v2\/posts\/1897\/revisions"}],"predecessor-version":[{"id":1902,"href":"https:\/\/conadeh.hn\/index.php?rest_route=\/wp\/v2\/posts\/1897\/revisions\/1902"}],"wp:featuredmedia":[{"embeddable":true,"href":"https:\/\/conadeh.hn\/index.php?rest_route=\/wp\/v2\/media\/1899"}],"wp:attachment":[{"href":"https:\/\/conadeh.hn\/index.php?rest_route=%2Fwp%2Fv2%2Fmedia&parent=1897"}],"wp:term":[{"taxonomy":"category","embeddable":true,"href":"https:\/\/conadeh.hn\/index.php?rest_route=%2Fwp%2Fv2%2Fcategories&post=1897"},{"taxonomy":"post_tag","embeddable":true,"href":"https:\/\/conadeh.hn\/index.php?rest_route=%2Fwp%2Fv2%2Ftags&post=1897"}],"curies":[{"name":"wp","href":"https:\/\/api.w.org\/{rel}","templated":true}]}}